
{"id":439,"date":"2011-12-20T00:00:00","date_gmt":"2011-12-19T23:00:00","guid":{"rendered":"http:\/\/blog.proclima.com\/ch\/?p=439"},"modified":"2012-01-25T12:14:55","modified_gmt":"2012-01-25T11:14:55","slug":"dieser-weihnachtsbaum-ist-feuchtevariabel-und-leuchtet-von-innen-der-intello-christbaum","status":"publish","type":"post","link":"https:\/\/blog.proclima.com\/ch\/2011\/12\/20\/dieser-weihnachtsbaum-ist-feuchtevariabel-und-leuchtet-von-innen-der-intello-christbaum\/","title":{"rendered":"Dieser Weihnachtsbaum ist feuchtevariabel und leuchtet von innen: Der Intello-Christbaum"},"content":{"rendered":"<p>[youtube B6peKazciS8]<\/p>\n<p>Dieser Weihnachtsbaum ist luftdicht und hat einen feuchtevariablen Diffusionswiderstand\u00a0 \u2013 der INTELLO-Weihnachtsbaum steht bei pro clima-Zentrale in Deutschland. Der bayerische Zimmermann Christian Stadler hat ihn\u00a0f\u00fcr pro clima kreiert.\u00a0 <a title=\"hier\" href=\"http:\/\/www.youtube.com\/watch?v=B6peKazciS8\">Hier<\/a> das Ergebnis auf <a href=\"http:\/\/www.youtube.com\/watch?v=B6peKazciS8\">youtube.<\/a> <!--more--><strong>Mehr zu<\/strong> <strong><a title=\"INTELLO\" href=\"http:\/\/ch.proclima.com\/co\/CH\/de\/intello_sys_ch.html\">INTELLO<\/a>, dem pro clima Hochleistungs-System f\u00fcr maximale Sicherheit \u2013 auch in bauphysikalisch anspruchsvollen Konstruktionen steht <a href=\"http:\/\/ch.proclima.com\/co\/CH\/de\/intello_sys_ch.html\">hier<\/a>.<\/strong><\/p>\n","protected":false},"excerpt":{"rendered":"<p>[youtube B6peKazciS8] Dieser Weihnachtsbaum ist luftdicht und hat einen feuchtevariablen Diffusionswiderstand\u00a0 \u2013 der INTELLO-Weihnachtsbaum steht bei pro clima-Zentrale in Deutschland. Der bayerische Zimmermann Christian Stadler <a href=\"https:\/\/blog.proclima.com\/ch\/2011\/12\/20\/dieser-weihnachtsbaum-ist-feuchtevariabel-und-leuchtet-von-innen-der-intello-christbaum\/\" rel=\"bookmark\">&#8230;<\/a><\/p>\n","protected":false},"author":18,"featured_media":0,"comment_status":"open","ping_status":"open","sticky":false,"template":"","format":"standard","meta":{"footnotes":""},"categories":[1],"tags":[58,172],"class_list":["post-439","post","type-post","status-publish","format-standard","hentry","category-allgemein","tag-intello","tag-weihnachtsbaum"],"yoast_head":"<!-- This site is optimized with the Yoast SEO plugin v27.5 - https:\/\/yoast.com\/product\/yoast-seo-wordpress\/ -->\n<title>Dieser Weihnachtsbaum ist feuchtevariabel und leuchtet von innen: Der Intello-Christbaum - pro clima Schweiz<\/title>\n<meta name=\"robots\" content=\"index, follow, max-snippet:-1, max-image-preview:large, max-video-preview:-1\" \/>\n<link rel=\"canonical\" href=\"https:\/\/blog.proclima.com\/ch\/2011\/12\/20\/dieser-weihnachtsbaum-ist-feuchtevariabel-und-leuchtet-von-innen-der-intello-christbaum\/\" \/>\n<meta property=\"og:locale\" content=\"de_DE\" \/>\n<meta property=\"og:type\" content=\"article\" \/>\n<meta property=\"og:title\" content=\"Dieser Weihnachtsbaum ist feuchtevariabel und leuchtet von innen: Der Intello-Christbaum - pro clima Schweiz\" \/>\n<meta property=\"og:description\" content=\"[youtube B6peKazciS8] Dieser Weihnachtsbaum ist luftdicht und hat einen feuchtevariablen Diffusionswiderstand\u00a0 \u2013 der INTELLO-Weihnachtsbaum steht bei pro clima-Zentrale in Deutschland. Der bayerische Zimmermann Christian Stadler ...\" \/>\n<meta property=\"og:url\" content=\"https:\/\/blog.proclima.com\/ch\/2011\/12\/20\/dieser-weihnachtsbaum-ist-feuchtevariabel-und-leuchtet-von-innen-der-intello-christbaum\/\" \/>\n<meta property=\"og:site_name\" content=\"pro clima Schweiz\" \/>\n<meta property=\"article:published_time\" content=\"2011-12-19T23:00:00+00:00\" \/>\n<meta property=\"article:modified_time\" content=\"2012-01-25T11:14:55+00:00\" \/>\n<meta name=\"author\" content=\"Heide Merkel\" \/>\n<meta name=\"twitter:card\" content=\"summary_large_image\" \/>\n<meta name=\"twitter:label1\" content=\"Verfasst von\" \/>\n\t<meta name=\"twitter:data1\" content=\"Heide Merkel\" \/>\n<script type=\"application\/ld+json\" class=\"yoast-schema-graph\">{\"@context\":\"https:\\\/\\\/schema.org\",\"@graph\":[{\"@type\":\"Article\",\"@id\":\"https:\\\/\\\/blog.proclima.com\\\/ch\\\/2011\\\/12\\\/20\\\/dieser-weihnachtsbaum-ist-feuchtevariabel-und-leuchtet-von-innen-der-intello-christbaum\\\/#article\",\"isPartOf\":{\"@id\":\"https:\\\/\\\/blog.proclima.com\\\/ch\\\/2011\\\/12\\\/20\\\/dieser-weihnachtsbaum-ist-feuchtevariabel-und-leuchtet-von-innen-der-intello-christbaum\\\/\"},\"author\":{\"name\":\"Heide Merkel\",\"@id\":\"https:\\\/\\\/blog.proclima.com\\\/ch\\\/#\\\/schema\\\/person\\\/b3490e20200d5d45b8d56f555ceffc21\"},\"headline\":\"Dieser Weihnachtsbaum ist feuchtevariabel und leuchtet von innen: Der Intello-Christbaum\",\"datePublished\":\"2011-12-19T23:00:00+00:00\",\"dateModified\":\"2012-01-25T11:14:55+00:00\",\"mainEntityOfPage\":{\"@id\":\"https:\\\/\\\/blog.proclima.com\\\/ch\\\/2011\\\/12\\\/20\\\/dieser-weihnachtsbaum-ist-feuchtevariabel-und-leuchtet-von-innen-der-intello-christbaum\\\/\"},\"wordCount\":65,\"commentCount\":0,\"publisher\":{\"@id\":\"https:\\\/\\\/blog.proclima.com\\\/ch\\\/#organization\"},\"keywords\":[\"intello\",\"Weihnachtsbaum\"],\"inLanguage\":\"de\",\"potentialAction\":[{\"@type\":\"CommentAction\",\"name\":\"Comment\",\"target\":[\"https:\\\/\\\/blog.proclima.com\\\/ch\\\/2011\\\/12\\\/20\\\/dieser-weihnachtsbaum-ist-feuchtevariabel-und-leuchtet-von-innen-der-intello-christbaum\\\/#respond\"]}]},{\"@type\":\"WebPage\",\"@id\":\"https:\\\/\\\/blog.proclima.com\\\/ch\\\/2011\\\/12\\\/20\\\/dieser-weihnachtsbaum-ist-feuchtevariabel-und-leuchtet-von-innen-der-intello-christbaum\\\/\",\"url\":\"https:\\\/\\\/blog.proclima.com\\\/ch\\\/2011\\\/12\\\/20\\\/dieser-weihnachtsbaum-ist-feuchtevariabel-und-leuchtet-von-innen-der-intello-christbaum\\\/\",\"name\":\"Dieser Weihnachtsbaum ist feuchtevariabel und leuchtet von innen: Der Intello-Christbaum - pro clima Schweiz\",\"isPartOf\":{\"@id\":\"https:\\\/\\\/blog.proclima.com\\\/ch\\\/#website\"},\"datePublished\":\"2011-12-19T23:00:00+00:00\",\"dateModified\":\"2012-01-25T11:14:55+00:00\",\"breadcrumb\":{\"@id\":\"https:\\\/\\\/blog.proclima.com\\\/ch\\\/2011\\\/12\\\/20\\\/dieser-weihnachtsbaum-ist-feuchtevariabel-und-leuchtet-von-innen-der-intello-christbaum\\\/#breadcrumb\"},\"inLanguage\":\"de\",\"potentialAction\":[{\"@type\":\"ReadAction\",\"target\":[\"https:\\\/\\\/blog.proclima.com\\\/ch\\\/2011\\\/12\\\/20\\\/dieser-weihnachtsbaum-ist-feuchtevariabel-und-leuchtet-von-innen-der-intello-christbaum\\\/\"]}]},{\"@type\":\"BreadcrumbList\",\"@id\":\"https:\\\/\\\/blog.proclima.com\\\/ch\\\/2011\\\/12\\\/20\\\/dieser-weihnachtsbaum-ist-feuchtevariabel-und-leuchtet-von-innen-der-intello-christbaum\\\/#breadcrumb\",\"itemListElement\":[{\"@type\":\"ListItem\",\"position\":1,\"name\":\"Startseite\",\"item\":\"https:\\\/\\\/blog.proclima.com\\\/ch\\\/\"},{\"@type\":\"ListItem\",\"position\":2,\"name\":\"Dieser Weihnachtsbaum ist feuchtevariabel und leuchtet von innen: Der Intello-Christbaum\"}]},{\"@type\":\"WebSite\",\"@id\":\"https:\\\/\\\/blog.proclima.com\\\/ch\\\/#website\",\"url\":\"https:\\\/\\\/blog.proclima.com\\\/ch\\\/\",\"name\":\"pro clima Schweiz\",\"description\":\"das Blog\",\"publisher\":{\"@id\":\"https:\\\/\\\/blog.proclima.com\\\/ch\\\/#organization\"},\"potentialAction\":[{\"@type\":\"SearchAction\",\"target\":{\"@type\":\"EntryPoint\",\"urlTemplate\":\"https:\\\/\\\/blog.proclima.com\\\/ch\\\/?s={search_term_string}\"},\"query-input\":{\"@type\":\"PropertyValueSpecification\",\"valueRequired\":true,\"valueName\":\"search_term_string\"}}],\"inLanguage\":\"de\"},{\"@type\":\"Organization\",\"@id\":\"https:\\\/\\\/blog.proclima.com\\\/ch\\\/#organization\",\"name\":\"pro clima Schweiz\",\"url\":\"https:\\\/\\\/blog.proclima.com\\\/ch\\\/\",\"logo\":{\"@type\":\"ImageObject\",\"inLanguage\":\"de\",\"@id\":\"https:\\\/\\\/blog.proclima.com\\\/ch\\\/#\\\/schema\\\/logo\\\/image\\\/\",\"url\":\"https:\\\/\\\/blog.proclima.com\\\/ch\\\/files\\\/2025\\\/12\\\/logo_proclima_quadrat.png\",\"contentUrl\":\"https:\\\/\\\/blog.proclima.com\\\/ch\\\/files\\\/2025\\\/12\\\/logo_proclima_quadrat.png\",\"width\":1200,\"height\":1200,\"caption\":\"pro clima Schweiz\"},\"image\":{\"@id\":\"https:\\\/\\\/blog.proclima.com\\\/ch\\\/#\\\/schema\\\/logo\\\/image\\\/\"}},{\"@type\":\"Person\",\"@id\":\"https:\\\/\\\/blog.proclima.com\\\/ch\\\/#\\\/schema\\\/person\\\/b3490e20200d5d45b8d56f555ceffc21\",\"name\":\"Heide Merkel\",\"image\":{\"@type\":\"ImageObject\",\"inLanguage\":\"de\",\"@id\":\"https:\\\/\\\/secure.gravatar.com\\\/avatar\\\/a4a1c909701780173c0b7a635fb539f21128c8d654b77311c92e724657788582?s=96&d=blank&r=g\",\"url\":\"https:\\\/\\\/secure.gravatar.com\\\/avatar\\\/a4a1c909701780173c0b7a635fb539f21128c8d654b77311c92e724657788582?s=96&d=blank&r=g\",\"contentUrl\":\"https:\\\/\\\/secure.gravatar.com\\\/avatar\\\/a4a1c909701780173c0b7a635fb539f21128c8d654b77311c92e724657788582?s=96&d=blank&r=g\",\"caption\":\"Heide Merkel\"},\"description\":\"Fachjournalistin, Referentin, Steuerung Presse &amp; Digitale Medien bei Moll bau\u00f6kologische Produkte GmbH (pro clima). Als Japanologin und ausgebildete Redakteurin ist Heide eher zuf\u00e4llig in der Baubranche gelandet. Seit 2011 arbeitet sie f\u00fcr pro clima. Ihr Wissen zu effektiver Kommunikation gibt sie in Seminaren, Artikeln und Vortr\u00e4gen weiter. F\u00fcr den pro clima Blog, proclima.tv und das pro clima Bauradio interviewt sie interessante Menschen aus der Baubranche. Auf\u00a0 luftdichtheit-gepr\u00fcft.de bloggt Heide \u00fcber Leckagen, Luftdichtung und Qualit\u00e4ts\u00fcberpr\u00fcfung mit Blower-Door-Tests. Ihre Freizeit verbringt sie u.a. in den Vogesen, wo sie seit mehr als f\u00fcnf Jahren ein altes Bauernhaus saniert. Ihr neuestes Projekt:\u00a0 www.besser-als-marketing.de Hier gibt es Tipps, wie Unternehmen in der Baubranche ihre Sichtbarkeit erh\u00f6hen k\u00f6nnen. Die ersten Videos sind bereits online im Youtube Channel Wer mehr \u00fcber Heide Merkel erfahren m\u00f6chte, findet sie auf den g\u00e4ngigen Social Media Plattformen.\",\"url\":\"https:\\\/\\\/blog.proclima.com\\\/ch\\\/author\\\/gentner\\\/\"}]}<\/script>\n<!-- \/ Yoast SEO plugin. -->","yoast_head_json":{"title":"Dieser Weihnachtsbaum ist feuchtevariabel und leuchtet von innen: Der Intello-Christbaum - pro clima Schweiz","robots":{"index":"index","follow":"follow","max-snippet":"max-snippet:-1","max-image-preview":"max-image-preview:large","max-video-preview":"max-video-preview:-1"},"canonical":"https:\/\/blog.proclima.com\/ch\/2011\/12\/20\/dieser-weihnachtsbaum-ist-feuchtevariabel-und-leuchtet-von-innen-der-intello-christbaum\/","og_locale":"de_DE","og_type":"article","og_title":"Dieser Weihnachtsbaum ist feuchtevariabel und leuchtet von innen: Der Intello-Christbaum - pro clima Schweiz","og_description":"[youtube B6peKazciS8] Dieser Weihnachtsbaum ist luftdicht und hat einen feuchtevariablen Diffusionswiderstand\u00a0 \u2013 der INTELLO-Weihnachtsbaum steht bei pro clima-Zentrale in Deutschland. Der bayerische Zimmermann Christian Stadler ...","og_url":"https:\/\/blog.proclima.com\/ch\/2011\/12\/20\/dieser-weihnachtsbaum-ist-feuchtevariabel-und-leuchtet-von-innen-der-intello-christbaum\/","og_site_name":"pro clima Schweiz","article_published_time":"2011-12-19T23:00:00+00:00","article_modified_time":"2012-01-25T11:14:55+00:00","author":"Heide Merkel","twitter_card":"summary_large_image","twitter_misc":{"Verfasst von":"Heide Merkel"},"schema":{"@context":"https:\/\/schema.org","@graph":[{"@type":"Article","@id":"https:\/\/blog.proclima.com\/ch\/2011\/12\/20\/dieser-weihnachtsbaum-ist-feuchtevariabel-und-leuchtet-von-innen-der-intello-christbaum\/#article","isPartOf":{"@id":"https:\/\/blog.proclima.com\/ch\/2011\/12\/20\/dieser-weihnachtsbaum-ist-feuchtevariabel-und-leuchtet-von-innen-der-intello-christbaum\/"},"author":{"name":"Heide Merkel","@id":"https:\/\/blog.proclima.com\/ch\/#\/schema\/person\/b3490e20200d5d45b8d56f555ceffc21"},"headline":"Dieser Weihnachtsbaum ist feuchtevariabel und leuchtet von innen: Der Intello-Christbaum","datePublished":"2011-12-19T23:00:00+00:00","dateModified":"2012-01-25T11:14:55+00:00","mainEntityOfPage":{"@id":"https:\/\/blog.proclima.com\/ch\/2011\/12\/20\/dieser-weihnachtsbaum-ist-feuchtevariabel-und-leuchtet-von-innen-der-intello-christbaum\/"},"wordCount":65,"commentCount":0,"publisher":{"@id":"https:\/\/blog.proclima.com\/ch\/#organization"},"keywords":["intello","Weihnachtsbaum"],"inLanguage":"de","potentialAction":[{"@type":"CommentAction","name":"Comment","target":["https:\/\/blog.proclima.com\/ch\/2011\/12\/20\/dieser-weihnachtsbaum-ist-feuchtevariabel-und-leuchtet-von-innen-der-intello-christbaum\/#respond"]}]},{"@type":"WebPage","@id":"https:\/\/blog.proclima.com\/ch\/2011\/12\/20\/dieser-weihnachtsbaum-ist-feuchtevariabel-und-leuchtet-von-innen-der-intello-christbaum\/","url":"https:\/\/blog.proclima.com\/ch\/2011\/12\/20\/dieser-weihnachtsbaum-ist-feuchtevariabel-und-leuchtet-von-innen-der-intello-christbaum\/","name":"Dieser Weihnachtsbaum ist feuchtevariabel und leuchtet von innen: Der Intello-Christbaum - pro clima Schweiz","isPartOf":{"@id":"https:\/\/blog.proclima.com\/ch\/#website"},"datePublished":"2011-12-19T23:00:00+00:00","dateModified":"2012-01-25T11:14:55+00:00","breadcrumb":{"@id":"https:\/\/blog.proclima.com\/ch\/2011\/12\/20\/dieser-weihnachtsbaum-ist-feuchtevariabel-und-leuchtet-von-innen-der-intello-christbaum\/#breadcrumb"},"inLanguage":"de","potentialAction":[{"@type":"ReadAction","target":["https:\/\/blog.proclima.com\/ch\/2011\/12\/20\/dieser-weihnachtsbaum-ist-feuchtevariabel-und-leuchtet-von-innen-der-intello-christbaum\/"]}]},{"@type":"BreadcrumbList","@id":"https:\/\/blog.proclima.com\/ch\/2011\/12\/20\/dieser-weihnachtsbaum-ist-feuchtevariabel-und-leuchtet-von-innen-der-intello-christbaum\/#breadcrumb","itemListElement":[{"@type":"ListItem","position":1,"name":"Startseite","item":"https:\/\/blog.proclima.com\/ch\/"},{"@type":"ListItem","position":2,"name":"Dieser Weihnachtsbaum ist feuchtevariabel und leuchtet von innen: Der Intello-Christbaum"}]},{"@type":"WebSite","@id":"https:\/\/blog.proclima.com\/ch\/#website","url":"https:\/\/blog.proclima.com\/ch\/","name":"pro clima Schweiz","description":"das Blog","publisher":{"@id":"https:\/\/blog.proclima.com\/ch\/#organization"},"potentialAction":[{"@type":"SearchAction","target":{"@type":"EntryPoint","urlTemplate":"https:\/\/blog.proclima.com\/ch\/?s={search_term_string}"},"query-input":{"@type":"PropertyValueSpecification","valueRequired":true,"valueName":"search_term_string"}}],"inLanguage":"de"},{"@type":"Organization","@id":"https:\/\/blog.proclima.com\/ch\/#organization","name":"pro clima Schweiz","url":"https:\/\/blog.proclima.com\/ch\/","logo":{"@type":"ImageObject","inLanguage":"de","@id":"https:\/\/blog.proclima.com\/ch\/#\/schema\/logo\/image\/","url":"https:\/\/blog.proclima.com\/ch\/files\/2025\/12\/logo_proclima_quadrat.png","contentUrl":"https:\/\/blog.proclima.com\/ch\/files\/2025\/12\/logo_proclima_quadrat.png","width":1200,"height":1200,"caption":"pro clima Schweiz"},"image":{"@id":"https:\/\/blog.proclima.com\/ch\/#\/schema\/logo\/image\/"}},{"@type":"Person","@id":"https:\/\/blog.proclima.com\/ch\/#\/schema\/person\/b3490e20200d5d45b8d56f555ceffc21","name":"Heide Merkel","image":{"@type":"ImageObject","inLanguage":"de","@id":"https:\/\/secure.gravatar.com\/avatar\/a4a1c909701780173c0b7a635fb539f21128c8d654b77311c92e724657788582?s=96&d=blank&r=g","url":"https:\/\/secure.gravatar.com\/avatar\/a4a1c909701780173c0b7a635fb539f21128c8d654b77311c92e724657788582?s=96&d=blank&r=g","contentUrl":"https:\/\/secure.gravatar.com\/avatar\/a4a1c909701780173c0b7a635fb539f21128c8d654b77311c92e724657788582?s=96&d=blank&r=g","caption":"Heide Merkel"},"description":"Fachjournalistin, Referentin, Steuerung Presse &amp; Digitale Medien bei Moll bau\u00f6kologische Produkte GmbH (pro clima). Als Japanologin und ausgebildete Redakteurin ist Heide eher zuf\u00e4llig in der Baubranche gelandet. Seit 2011 arbeitet sie f\u00fcr pro clima. Ihr Wissen zu effektiver Kommunikation gibt sie in Seminaren, Artikeln und Vortr\u00e4gen weiter. F\u00fcr den pro clima Blog, proclima.tv und das pro clima Bauradio interviewt sie interessante Menschen aus der Baubranche. Auf\u00a0 luftdichtheit-gepr\u00fcft.de bloggt Heide \u00fcber Leckagen, Luftdichtung und Qualit\u00e4ts\u00fcberpr\u00fcfung mit Blower-Door-Tests. Ihre Freizeit verbringt sie u.a. in den Vogesen, wo sie seit mehr als f\u00fcnf Jahren ein altes Bauernhaus saniert. Ihr neuestes Projekt:\u00a0 www.besser-als-marketing.de Hier gibt es Tipps, wie Unternehmen in der Baubranche ihre Sichtbarkeit erh\u00f6hen k\u00f6nnen. Die ersten Videos sind bereits online im Youtube Channel Wer mehr \u00fcber Heide Merkel erfahren m\u00f6chte, findet sie auf den g\u00e4ngigen Social Media Plattformen.","url":"https:\/\/blog.proclima.com\/ch\/author\/gentner\/"}]}},"_links":{"self":[{"href":"https:\/\/blog.proclima.com\/ch\/wp-json\/wp\/v2\/posts\/439","targetHints":{"allow":["GET"]}}],"collection":[{"href":"https:\/\/blog.proclima.com\/ch\/wp-json\/wp\/v2\/posts"}],"about":[{"href":"https:\/\/blog.proclima.com\/ch\/wp-json\/wp\/v2\/types\/post"}],"author":[{"embeddable":true,"href":"https:\/\/blog.proclima.com\/ch\/wp-json\/wp\/v2\/users\/18"}],"replies":[{"embeddable":true,"href":"https:\/\/blog.proclima.com\/ch\/wp-json\/wp\/v2\/comments?post=439"}],"version-history":[{"count":13,"href":"https:\/\/blog.proclima.com\/ch\/wp-json\/wp\/v2\/posts\/439\/revisions"}],"predecessor-version":[{"id":462,"href":"https:\/\/blog.proclima.com\/ch\/wp-json\/wp\/v2\/posts\/439\/revisions\/462"}],"wp:attachment":[{"href":"https:\/\/blog.proclima.com\/ch\/wp-json\/wp\/v2\/media?parent=439"}],"wp:term":[{"taxonomy":"category","embeddable":true,"href":"https:\/\/blog.proclima.com\/ch\/wp-json\/wp\/v2\/categories?post=439"},{"taxonomy":"post_tag","embeddable":true,"href":"https:\/\/blog.proclima.com\/ch\/wp-json\/wp\/v2\/tags?post=439"}],"curies":[{"name":"wp","href":"https:\/\/api.w.org\/{rel}","templated":true}]}}