
{"id":2736,"date":"2025-11-21T11:15:12","date_gmt":"2025-11-21T10:15:12","guid":{"rendered":"https:\/\/blog.proclima.com\/ch\/?p=2736"},"modified":"2025-11-21T11:17:46","modified_gmt":"2025-11-21T10:17:46","slug":"rueckblick-auf-die-holz-2025","status":"publish","type":"post","link":"https:\/\/blog.proclima.com\/ch\/2025\/11\/21\/rueckblick-auf-die-holz-2025\/","title":{"rendered":"R\u00fcckblick auf die HOLZ 2025"},"content":{"rendered":"\n<h2 class=\"wp-block-heading\">Innovationen, Austausch und starke Impulse f\u00fcr die Zukunft<\/h2>\n\n\n\n<p>F\u00fcnf Tage voller Inspiration, Fachgespr\u00e4che und handwerklicher Leidenschaft \u2013 unsere Teilnahme an der HOLZ 2025 in Basel war ein voller Erfolg. Als wichtigster Schweizer Branchentreffpunkt kamen in diesem Jahr vom 14. bis zum 18. Oktober mehr als 32.000 Fachleute aus dem Holzbau, Zimmereien und Schreinereien nach Basel, um an der Fachmesse teilzunehmen. Auch pro clima pr\u00e4sentierte wieder die neusten Produkte und Trends.<\/p>\n\n\n\n<p><strong>Der pro clima Stand: Produkte zum Anfassen, Gespr\u00e4che auf Augenh\u00f6he<\/strong><\/p>\n\n\n\n<p>Besonderes Highlight am pro clima Stand war das grosse Modell, an dem die Verarbeitung der Produkte anschaulich demonstriert wurde. Und auch das kleines Wassermodell der SOLITEX ADHERO VISTO erwies sich als echter Besuchermagnet \u2013 anschaulich, praxisnah und ein echter Hingucker.<\/p>\n\n\n\n<p>Des Weiteren waren die Themen vielf\u00e4ltig und das Interesse der Besucher war breit \u00fcber verschiedenste Bereiche gef\u00e4chert. So stiess das Thema Durchbruchsicherheit auf grosses Interesse regte viele vertiefende Gespr\u00e4che an. Des Weiteren standen die folgenden Produkte im Fokus:<\/p>\n\n\n\n<ul class=\"wp-block-list\">\n<li><strong>Vollfl\u00e4chig klebender, UV-stabiler Traufanschlussstreifen SOLTEMPA<\/strong><\/li>\n\n\n\n<li><strong>Mittelschwere verklebte Unter<\/strong><strong>dachbahn<\/strong><strong> mit Klebezonen SOLITEX QUANTHO 3000 connect<\/strong><\/li>\n\n\n\n<li><strong>Diffusionsoffene, <\/strong><strong>verschweissbare Unterdachbahn<\/strong><strong> SOLITEX WELDANO 3000<\/strong><\/li>\n\n\n\n<li><strong>Armierte Hydrosafe\u00ae Hochleistungs-Dampfbremse INTELLO PLUS<\/strong><\/li>\n\n\n\n<li><strong>Allround-Klebeband f\u00fcr innen und au<\/strong><strong>ss<\/strong><strong>en TESCON VANA<\/strong><\/li>\n<\/ul>\n\n\n\n<p>Die HOLZ 2025 hat eindrucksvoll gezeigt, wie lebendig und zukunftsorientiert die Branche ist. Die zahlreichen Gespr\u00e4che, das grosse Interesse an den pro clima L\u00f6sungen und die sp\u00fcrbare Begeisterung der Besucher best\u00e4rken uns darin, den Weg konsequent weiterzugehen: gemeinsam mit Handwerk, Planung und Industrie f\u00fcr nachhaltige, sichere und zukunftsorientierte Bauweisen.<\/p>\n\n\n\n<h2 class=\"wp-block-heading\">Impressionen vom pro clima Stand<\/h2>\n\n\n\n<figure class=\"wp-block-gallery has-nested-images columns-default is-cropped wp-block-gallery-1 is-layout-flex wp-block-gallery-is-layout-flex\">\n<figure class=\"wp-block-image size-large\"><a href=\"https:\/\/blog.proclima.com\/ch\/files\/2025\/11\/Holz-Messe-Basel-2025_1101-scaled.jpeg\"><img loading=\"lazy\" decoding=\"async\" width=\"768\" height=\"1024\" data-id=\"2743\" src=\"https:\/\/blog.proclima.com\/ch\/files\/2025\/11\/Holz-Messe-Basel-2025_1101-768x1024.jpeg\" alt=\"Messe HOLZ 2025 in Basel\" class=\"wp-image-2743\" srcset=\"https:\/\/blog.proclima.com\/ch\/files\/2025\/11\/Holz-Messe-Basel-2025_1101-768x1024.jpeg 768w, https:\/\/blog.proclima.com\/ch\/files\/2025\/11\/Holz-Messe-Basel-2025_1101-225x300.jpeg 225w, https:\/\/blog.proclima.com\/ch\/files\/2025\/11\/Holz-Messe-Basel-2025_1101-1152x1536.jpeg 1152w, https:\/\/blog.proclima.com\/ch\/files\/2025\/11\/Holz-Messe-Basel-2025_1101-1536x2048.jpeg 1536w, https:\/\/blog.proclima.com\/ch\/files\/2025\/11\/Holz-Messe-Basel-2025_1101-288x384.jpeg 288w, https:\/\/blog.proclima.com\/ch\/files\/2025\/11\/Holz-Messe-Basel-2025_1101-scaled.jpeg 1920w\" sizes=\"auto, (max-width: 768px) 100vw, 768px\" \/><\/a><\/figure>\n\n\n\n<figure class=\"wp-block-image size-large\"><a href=\"https:\/\/blog.proclima.com\/ch\/files\/2025\/11\/Holz-Messe-Basel-2025_1099-scaled.jpeg\"><img loading=\"lazy\" decoding=\"async\" width=\"768\" height=\"1024\" data-id=\"2741\" src=\"https:\/\/blog.proclima.com\/ch\/files\/2025\/11\/Holz-Messe-Basel-2025_1099-768x1024.jpeg\" alt=\"\" class=\"wp-image-2741\" srcset=\"https:\/\/blog.proclima.com\/ch\/files\/2025\/11\/Holz-Messe-Basel-2025_1099-768x1024.jpeg 768w, https:\/\/blog.proclima.com\/ch\/files\/2025\/11\/Holz-Messe-Basel-2025_1099-225x300.jpeg 225w, https:\/\/blog.proclima.com\/ch\/files\/2025\/11\/Holz-Messe-Basel-2025_1099-1152x1536.jpeg 1152w, https:\/\/blog.proclima.com\/ch\/files\/2025\/11\/Holz-Messe-Basel-2025_1099-1536x2048.jpeg 1536w, https:\/\/blog.proclima.com\/ch\/files\/2025\/11\/Holz-Messe-Basel-2025_1099-288x384.jpeg 288w, https:\/\/blog.proclima.com\/ch\/files\/2025\/11\/Holz-Messe-Basel-2025_1099-scaled.jpeg 1920w\" sizes=\"auto, (max-width: 768px) 100vw, 768px\" \/><\/a><\/figure>\n\n\n\n<figure class=\"wp-block-image size-large\"><a href=\"https:\/\/blog.proclima.com\/ch\/files\/2025\/11\/Holz-Messe-Basel-2025_1094-scaled.jpeg\"><img loading=\"lazy\" decoding=\"async\" width=\"768\" height=\"1024\" data-id=\"2742\" src=\"https:\/\/blog.proclima.com\/ch\/files\/2025\/11\/Holz-Messe-Basel-2025_1094-768x1024.jpeg\" alt=\"\" class=\"wp-image-2742\" srcset=\"https:\/\/blog.proclima.com\/ch\/files\/2025\/11\/Holz-Messe-Basel-2025_1094-768x1024.jpeg 768w, https:\/\/blog.proclima.com\/ch\/files\/2025\/11\/Holz-Messe-Basel-2025_1094-225x300.jpeg 225w, https:\/\/blog.proclima.com\/ch\/files\/2025\/11\/Holz-Messe-Basel-2025_1094-1152x1536.jpeg 1152w, https:\/\/blog.proclima.com\/ch\/files\/2025\/11\/Holz-Messe-Basel-2025_1094-1536x2048.jpeg 1536w, https:\/\/blog.proclima.com\/ch\/files\/2025\/11\/Holz-Messe-Basel-2025_1094-288x384.jpeg 288w, https:\/\/blog.proclima.com\/ch\/files\/2025\/11\/Holz-Messe-Basel-2025_1094-scaled.jpeg 1920w\" sizes=\"auto, (max-width: 768px) 100vw, 768px\" \/><\/a><\/figure>\n\n\n\n<figure class=\"wp-block-image size-large\"><a href=\"https:\/\/blog.proclima.com\/ch\/files\/2025\/11\/Holz-Messe-Basel-2025_0226-scaled.jpeg\"><img loading=\"lazy\" decoding=\"async\" width=\"768\" height=\"1024\" data-id=\"2740\" src=\"https:\/\/blog.proclima.com\/ch\/files\/2025\/11\/Holz-Messe-Basel-2025_0226-768x1024.jpeg\" alt=\"\" class=\"wp-image-2740\" srcset=\"https:\/\/blog.proclima.com\/ch\/files\/2025\/11\/Holz-Messe-Basel-2025_0226-768x1024.jpeg 768w, https:\/\/blog.proclima.com\/ch\/files\/2025\/11\/Holz-Messe-Basel-2025_0226-225x300.jpeg 225w, https:\/\/blog.proclima.com\/ch\/files\/2025\/11\/Holz-Messe-Basel-2025_0226-1152x1536.jpeg 1152w, https:\/\/blog.proclima.com\/ch\/files\/2025\/11\/Holz-Messe-Basel-2025_0226-1536x2048.jpeg 1536w, https:\/\/blog.proclima.com\/ch\/files\/2025\/11\/Holz-Messe-Basel-2025_0226-288x384.jpeg 288w, https:\/\/blog.proclima.com\/ch\/files\/2025\/11\/Holz-Messe-Basel-2025_0226-scaled.jpeg 1920w\" sizes=\"auto, (max-width: 768px) 100vw, 768px\" \/><\/a><\/figure>\n\n\n\n<figure class=\"wp-block-image size-large\"><a href=\"https:\/\/blog.proclima.com\/ch\/files\/2025\/11\/Holz-Messe-Basel-2025_1092-scaled.jpeg\"><img loading=\"lazy\" decoding=\"async\" width=\"1024\" height=\"768\" data-id=\"2744\" src=\"https:\/\/blog.proclima.com\/ch\/files\/2025\/11\/Holz-Messe-Basel-2025_1092-1024x768.jpeg\" alt=\"\" class=\"wp-image-2744\" srcset=\"https:\/\/blog.proclima.com\/ch\/files\/2025\/11\/Holz-Messe-Basel-2025_1092-1024x768.jpeg 1024w, https:\/\/blog.proclima.com\/ch\/files\/2025\/11\/Holz-Messe-Basel-2025_1092-300x225.jpeg 300w, https:\/\/blog.proclima.com\/ch\/files\/2025\/11\/Holz-Messe-Basel-2025_1092-768x576.jpeg 768w, https:\/\/blog.proclima.com\/ch\/files\/2025\/11\/Holz-Messe-Basel-2025_1092-1536x1152.jpeg 1536w, https:\/\/blog.proclima.com\/ch\/files\/2025\/11\/Holz-Messe-Basel-2025_1092-2048x1536.jpeg 2048w, https:\/\/blog.proclima.com\/ch\/files\/2025\/11\/Holz-Messe-Basel-2025_1092-384x288.jpeg 384w\" sizes=\"auto, (max-width: 1024px) 100vw, 1024px\" \/><\/a><\/figure>\n\n\n\n<figure class=\"wp-block-image size-large\"><a href=\"https:\/\/blog.proclima.com\/ch\/files\/2025\/11\/Holz-Messe-Basel-2025_0225-scaled.jpeg\"><img loading=\"lazy\" decoding=\"async\" width=\"768\" height=\"1024\" data-id=\"2739\" src=\"https:\/\/blog.proclima.com\/ch\/files\/2025\/11\/Holz-Messe-Basel-2025_0225-768x1024.jpeg\" alt=\"\" class=\"wp-image-2739\" srcset=\"https:\/\/blog.proclima.com\/ch\/files\/2025\/11\/Holz-Messe-Basel-2025_0225-768x1024.jpeg 768w, https:\/\/blog.proclima.com\/ch\/files\/2025\/11\/Holz-Messe-Basel-2025_0225-225x300.jpeg 225w, https:\/\/blog.proclima.com\/ch\/files\/2025\/11\/Holz-Messe-Basel-2025_0225-1152x1536.jpeg 1152w, https:\/\/blog.proclima.com\/ch\/files\/2025\/11\/Holz-Messe-Basel-2025_0225-1536x2048.jpeg 1536w, https:\/\/blog.proclima.com\/ch\/files\/2025\/11\/Holz-Messe-Basel-2025_0225-288x384.jpeg 288w, https:\/\/blog.proclima.com\/ch\/files\/2025\/11\/Holz-Messe-Basel-2025_0225-scaled.jpeg 1920w\" sizes=\"auto, (max-width: 768px) 100vw, 768px\" \/><\/a><\/figure>\n<\/figure>\n","protected":false},"excerpt":{"rendered":"<p>Innovationen, Austausch und starke Impulse f\u00fcr die Zukunft F\u00fcnf Tage voller Inspiration, Fachgespr\u00e4che und handwerklicher Leidenschaft \u2013 unsere Teilnahme an der HOLZ 2025 in Basel <a href=\"https:\/\/blog.proclima.com\/ch\/2025\/11\/21\/rueckblick-auf-die-holz-2025\/\" rel=\"bookmark\">&#8230;<\/a><\/p>\n","protected":false},"author":453,"featured_media":2737,"comment_status":"open","ping_status":"open","sticky":false,"template":"","format":"standard","meta":{"footnotes":""},"categories":[1,424,329,3,511,406,16,338],"tags":[118,537,8,220,542,51,604,474,605,342,454],"class_list":["post-2736","post","type-post","status-publish","format-standard","has-post-thumbnail","hentry","category-allgemein","category-bauphysik","category-pressemitteilung","category-pro-clima","category-proclima-suisse-francais","category-produkte","category-termine","category-veranstaltung","tag-anschlussdetails","tag-dampfbremsbahn","tag-gebaudehulle","tag-innendammung","tag-luftdicht-anschliessen-2","tag-luftdichtheit","tag-messe-holz","tag-modell","tag-networking","tag-pro-clima","tag-unterdachbahn"],"yoast_head":"<!-- This site is optimized with the Yoast SEO plugin v27.5 - https:\/\/yoast.com\/product\/yoast-seo-wordpress\/ -->\n<title>R\u00fcckblick auf die HOLZ 2025<\/title>\n<meta name=\"description\" content=\"Innovationen, Austausch und starke Impulse f\u00fcr die Zukunft. Auch pro clima pr\u00e4sentierte wieder die neusten Produkte und Trends.\" \/>\n<meta name=\"robots\" content=\"index, follow, max-snippet:-1, max-image-preview:large, max-video-preview:-1\" \/>\n<link rel=\"canonical\" href=\"https:\/\/blog.proclima.com\/ch\/2025\/11\/21\/rueckblick-auf-die-holz-2025\/\" \/>\n<meta property=\"og:locale\" content=\"de_DE\" \/>\n<meta property=\"og:type\" content=\"article\" \/>\n<meta property=\"og:title\" content=\"R\u00fcckblick auf die HOLZ 2025\" \/>\n<meta property=\"og:description\" content=\"Innovationen, Austausch und starke Impulse f\u00fcr die Zukunft. Auch pro clima pr\u00e4sentierte wieder die neusten Produkte und Trends.\" \/>\n<meta property=\"og:url\" content=\"https:\/\/blog.proclima.com\/ch\/2025\/11\/21\/rueckblick-auf-die-holz-2025\/\" \/>\n<meta property=\"og:site_name\" content=\"pro clima Schweiz\" \/>\n<meta property=\"article:published_time\" content=\"2025-11-21T10:15:12+00:00\" \/>\n<meta property=\"article:modified_time\" content=\"2025-11-21T10:17:46+00:00\" \/>\n<meta property=\"og:image\" content=\"https:\/\/blog.proclima.com\/ch\/files\/2025\/11\/Beitragsbild.png\" \/>\n\t<meta property=\"og:image:width\" content=\"656\" \/>\n\t<meta property=\"og:image:height\" content=\"325\" \/>\n\t<meta property=\"og:image:type\" content=\"image\/png\" \/>\n<meta name=\"author\" content=\"Friederike Remiorz\" \/>\n<meta name=\"twitter:card\" content=\"summary_large_image\" \/>\n<meta name=\"twitter:label1\" content=\"Verfasst von\" \/>\n\t<meta name=\"twitter:data1\" content=\"Friederike Remiorz\" \/>\n\t<meta name=\"twitter:label2\" content=\"Gesch\u00e4tzte Lesezeit\" \/>\n\t<meta name=\"twitter:data2\" content=\"3\u00a0Minuten\" \/>\n<script type=\"application\/ld+json\" class=\"yoast-schema-graph\">{\"@context\":\"https:\\\/\\\/schema.org\",\"@graph\":[{\"@type\":\"Article\",\"@id\":\"https:\\\/\\\/blog.proclima.com\\\/ch\\\/2025\\\/11\\\/21\\\/rueckblick-auf-die-holz-2025\\\/#article\",\"isPartOf\":{\"@id\":\"https:\\\/\\\/blog.proclima.com\\\/ch\\\/2025\\\/11\\\/21\\\/rueckblick-auf-die-holz-2025\\\/\"},\"author\":{\"name\":\"Friederike Remiorz\",\"@id\":\"https:\\\/\\\/blog.proclima.com\\\/ch\\\/#\\\/schema\\\/person\\\/c596ad1307bfc3dc78019a7338a86dc1\"},\"headline\":\"R\u00fcckblick auf die HOLZ 2025\",\"datePublished\":\"2025-11-21T10:15:12+00:00\",\"dateModified\":\"2025-11-21T10:17:46+00:00\",\"mainEntityOfPage\":{\"@id\":\"https:\\\/\\\/blog.proclima.com\\\/ch\\\/2025\\\/11\\\/21\\\/rueckblick-auf-die-holz-2025\\\/\"},\"wordCount\":259,\"commentCount\":0,\"publisher\":{\"@id\":\"https:\\\/\\\/blog.proclima.com\\\/ch\\\/#organization\"},\"image\":{\"@id\":\"https:\\\/\\\/blog.proclima.com\\\/ch\\\/2025\\\/11\\\/21\\\/rueckblick-auf-die-holz-2025\\\/#primaryimage\"},\"thumbnailUrl\":\"https:\\\/\\\/blog.proclima.com\\\/ch\\\/files\\\/2025\\\/11\\\/Beitragsbild.png\",\"keywords\":[\"Anschlussdetails\",\"Dampfbremsbahn\",\"Geb\u00e4udeh\u00fclle\",\"Innend\u00e4mmung\",\"luftdicht anschliessen\",\"Luftdichtheit\",\"Messe HOLZ\",\"Modell\",\"Networking\",\"pro clima\",\"Unterdachbahn\"],\"articleSection\":{\"1\":\"Bauphysik\",\"2\":\"Pressemitteilung\",\"3\":\"pro clima\",\"4\":\"pro clima Suisse\",\"5\":\"Produkte\",\"6\":\"Termine\",\"7\":\"Veranstaltung\"},\"inLanguage\":\"de\",\"potentialAction\":[{\"@type\":\"CommentAction\",\"name\":\"Comment\",\"target\":[\"https:\\\/\\\/blog.proclima.com\\\/ch\\\/2025\\\/11\\\/21\\\/rueckblick-auf-die-holz-2025\\\/#respond\"]}]},{\"@type\":\"WebPage\",\"@id\":\"https:\\\/\\\/blog.proclima.com\\\/ch\\\/2025\\\/11\\\/21\\\/rueckblick-auf-die-holz-2025\\\/\",\"url\":\"https:\\\/\\\/blog.proclima.com\\\/ch\\\/2025\\\/11\\\/21\\\/rueckblick-auf-die-holz-2025\\\/\",\"name\":\"R\u00fcckblick auf die HOLZ 2025\",\"isPartOf\":{\"@id\":\"https:\\\/\\\/blog.proclima.com\\\/ch\\\/#website\"},\"primaryImageOfPage\":{\"@id\":\"https:\\\/\\\/blog.proclima.com\\\/ch\\\/2025\\\/11\\\/21\\\/rueckblick-auf-die-holz-2025\\\/#primaryimage\"},\"image\":{\"@id\":\"https:\\\/\\\/blog.proclima.com\\\/ch\\\/2025\\\/11\\\/21\\\/rueckblick-auf-die-holz-2025\\\/#primaryimage\"},\"thumbnailUrl\":\"https:\\\/\\\/blog.proclima.com\\\/ch\\\/files\\\/2025\\\/11\\\/Beitragsbild.png\",\"datePublished\":\"2025-11-21T10:15:12+00:00\",\"dateModified\":\"2025-11-21T10:17:46+00:00\",\"description\":\"Innovationen, Austausch und starke Impulse f\u00fcr die Zukunft. Auch pro clima pr\u00e4sentierte wieder die neusten Produkte und Trends.\",\"breadcrumb\":{\"@id\":\"https:\\\/\\\/blog.proclima.com\\\/ch\\\/2025\\\/11\\\/21\\\/rueckblick-auf-die-holz-2025\\\/#breadcrumb\"},\"inLanguage\":\"de\",\"potentialAction\":[{\"@type\":\"ReadAction\",\"target\":[\"https:\\\/\\\/blog.proclima.com\\\/ch\\\/2025\\\/11\\\/21\\\/rueckblick-auf-die-holz-2025\\\/\"]}]},{\"@type\":\"ImageObject\",\"inLanguage\":\"de\",\"@id\":\"https:\\\/\\\/blog.proclima.com\\\/ch\\\/2025\\\/11\\\/21\\\/rueckblick-auf-die-holz-2025\\\/#primaryimage\",\"url\":\"https:\\\/\\\/blog.proclima.com\\\/ch\\\/files\\\/2025\\\/11\\\/Beitragsbild.png\",\"contentUrl\":\"https:\\\/\\\/blog.proclima.com\\\/ch\\\/files\\\/2025\\\/11\\\/Beitragsbild.png\",\"width\":656,\"height\":325,\"caption\":\"R\u00fcckblick auf die Messe HOLZ 2025\"},{\"@type\":\"BreadcrumbList\",\"@id\":\"https:\\\/\\\/blog.proclima.com\\\/ch\\\/2025\\\/11\\\/21\\\/rueckblick-auf-die-holz-2025\\\/#breadcrumb\",\"itemListElement\":[{\"@type\":\"ListItem\",\"position\":1,\"name\":\"Startseite\",\"item\":\"https:\\\/\\\/blog.proclima.com\\\/ch\\\/\"},{\"@type\":\"ListItem\",\"position\":2,\"name\":\"R\u00fcckblick auf die HOLZ 2025\"}]},{\"@type\":\"WebSite\",\"@id\":\"https:\\\/\\\/blog.proclima.com\\\/ch\\\/#website\",\"url\":\"https:\\\/\\\/blog.proclima.com\\\/ch\\\/\",\"name\":\"pro clima Schweiz\",\"description\":\"das Blog\",\"publisher\":{\"@id\":\"https:\\\/\\\/blog.proclima.com\\\/ch\\\/#organization\"},\"potentialAction\":[{\"@type\":\"SearchAction\",\"target\":{\"@type\":\"EntryPoint\",\"urlTemplate\":\"https:\\\/\\\/blog.proclima.com\\\/ch\\\/?s={search_term_string}\"},\"query-input\":{\"@type\":\"PropertyValueSpecification\",\"valueRequired\":true,\"valueName\":\"search_term_string\"}}],\"inLanguage\":\"de\"},{\"@type\":\"Organization\",\"@id\":\"https:\\\/\\\/blog.proclima.com\\\/ch\\\/#organization\",\"name\":\"pro clima Schweiz\",\"url\":\"https:\\\/\\\/blog.proclima.com\\\/ch\\\/\",\"logo\":{\"@type\":\"ImageObject\",\"inLanguage\":\"de\",\"@id\":\"https:\\\/\\\/blog.proclima.com\\\/ch\\\/#\\\/schema\\\/logo\\\/image\\\/\",\"url\":\"https:\\\/\\\/blog.proclima.com\\\/ch\\\/files\\\/2025\\\/12\\\/logo_proclima_quadrat.png\",\"contentUrl\":\"https:\\\/\\\/blog.proclima.com\\\/ch\\\/files\\\/2025\\\/12\\\/logo_proclima_quadrat.png\",\"width\":1200,\"height\":1200,\"caption\":\"pro clima Schweiz\"},\"image\":{\"@id\":\"https:\\\/\\\/blog.proclima.com\\\/ch\\\/#\\\/schema\\\/logo\\\/image\\\/\"}},{\"@type\":\"Person\",\"@id\":\"https:\\\/\\\/blog.proclima.com\\\/ch\\\/#\\\/schema\\\/person\\\/c596ad1307bfc3dc78019a7338a86dc1\",\"name\":\"Friederike Remiorz\",\"image\":{\"@type\":\"ImageObject\",\"inLanguage\":\"de\",\"@id\":\"https:\\\/\\\/secure.gravatar.com\\\/avatar\\\/13eadf8ced2eee77912eb13af44d24acde3371399e5a71e5a713ec619c9ed59e?s=96&d=blank&r=g\",\"url\":\"https:\\\/\\\/secure.gravatar.com\\\/avatar\\\/13eadf8ced2eee77912eb13af44d24acde3371399e5a71e5a713ec619c9ed59e?s=96&d=blank&r=g\",\"contentUrl\":\"https:\\\/\\\/secure.gravatar.com\\\/avatar\\\/13eadf8ced2eee77912eb13af44d24acde3371399e5a71e5a713ec619c9ed59e?s=96&d=blank&r=g\",\"caption\":\"Friederike Remiorz\"},\"url\":\"https:\\\/\\\/blog.proclima.com\\\/ch\\\/author\\\/remiorz\\\/\"}]}<\/script>\n<!-- \/ Yoast SEO plugin. -->","yoast_head_json":{"title":"R\u00fcckblick auf die HOLZ 2025","description":"Innovationen, Austausch und starke Impulse f\u00fcr die Zukunft. Auch pro clima pr\u00e4sentierte wieder die neusten Produkte und Trends.","robots":{"index":"index","follow":"follow","max-snippet":"max-snippet:-1","max-image-preview":"max-image-preview:large","max-video-preview":"max-video-preview:-1"},"canonical":"https:\/\/blog.proclima.com\/ch\/2025\/11\/21\/rueckblick-auf-die-holz-2025\/","og_locale":"de_DE","og_type":"article","og_title":"R\u00fcckblick auf die HOLZ 2025","og_description":"Innovationen, Austausch und starke Impulse f\u00fcr die Zukunft. Auch pro clima pr\u00e4sentierte wieder die neusten Produkte und Trends.","og_url":"https:\/\/blog.proclima.com\/ch\/2025\/11\/21\/rueckblick-auf-die-holz-2025\/","og_site_name":"pro clima Schweiz","article_published_time":"2025-11-21T10:15:12+00:00","article_modified_time":"2025-11-21T10:17:46+00:00","og_image":[{"width":656,"height":325,"url":"https:\/\/blog.proclima.com\/ch\/files\/2025\/11\/Beitragsbild.png","type":"image\/png"}],"author":"Friederike Remiorz","twitter_card":"summary_large_image","twitter_misc":{"Verfasst von":"Friederike Remiorz","Gesch\u00e4tzte Lesezeit":"3\u00a0Minuten"},"schema":{"@context":"https:\/\/schema.org","@graph":[{"@type":"Article","@id":"https:\/\/blog.proclima.com\/ch\/2025\/11\/21\/rueckblick-auf-die-holz-2025\/#article","isPartOf":{"@id":"https:\/\/blog.proclima.com\/ch\/2025\/11\/21\/rueckblick-auf-die-holz-2025\/"},"author":{"name":"Friederike Remiorz","@id":"https:\/\/blog.proclima.com\/ch\/#\/schema\/person\/c596ad1307bfc3dc78019a7338a86dc1"},"headline":"R\u00fcckblick auf die HOLZ 2025","datePublished":"2025-11-21T10:15:12+00:00","dateModified":"2025-11-21T10:17:46+00:00","mainEntityOfPage":{"@id":"https:\/\/blog.proclima.com\/ch\/2025\/11\/21\/rueckblick-auf-die-holz-2025\/"},"wordCount":259,"commentCount":0,"publisher":{"@id":"https:\/\/blog.proclima.com\/ch\/#organization"},"image":{"@id":"https:\/\/blog.proclima.com\/ch\/2025\/11\/21\/rueckblick-auf-die-holz-2025\/#primaryimage"},"thumbnailUrl":"https:\/\/blog.proclima.com\/ch\/files\/2025\/11\/Beitragsbild.png","keywords":["Anschlussdetails","Dampfbremsbahn","Geb\u00e4udeh\u00fclle","Innend\u00e4mmung","luftdicht anschliessen","Luftdichtheit","Messe HOLZ","Modell","Networking","pro clima","Unterdachbahn"],"articleSection":{"1":"Bauphysik","2":"Pressemitteilung","3":"pro clima","4":"pro clima Suisse","5":"Produkte","6":"Termine","7":"Veranstaltung"},"inLanguage":"de","potentialAction":[{"@type":"CommentAction","name":"Comment","target":["https:\/\/blog.proclima.com\/ch\/2025\/11\/21\/rueckblick-auf-die-holz-2025\/#respond"]}]},{"@type":"WebPage","@id":"https:\/\/blog.proclima.com\/ch\/2025\/11\/21\/rueckblick-auf-die-holz-2025\/","url":"https:\/\/blog.proclima.com\/ch\/2025\/11\/21\/rueckblick-auf-die-holz-2025\/","name":"R\u00fcckblick auf die HOLZ 2025","isPartOf":{"@id":"https:\/\/blog.proclima.com\/ch\/#website"},"primaryImageOfPage":{"@id":"https:\/\/blog.proclima.com\/ch\/2025\/11\/21\/rueckblick-auf-die-holz-2025\/#primaryimage"},"image":{"@id":"https:\/\/blog.proclima.com\/ch\/2025\/11\/21\/rueckblick-auf-die-holz-2025\/#primaryimage"},"thumbnailUrl":"https:\/\/blog.proclima.com\/ch\/files\/2025\/11\/Beitragsbild.png","datePublished":"2025-11-21T10:15:12+00:00","dateModified":"2025-11-21T10:17:46+00:00","description":"Innovationen, Austausch und starke Impulse f\u00fcr die Zukunft. Auch pro clima pr\u00e4sentierte wieder die neusten Produkte und Trends.","breadcrumb":{"@id":"https:\/\/blog.proclima.com\/ch\/2025\/11\/21\/rueckblick-auf-die-holz-2025\/#breadcrumb"},"inLanguage":"de","potentialAction":[{"@type":"ReadAction","target":["https:\/\/blog.proclima.com\/ch\/2025\/11\/21\/rueckblick-auf-die-holz-2025\/"]}]},{"@type":"ImageObject","inLanguage":"de","@id":"https:\/\/blog.proclima.com\/ch\/2025\/11\/21\/rueckblick-auf-die-holz-2025\/#primaryimage","url":"https:\/\/blog.proclima.com\/ch\/files\/2025\/11\/Beitragsbild.png","contentUrl":"https:\/\/blog.proclima.com\/ch\/files\/2025\/11\/Beitragsbild.png","width":656,"height":325,"caption":"R\u00fcckblick auf die Messe HOLZ 2025"},{"@type":"BreadcrumbList","@id":"https:\/\/blog.proclima.com\/ch\/2025\/11\/21\/rueckblick-auf-die-holz-2025\/#breadcrumb","itemListElement":[{"@type":"ListItem","position":1,"name":"Startseite","item":"https:\/\/blog.proclima.com\/ch\/"},{"@type":"ListItem","position":2,"name":"R\u00fcckblick auf die HOLZ 2025"}]},{"@type":"WebSite","@id":"https:\/\/blog.proclima.com\/ch\/#website","url":"https:\/\/blog.proclima.com\/ch\/","name":"pro clima Schweiz","description":"das Blog","publisher":{"@id":"https:\/\/blog.proclima.com\/ch\/#organization"},"potentialAction":[{"@type":"SearchAction","target":{"@type":"EntryPoint","urlTemplate":"https:\/\/blog.proclima.com\/ch\/?s={search_term_string}"},"query-input":{"@type":"PropertyValueSpecification","valueRequired":true,"valueName":"search_term_string"}}],"inLanguage":"de"},{"@type":"Organization","@id":"https:\/\/blog.proclima.com\/ch\/#organization","name":"pro clima Schweiz","url":"https:\/\/blog.proclima.com\/ch\/","logo":{"@type":"ImageObject","inLanguage":"de","@id":"https:\/\/blog.proclima.com\/ch\/#\/schema\/logo\/image\/","url":"https:\/\/blog.proclima.com\/ch\/files\/2025\/12\/logo_proclima_quadrat.png","contentUrl":"https:\/\/blog.proclima.com\/ch\/files\/2025\/12\/logo_proclima_quadrat.png","width":1200,"height":1200,"caption":"pro clima Schweiz"},"image":{"@id":"https:\/\/blog.proclima.com\/ch\/#\/schema\/logo\/image\/"}},{"@type":"Person","@id":"https:\/\/blog.proclima.com\/ch\/#\/schema\/person\/c596ad1307bfc3dc78019a7338a86dc1","name":"Friederike Remiorz","image":{"@type":"ImageObject","inLanguage":"de","@id":"https:\/\/secure.gravatar.com\/avatar\/13eadf8ced2eee77912eb13af44d24acde3371399e5a71e5a713ec619c9ed59e?s=96&d=blank&r=g","url":"https:\/\/secure.gravatar.com\/avatar\/13eadf8ced2eee77912eb13af44d24acde3371399e5a71e5a713ec619c9ed59e?s=96&d=blank&r=g","contentUrl":"https:\/\/secure.gravatar.com\/avatar\/13eadf8ced2eee77912eb13af44d24acde3371399e5a71e5a713ec619c9ed59e?s=96&d=blank&r=g","caption":"Friederike Remiorz"},"url":"https:\/\/blog.proclima.com\/ch\/author\/remiorz\/"}]}},"_links":{"self":[{"href":"https:\/\/blog.proclima.com\/ch\/wp-json\/wp\/v2\/posts\/2736","targetHints":{"allow":["GET"]}}],"collection":[{"href":"https:\/\/blog.proclima.com\/ch\/wp-json\/wp\/v2\/posts"}],"about":[{"href":"https:\/\/blog.proclima.com\/ch\/wp-json\/wp\/v2\/types\/post"}],"author":[{"embeddable":true,"href":"https:\/\/blog.proclima.com\/ch\/wp-json\/wp\/v2\/users\/453"}],"replies":[{"embeddable":true,"href":"https:\/\/blog.proclima.com\/ch\/wp-json\/wp\/v2\/comments?post=2736"}],"version-history":[{"count":4,"href":"https:\/\/blog.proclima.com\/ch\/wp-json\/wp\/v2\/posts\/2736\/revisions"}],"predecessor-version":[{"id":2748,"href":"https:\/\/blog.proclima.com\/ch\/wp-json\/wp\/v2\/posts\/2736\/revisions\/2748"}],"wp:featuredmedia":[{"embeddable":true,"href":"https:\/\/blog.proclima.com\/ch\/wp-json\/wp\/v2\/media\/2737"}],"wp:attachment":[{"href":"https:\/\/blog.proclima.com\/ch\/wp-json\/wp\/v2\/media?parent=2736"}],"wp:term":[{"taxonomy":"category","embeddable":true,"href":"https:\/\/blog.proclima.com\/ch\/wp-json\/wp\/v2\/categories?post=2736"},{"taxonomy":"post_tag","embeddable":true,"href":"https:\/\/blog.proclima.com\/ch\/wp-json\/wp\/v2\/tags?post=2736"}],"curies":[{"name":"wp","href":"https:\/\/api.w.org\/{rel}","templated":true}]}}