
{"id":2723,"date":"2025-08-25T08:14:00","date_gmt":"2025-08-25T06:14:00","guid":{"rendered":"https:\/\/blog.proclima.com\/ch\/?p=2723"},"modified":"2025-07-21T11:47:01","modified_gmt":"2025-07-21T09:47:01","slug":"pro-clima-epds-bringen-nachhaltigkeit-und-transparenz","status":"publish","type":"post","link":"https:\/\/blog.proclima.com\/ch\/2025\/08\/25\/pro-clima-epds-bringen-nachhaltigkeit-und-transparenz\/","title":{"rendered":"pro clima EPDs bringen Nachhaltigkeit und Transparenz"},"content":{"rendered":"\n<p>EPD ist die Kurzform f\u00fcr Umwelt-Produktdeklaration. Die drei Buchstaben stehen f\u00fcr die englische Bezeichnung Environmental Product Declaration. Eine EPD beschreibt Baustoffe, Bauprodukte oder Baukomponenten im Hinblick auf ihre Umweltwirkungen auf Basis von \u00d6kobilanzen sowie ihre funktionalen und technischen Eigenschaften. Diese quantitativen, objektiven und verifizierten Informationen beziehen sich auf den gesamten Lebenszyklus des Bauprodukts. Deshalb bilden EPDs eine wichtige Grundlage f\u00fcr die Nachhaltigkeitsbewertung von Bauwerken.<\/p>\n\n\n\n<p>Als Pionier des \u00f6kologischen und nachhaltigen Bauens liefern wir von pro clima seit jeher transparente Produktinformationen. EPDs sind der n\u00e4chste logische Schritt in diese Richtung. \u00dcber unsere EPDs liefern wir Architekten, Planern, Verarbeitern, Investoren, Facility-Managern oder Auditoren alle Informationen zu den pro clima System-Produkten, die f\u00fcr den Bau von nachhaltigen Geb\u00e4uden und f\u00fcr Geb\u00e4udezertifizierungen relevant sind.<\/p>\n\n\n\n<p>Unsere international anerkannten EPDs sind wichtiger Eckpfeiler in den Geb\u00e4udezertifizierungssystemen von DGNB, BNB, BREEAM und LEED und k\u00f6nnen hier eingesehen und heruntergeladen werden: <\/p>\n\n\n\n<div style=\"height:37px\" aria-hidden=\"true\" class=\"wp-block-spacer\"><\/div>\n\n\n\n<div class=\"wp-block-buttons is-content-justification-center is-layout-flex wp-container-core-buttons-is-layout-16018d1d wp-block-buttons-is-layout-flex\">\n<div class=\"wp-block-button\"><a class=\"wp-block-button__link wp-element-button\" href=\"https:\/\/ch.proclima.com\/wirkung\/nachhaltigkeit\/epd\" target=\"_blank\" rel=\"noreferrer noopener\">Themenseite EPD<\/a><\/div>\n<\/div>\n","protected":false},"excerpt":{"rendered":"<p>EPD ist die Kurzform f\u00fcr Umwelt-Produktdeklaration. Die drei Buchstaben stehen f\u00fcr die englische Bezeichnung Environmental Product Declaration. Eine EPD beschreibt Baustoffe, Bauprodukte oder Baukomponenten im <a href=\"https:\/\/blog.proclima.com\/ch\/2025\/08\/25\/pro-clima-epds-bringen-nachhaltigkeit-und-transparenz\/\" rel=\"bookmark\">&#8230;<\/a><\/p>\n","protected":false},"author":453,"featured_media":2724,"comment_status":"open","ping_status":"open","sticky":false,"template":"","format":"standard","meta":{"footnotes":""},"categories":[1,424,3,511],"tags":[600,8,51,142,601,602],"class_list":["post-2723","post","type-post","status-publish","format-standard","has-post-thumbnail","hentry","category-allgemein","category-bauphysik","category-pro-clima","category-proclima-suisse-francais","tag-epd","tag-gebaudehulle","tag-luftdichtheit","tag-nachhaltigkeit","tag-oekobilanz","tag-umwelt-produktdeklaration"],"yoast_head":"<!-- This site is optimized with the Yoast SEO plugin v27.5 - https:\/\/yoast.com\/product\/yoast-seo-wordpress\/ -->\n<title>pro clima EPDs bringen Nachhaltigkeit und Transparenz - pro clima Schweiz<\/title>\n<meta name=\"description\" content=\"EPD ist die Kurzform f\u00fcr Umwelt-Produktdeklaration. Die drei Buchstaben stehen f\u00fcr die englische Bezeichnung Environmental Product Declaration.\" \/>\n<meta name=\"robots\" content=\"index, follow, max-snippet:-1, max-image-preview:large, max-video-preview:-1\" \/>\n<link rel=\"canonical\" href=\"https:\/\/blog.proclima.com\/ch\/2025\/08\/25\/pro-clima-epds-bringen-nachhaltigkeit-und-transparenz\/\" \/>\n<meta property=\"og:locale\" content=\"de_DE\" \/>\n<meta property=\"og:type\" content=\"article\" \/>\n<meta property=\"og:title\" content=\"pro clima EPDs bringen Nachhaltigkeit und Transparenz - pro clima Schweiz\" \/>\n<meta property=\"og:description\" content=\"EPD ist die Kurzform f\u00fcr Umwelt-Produktdeklaration. Die drei Buchstaben stehen f\u00fcr die englische Bezeichnung Environmental Product Declaration.\" \/>\n<meta property=\"og:url\" content=\"https:\/\/blog.proclima.com\/ch\/2025\/08\/25\/pro-clima-epds-bringen-nachhaltigkeit-und-transparenz\/\" \/>\n<meta property=\"og:site_name\" content=\"pro clima Schweiz\" \/>\n<meta property=\"article:published_time\" content=\"2025-08-25T06:14:00+00:00\" \/>\n<meta property=\"og:image\" content=\"https:\/\/blog.proclima.com\/ch\/files\/2025\/07\/6-Beitragsbild-EPD_de-1024x578.png\" \/>\n\t<meta property=\"og:image:width\" content=\"1024\" \/>\n\t<meta property=\"og:image:height\" content=\"578\" \/>\n\t<meta property=\"og:image:type\" content=\"image\/png\" \/>\n<meta name=\"author\" content=\"Friederike Remiorz\" \/>\n<meta name=\"twitter:card\" content=\"summary_large_image\" \/>\n<meta name=\"twitter:label1\" content=\"Verfasst von\" \/>\n\t<meta name=\"twitter:data1\" content=\"Friederike Remiorz\" \/>\n\t<meta name=\"twitter:label2\" content=\"Gesch\u00e4tzte Lesezeit\" \/>\n\t<meta name=\"twitter:data2\" content=\"2\u00a0Minuten\" \/>\n<script type=\"application\/ld+json\" class=\"yoast-schema-graph\">{\"@context\":\"https:\\\/\\\/schema.org\",\"@graph\":[{\"@type\":\"Article\",\"@id\":\"https:\\\/\\\/blog.proclima.com\\\/ch\\\/2025\\\/08\\\/25\\\/pro-clima-epds-bringen-nachhaltigkeit-und-transparenz\\\/#article\",\"isPartOf\":{\"@id\":\"https:\\\/\\\/blog.proclima.com\\\/ch\\\/2025\\\/08\\\/25\\\/pro-clima-epds-bringen-nachhaltigkeit-und-transparenz\\\/\"},\"author\":{\"name\":\"Friederike Remiorz\",\"@id\":\"https:\\\/\\\/blog.proclima.com\\\/ch\\\/#\\\/schema\\\/person\\\/c596ad1307bfc3dc78019a7338a86dc1\"},\"headline\":\"pro clima EPDs bringen Nachhaltigkeit und Transparenz\",\"datePublished\":\"2025-08-25T06:14:00+00:00\",\"mainEntityOfPage\":{\"@id\":\"https:\\\/\\\/blog.proclima.com\\\/ch\\\/2025\\\/08\\\/25\\\/pro-clima-epds-bringen-nachhaltigkeit-und-transparenz\\\/\"},\"wordCount\":162,\"commentCount\":0,\"publisher\":{\"@id\":\"https:\\\/\\\/blog.proclima.com\\\/ch\\\/#organization\"},\"image\":{\"@id\":\"https:\\\/\\\/blog.proclima.com\\\/ch\\\/2025\\\/08\\\/25\\\/pro-clima-epds-bringen-nachhaltigkeit-und-transparenz\\\/#primaryimage\"},\"thumbnailUrl\":\"https:\\\/\\\/blog.proclima.com\\\/ch\\\/files\\\/2025\\\/07\\\/6-Beitragsbild-EPD_de.png\",\"keywords\":[\"EPD\",\"Geb\u00e4udeh\u00fclle\",\"Luftdichtheit\",\"Nachhaltigkeit\",\"\u00d6kobilanz\",\"Umwelt-Produktdeklaration\"],\"articleSection\":{\"1\":\"Bauphysik\",\"2\":\"pro clima\",\"3\":\"pro clima Suisse\"},\"inLanguage\":\"de\",\"potentialAction\":[{\"@type\":\"CommentAction\",\"name\":\"Comment\",\"target\":[\"https:\\\/\\\/blog.proclima.com\\\/ch\\\/2025\\\/08\\\/25\\\/pro-clima-epds-bringen-nachhaltigkeit-und-transparenz\\\/#respond\"]}]},{\"@type\":\"WebPage\",\"@id\":\"https:\\\/\\\/blog.proclima.com\\\/ch\\\/2025\\\/08\\\/25\\\/pro-clima-epds-bringen-nachhaltigkeit-und-transparenz\\\/\",\"url\":\"https:\\\/\\\/blog.proclima.com\\\/ch\\\/2025\\\/08\\\/25\\\/pro-clima-epds-bringen-nachhaltigkeit-und-transparenz\\\/\",\"name\":\"pro clima EPDs bringen Nachhaltigkeit und Transparenz - pro clima Schweiz\",\"isPartOf\":{\"@id\":\"https:\\\/\\\/blog.proclima.com\\\/ch\\\/#website\"},\"primaryImageOfPage\":{\"@id\":\"https:\\\/\\\/blog.proclima.com\\\/ch\\\/2025\\\/08\\\/25\\\/pro-clima-epds-bringen-nachhaltigkeit-und-transparenz\\\/#primaryimage\"},\"image\":{\"@id\":\"https:\\\/\\\/blog.proclima.com\\\/ch\\\/2025\\\/08\\\/25\\\/pro-clima-epds-bringen-nachhaltigkeit-und-transparenz\\\/#primaryimage\"},\"thumbnailUrl\":\"https:\\\/\\\/blog.proclima.com\\\/ch\\\/files\\\/2025\\\/07\\\/6-Beitragsbild-EPD_de.png\",\"datePublished\":\"2025-08-25T06:14:00+00:00\",\"description\":\"EPD ist die Kurzform f\u00fcr Umwelt-Produktdeklaration. Die drei Buchstaben stehen f\u00fcr die englische Bezeichnung Environmental Product Declaration.\",\"breadcrumb\":{\"@id\":\"https:\\\/\\\/blog.proclima.com\\\/ch\\\/2025\\\/08\\\/25\\\/pro-clima-epds-bringen-nachhaltigkeit-und-transparenz\\\/#breadcrumb\"},\"inLanguage\":\"de\",\"potentialAction\":[{\"@type\":\"ReadAction\",\"target\":[\"https:\\\/\\\/blog.proclima.com\\\/ch\\\/2025\\\/08\\\/25\\\/pro-clima-epds-bringen-nachhaltigkeit-und-transparenz\\\/\"]}]},{\"@type\":\"ImageObject\",\"inLanguage\":\"de\",\"@id\":\"https:\\\/\\\/blog.proclima.com\\\/ch\\\/2025\\\/08\\\/25\\\/pro-clima-epds-bringen-nachhaltigkeit-und-transparenz\\\/#primaryimage\",\"url\":\"https:\\\/\\\/blog.proclima.com\\\/ch\\\/files\\\/2025\\\/07\\\/6-Beitragsbild-EPD_de.png\",\"contentUrl\":\"https:\\\/\\\/blog.proclima.com\\\/ch\\\/files\\\/2025\\\/07\\\/6-Beitragsbild-EPD_de.png\",\"width\":1519,\"height\":857,\"caption\":\"pro clima EPDs bringen Nachhaltigkeit und Transparenz\"},{\"@type\":\"BreadcrumbList\",\"@id\":\"https:\\\/\\\/blog.proclima.com\\\/ch\\\/2025\\\/08\\\/25\\\/pro-clima-epds-bringen-nachhaltigkeit-und-transparenz\\\/#breadcrumb\",\"itemListElement\":[{\"@type\":\"ListItem\",\"position\":1,\"name\":\"Startseite\",\"item\":\"https:\\\/\\\/blog.proclima.com\\\/ch\\\/\"},{\"@type\":\"ListItem\",\"position\":2,\"name\":\"pro clima EPDs bringen Nachhaltigkeit und Transparenz\"}]},{\"@type\":\"WebSite\",\"@id\":\"https:\\\/\\\/blog.proclima.com\\\/ch\\\/#website\",\"url\":\"https:\\\/\\\/blog.proclima.com\\\/ch\\\/\",\"name\":\"pro clima Schweiz\",\"description\":\"das Blog\",\"publisher\":{\"@id\":\"https:\\\/\\\/blog.proclima.com\\\/ch\\\/#organization\"},\"potentialAction\":[{\"@type\":\"SearchAction\",\"target\":{\"@type\":\"EntryPoint\",\"urlTemplate\":\"https:\\\/\\\/blog.proclima.com\\\/ch\\\/?s={search_term_string}\"},\"query-input\":{\"@type\":\"PropertyValueSpecification\",\"valueRequired\":true,\"valueName\":\"search_term_string\"}}],\"inLanguage\":\"de\"},{\"@type\":\"Organization\",\"@id\":\"https:\\\/\\\/blog.proclima.com\\\/ch\\\/#organization\",\"name\":\"pro clima Schweiz\",\"url\":\"https:\\\/\\\/blog.proclima.com\\\/ch\\\/\",\"logo\":{\"@type\":\"ImageObject\",\"inLanguage\":\"de\",\"@id\":\"https:\\\/\\\/blog.proclima.com\\\/ch\\\/#\\\/schema\\\/logo\\\/image\\\/\",\"url\":\"https:\\\/\\\/blog.proclima.com\\\/ch\\\/files\\\/2025\\\/12\\\/logo_proclima_quadrat.png\",\"contentUrl\":\"https:\\\/\\\/blog.proclima.com\\\/ch\\\/files\\\/2025\\\/12\\\/logo_proclima_quadrat.png\",\"width\":1200,\"height\":1200,\"caption\":\"pro clima Schweiz\"},\"image\":{\"@id\":\"https:\\\/\\\/blog.proclima.com\\\/ch\\\/#\\\/schema\\\/logo\\\/image\\\/\"}},{\"@type\":\"Person\",\"@id\":\"https:\\\/\\\/blog.proclima.com\\\/ch\\\/#\\\/schema\\\/person\\\/c596ad1307bfc3dc78019a7338a86dc1\",\"name\":\"Friederike Remiorz\",\"image\":{\"@type\":\"ImageObject\",\"inLanguage\":\"de\",\"@id\":\"https:\\\/\\\/secure.gravatar.com\\\/avatar\\\/13eadf8ced2eee77912eb13af44d24acde3371399e5a71e5a713ec619c9ed59e?s=96&d=blank&r=g\",\"url\":\"https:\\\/\\\/secure.gravatar.com\\\/avatar\\\/13eadf8ced2eee77912eb13af44d24acde3371399e5a71e5a713ec619c9ed59e?s=96&d=blank&r=g\",\"contentUrl\":\"https:\\\/\\\/secure.gravatar.com\\\/avatar\\\/13eadf8ced2eee77912eb13af44d24acde3371399e5a71e5a713ec619c9ed59e?s=96&d=blank&r=g\",\"caption\":\"Friederike Remiorz\"},\"url\":\"https:\\\/\\\/blog.proclima.com\\\/ch\\\/author\\\/remiorz\\\/\"}]}<\/script>\n<!-- \/ Yoast SEO plugin. -->","yoast_head_json":{"title":"pro clima EPDs bringen Nachhaltigkeit und Transparenz - pro clima Schweiz","description":"EPD ist die Kurzform f\u00fcr Umwelt-Produktdeklaration. Die drei Buchstaben stehen f\u00fcr die englische Bezeichnung Environmental Product Declaration.","robots":{"index":"index","follow":"follow","max-snippet":"max-snippet:-1","max-image-preview":"max-image-preview:large","max-video-preview":"max-video-preview:-1"},"canonical":"https:\/\/blog.proclima.com\/ch\/2025\/08\/25\/pro-clima-epds-bringen-nachhaltigkeit-und-transparenz\/","og_locale":"de_DE","og_type":"article","og_title":"pro clima EPDs bringen Nachhaltigkeit und Transparenz - pro clima Schweiz","og_description":"EPD ist die Kurzform f\u00fcr Umwelt-Produktdeklaration. Die drei Buchstaben stehen f\u00fcr die englische Bezeichnung Environmental Product Declaration.","og_url":"https:\/\/blog.proclima.com\/ch\/2025\/08\/25\/pro-clima-epds-bringen-nachhaltigkeit-und-transparenz\/","og_site_name":"pro clima Schweiz","article_published_time":"2025-08-25T06:14:00+00:00","og_image":[{"width":1024,"height":578,"url":"https:\/\/blog.proclima.com\/ch\/files\/2025\/07\/6-Beitragsbild-EPD_de-1024x578.png","type":"image\/png"}],"author":"Friederike Remiorz","twitter_card":"summary_large_image","twitter_misc":{"Verfasst von":"Friederike Remiorz","Gesch\u00e4tzte Lesezeit":"2\u00a0Minuten"},"schema":{"@context":"https:\/\/schema.org","@graph":[{"@type":"Article","@id":"https:\/\/blog.proclima.com\/ch\/2025\/08\/25\/pro-clima-epds-bringen-nachhaltigkeit-und-transparenz\/#article","isPartOf":{"@id":"https:\/\/blog.proclima.com\/ch\/2025\/08\/25\/pro-clima-epds-bringen-nachhaltigkeit-und-transparenz\/"},"author":{"name":"Friederike Remiorz","@id":"https:\/\/blog.proclima.com\/ch\/#\/schema\/person\/c596ad1307bfc3dc78019a7338a86dc1"},"headline":"pro clima EPDs bringen Nachhaltigkeit und Transparenz","datePublished":"2025-08-25T06:14:00+00:00","mainEntityOfPage":{"@id":"https:\/\/blog.proclima.com\/ch\/2025\/08\/25\/pro-clima-epds-bringen-nachhaltigkeit-und-transparenz\/"},"wordCount":162,"commentCount":0,"publisher":{"@id":"https:\/\/blog.proclima.com\/ch\/#organization"},"image":{"@id":"https:\/\/blog.proclima.com\/ch\/2025\/08\/25\/pro-clima-epds-bringen-nachhaltigkeit-und-transparenz\/#primaryimage"},"thumbnailUrl":"https:\/\/blog.proclima.com\/ch\/files\/2025\/07\/6-Beitragsbild-EPD_de.png","keywords":["EPD","Geb\u00e4udeh\u00fclle","Luftdichtheit","Nachhaltigkeit","\u00d6kobilanz","Umwelt-Produktdeklaration"],"articleSection":{"1":"Bauphysik","2":"pro clima","3":"pro clima Suisse"},"inLanguage":"de","potentialAction":[{"@type":"CommentAction","name":"Comment","target":["https:\/\/blog.proclima.com\/ch\/2025\/08\/25\/pro-clima-epds-bringen-nachhaltigkeit-und-transparenz\/#respond"]}]},{"@type":"WebPage","@id":"https:\/\/blog.proclima.com\/ch\/2025\/08\/25\/pro-clima-epds-bringen-nachhaltigkeit-und-transparenz\/","url":"https:\/\/blog.proclima.com\/ch\/2025\/08\/25\/pro-clima-epds-bringen-nachhaltigkeit-und-transparenz\/","name":"pro clima EPDs bringen Nachhaltigkeit und Transparenz - pro clima Schweiz","isPartOf":{"@id":"https:\/\/blog.proclima.com\/ch\/#website"},"primaryImageOfPage":{"@id":"https:\/\/blog.proclima.com\/ch\/2025\/08\/25\/pro-clima-epds-bringen-nachhaltigkeit-und-transparenz\/#primaryimage"},"image":{"@id":"https:\/\/blog.proclima.com\/ch\/2025\/08\/25\/pro-clima-epds-bringen-nachhaltigkeit-und-transparenz\/#primaryimage"},"thumbnailUrl":"https:\/\/blog.proclima.com\/ch\/files\/2025\/07\/6-Beitragsbild-EPD_de.png","datePublished":"2025-08-25T06:14:00+00:00","description":"EPD ist die Kurzform f\u00fcr Umwelt-Produktdeklaration. Die drei Buchstaben stehen f\u00fcr die englische Bezeichnung Environmental Product Declaration.","breadcrumb":{"@id":"https:\/\/blog.proclima.com\/ch\/2025\/08\/25\/pro-clima-epds-bringen-nachhaltigkeit-und-transparenz\/#breadcrumb"},"inLanguage":"de","potentialAction":[{"@type":"ReadAction","target":["https:\/\/blog.proclima.com\/ch\/2025\/08\/25\/pro-clima-epds-bringen-nachhaltigkeit-und-transparenz\/"]}]},{"@type":"ImageObject","inLanguage":"de","@id":"https:\/\/blog.proclima.com\/ch\/2025\/08\/25\/pro-clima-epds-bringen-nachhaltigkeit-und-transparenz\/#primaryimage","url":"https:\/\/blog.proclima.com\/ch\/files\/2025\/07\/6-Beitragsbild-EPD_de.png","contentUrl":"https:\/\/blog.proclima.com\/ch\/files\/2025\/07\/6-Beitragsbild-EPD_de.png","width":1519,"height":857,"caption":"pro clima EPDs bringen Nachhaltigkeit und Transparenz"},{"@type":"BreadcrumbList","@id":"https:\/\/blog.proclima.com\/ch\/2025\/08\/25\/pro-clima-epds-bringen-nachhaltigkeit-und-transparenz\/#breadcrumb","itemListElement":[{"@type":"ListItem","position":1,"name":"Startseite","item":"https:\/\/blog.proclima.com\/ch\/"},{"@type":"ListItem","position":2,"name":"pro clima EPDs bringen Nachhaltigkeit und Transparenz"}]},{"@type":"WebSite","@id":"https:\/\/blog.proclima.com\/ch\/#website","url":"https:\/\/blog.proclima.com\/ch\/","name":"pro clima Schweiz","description":"das Blog","publisher":{"@id":"https:\/\/blog.proclima.com\/ch\/#organization"},"potentialAction":[{"@type":"SearchAction","target":{"@type":"EntryPoint","urlTemplate":"https:\/\/blog.proclima.com\/ch\/?s={search_term_string}"},"query-input":{"@type":"PropertyValueSpecification","valueRequired":true,"valueName":"search_term_string"}}],"inLanguage":"de"},{"@type":"Organization","@id":"https:\/\/blog.proclima.com\/ch\/#organization","name":"pro clima Schweiz","url":"https:\/\/blog.proclima.com\/ch\/","logo":{"@type":"ImageObject","inLanguage":"de","@id":"https:\/\/blog.proclima.com\/ch\/#\/schema\/logo\/image\/","url":"https:\/\/blog.proclima.com\/ch\/files\/2025\/12\/logo_proclima_quadrat.png","contentUrl":"https:\/\/blog.proclima.com\/ch\/files\/2025\/12\/logo_proclima_quadrat.png","width":1200,"height":1200,"caption":"pro clima Schweiz"},"image":{"@id":"https:\/\/blog.proclima.com\/ch\/#\/schema\/logo\/image\/"}},{"@type":"Person","@id":"https:\/\/blog.proclima.com\/ch\/#\/schema\/person\/c596ad1307bfc3dc78019a7338a86dc1","name":"Friederike Remiorz","image":{"@type":"ImageObject","inLanguage":"de","@id":"https:\/\/secure.gravatar.com\/avatar\/13eadf8ced2eee77912eb13af44d24acde3371399e5a71e5a713ec619c9ed59e?s=96&d=blank&r=g","url":"https:\/\/secure.gravatar.com\/avatar\/13eadf8ced2eee77912eb13af44d24acde3371399e5a71e5a713ec619c9ed59e?s=96&d=blank&r=g","contentUrl":"https:\/\/secure.gravatar.com\/avatar\/13eadf8ced2eee77912eb13af44d24acde3371399e5a71e5a713ec619c9ed59e?s=96&d=blank&r=g","caption":"Friederike Remiorz"},"url":"https:\/\/blog.proclima.com\/ch\/author\/remiorz\/"}]}},"_links":{"self":[{"href":"https:\/\/blog.proclima.com\/ch\/wp-json\/wp\/v2\/posts\/2723","targetHints":{"allow":["GET"]}}],"collection":[{"href":"https:\/\/blog.proclima.com\/ch\/wp-json\/wp\/v2\/posts"}],"about":[{"href":"https:\/\/blog.proclima.com\/ch\/wp-json\/wp\/v2\/types\/post"}],"author":[{"embeddable":true,"href":"https:\/\/blog.proclima.com\/ch\/wp-json\/wp\/v2\/users\/453"}],"replies":[{"embeddable":true,"href":"https:\/\/blog.proclima.com\/ch\/wp-json\/wp\/v2\/comments?post=2723"}],"version-history":[{"count":1,"href":"https:\/\/blog.proclima.com\/ch\/wp-json\/wp\/v2\/posts\/2723\/revisions"}],"predecessor-version":[{"id":2725,"href":"https:\/\/blog.proclima.com\/ch\/wp-json\/wp\/v2\/posts\/2723\/revisions\/2725"}],"wp:featuredmedia":[{"embeddable":true,"href":"https:\/\/blog.proclima.com\/ch\/wp-json\/wp\/v2\/media\/2724"}],"wp:attachment":[{"href":"https:\/\/blog.proclima.com\/ch\/wp-json\/wp\/v2\/media?parent=2723"}],"wp:term":[{"taxonomy":"category","embeddable":true,"href":"https:\/\/blog.proclima.com\/ch\/wp-json\/wp\/v2\/categories?post=2723"},{"taxonomy":"post_tag","embeddable":true,"href":"https:\/\/blog.proclima.com\/ch\/wp-json\/wp\/v2\/tags?post=2723"}],"curies":[{"name":"wp","href":"https:\/\/api.w.org\/{rel}","templated":true}]}}