
{"id":2720,"date":"2025-08-11T08:08:00","date_gmt":"2025-08-11T06:08:00","guid":{"rendered":"https:\/\/blog.proclima.com\/ch\/?p=2720"},"modified":"2025-07-21T11:33:46","modified_gmt":"2025-07-21T09:33:46","slug":"mit-hoechstem-hagelschutz-das-dach-trocken-halten","status":"publish","type":"post","link":"https:\/\/blog.proclima.com\/ch\/2025\/08\/11\/mit-hoechstem-hagelschutz-das-dach-trocken-halten\/","title":{"rendered":"Mit h\u00f6chstem Hagelschutz&#8230; das Dach trocken halten"},"content":{"rendered":"\n<p>Hitzegewitter mit Starkregen und Hagel sind gerade in den Sommermonaten keine Seltenheit mehr. Sie treten heute h\u00e4ufiger auf \u2013 in der Schweiz und ganz Europa. Hagelk\u00f6rner mit einem Durchmesser bis 5 cm k\u00f6nnen dabei erhebliche Sch\u00e4den an der Geb\u00e4udeh\u00fclle, besonders Sch\u00e4den am Dach, verursachen. Nicht jede Dacheindeckung kann es mit so einem Hagelsturm aufnehmen. Gut beraten ist, wer den Hagelschutz mit einer qualitativ hochwertigen Unterdachbahn direkt unter der Dacheindeckung integriert hat. Dort sch\u00fctzt die Unterdachbahn Dachkonstruktion und Dachd\u00e4mmung vor Witterungseinfl\u00fcssen von aussen und fungiert dort auch als zweite wasserf\u00fchrende Ebene, wenn es zu einem Schaden in der Dacheindeckung z. B. durch Sturm und Hagel kommt. Hier punkten Unterdachbahnen, die auf Hagelsicherheit gepr\u00fcft wurden, erkennbar an einer Auszeichnung der Hagelwiderstandsklasse.<\/p>\n\n\n\n<h3 class=\"wp-block-heading\">H\u00f6chster Hagelschutz mit Hagelwiderstandsklasse HW5<\/h3>\n\n\n\n<p>Die Pr\u00fcfstelle \u00abSchutz vor Naturgefahren\u00bb der Schweizer Vereinigung Kantonaler Feuerversicherungen (VKF) hat pro clima Unterdachbahnen getestet.<br>Bei der Pr\u00fcfung wird die Bahn auf einer Holzweichfaserd\u00e4mmplatte aufliegend mit Hagelk\u00f6rnern beschossen. Danach wird die Bahn optisch nach Rissen und mit Hilfe einer 10.000 mm Wassers\u00e4ule auf Dichtheit gepr\u00fcft. Um die Pr\u00fcfung zu bestehen, muss die Wasserdichtheit weiterhin gegeben sein.<br>pro clima Bahnen wurden gem\u00e4ss HW5 bzw. den gr\u00f6ssten verf\u00fcgbaren Eiskugeln (Durchmesser 50 mm) und mit einer Geschwindigkeit von 110 km\/h beschossen und haben bestanden.<\/p>\n\n\n\n<p>pro clima Unterdachbahnen bieten einen wesentlichen zus\u00e4tzlichen Schutz:<br>Auch wenn Ziegel durch Hagel brechen, halten die pro clima Bahnen das Geb\u00e4ude trocken.<\/p>\n\n\n\n<p>Zudem punkten die pro clima Bahnen mit Freibewitterungszeiten bis zu 6 Monaten.<\/p>\n\n\n\n<p><strong>Mehr erfahren:<\/strong> <\/p>\n\n\n\n<div class=\"wp-block-buttons is-content-justification-center is-layout-flex wp-container-core-buttons-is-layout-16018d1d wp-block-buttons-is-layout-flex\">\n<div class=\"wp-block-button\"><a class=\"wp-block-button__link wp-element-button\" href=\"https:\/\/ch.proclima.com\/produkte\/hagelschutz\">Hagelschutz bei pro clima<\/a><\/div>\n<\/div>\n","protected":false},"excerpt":{"rendered":"<p>Hitzegewitter mit Starkregen und Hagel sind gerade in den Sommermonaten keine Seltenheit mehr. Sie treten heute h\u00e4ufiger auf \u2013 in der Schweiz und ganz Europa. <a href=\"https:\/\/blog.proclima.com\/ch\/2025\/08\/11\/mit-hoechstem-hagelschutz-das-dach-trocken-halten\/\" rel=\"bookmark\">&#8230;<\/a><\/p>\n","protected":false},"author":453,"featured_media":2721,"comment_status":"open","ping_status":"open","sticky":false,"template":"","format":"standard","meta":{"footnotes":""},"categories":[1,424,3,511],"tags":[460,597,599,51,598,124,464],"class_list":["post-2720","post","type-post","status-publish","format-standard","has-post-thumbnail","hentry","category-allgemein","category-bauphysik","category-pro-clima","category-proclima-suisse-francais","tag-freibewitterung","tag-hagelschutz","tag-hw5","tag-luftdichtheit","tag-starkregen","tag-unterdach","tag-winddichtung"],"yoast_head":"<!-- This site is optimized with the Yoast SEO plugin v27.5 - https:\/\/yoast.com\/product\/yoast-seo-wordpress\/ -->\n<title>Mit h\u00f6chstem Hagelschutz... das Dach trocken halten - pro clima Schweiz<\/title>\n<meta name=\"robots\" content=\"index, follow, max-snippet:-1, max-image-preview:large, max-video-preview:-1\" \/>\n<link rel=\"canonical\" href=\"https:\/\/blog.proclima.com\/ch\/2025\/08\/11\/mit-hoechstem-hagelschutz-das-dach-trocken-halten\/\" \/>\n<meta property=\"og:locale\" content=\"de_DE\" \/>\n<meta property=\"og:type\" content=\"article\" \/>\n<meta property=\"og:title\" content=\"Mit h\u00f6chstem Hagelschutz... das Dach trocken halten - pro clima Schweiz\" \/>\n<meta property=\"og:description\" content=\"Hitzegewitter mit Starkregen und Hagel sind gerade in den Sommermonaten keine Seltenheit mehr. Sie treten heute h\u00e4ufiger auf \u2013 in der Schweiz und ganz Europa. ...\" \/>\n<meta property=\"og:url\" content=\"https:\/\/blog.proclima.com\/ch\/2025\/08\/11\/mit-hoechstem-hagelschutz-das-dach-trocken-halten\/\" \/>\n<meta property=\"og:site_name\" content=\"pro clima Schweiz\" \/>\n<meta property=\"article:published_time\" content=\"2025-08-11T06:08:00+00:00\" \/>\n<meta property=\"og:image\" content=\"https:\/\/blog.proclima.com\/ch\/files\/2025\/07\/5-Beitragsbild-Hagel_de.png\" \/>\n\t<meta property=\"og:image:width\" content=\"1358\" \/>\n\t<meta property=\"og:image:height\" content=\"566\" \/>\n\t<meta property=\"og:image:type\" content=\"image\/png\" \/>\n<meta name=\"author\" content=\"Friederike Remiorz\" \/>\n<meta name=\"twitter:card\" content=\"summary_large_image\" \/>\n<meta name=\"twitter:label1\" content=\"Verfasst von\" \/>\n\t<meta name=\"twitter:data1\" content=\"Friederike Remiorz\" \/>\n\t<meta name=\"twitter:label2\" content=\"Gesch\u00e4tzte Lesezeit\" \/>\n\t<meta name=\"twitter:data2\" content=\"2\u00a0Minuten\" \/>\n<script type=\"application\/ld+json\" class=\"yoast-schema-graph\">{\"@context\":\"https:\\\/\\\/schema.org\",\"@graph\":[{\"@type\":\"Article\",\"@id\":\"https:\\\/\\\/blog.proclima.com\\\/ch\\\/2025\\\/08\\\/11\\\/mit-hoechstem-hagelschutz-das-dach-trocken-halten\\\/#article\",\"isPartOf\":{\"@id\":\"https:\\\/\\\/blog.proclima.com\\\/ch\\\/2025\\\/08\\\/11\\\/mit-hoechstem-hagelschutz-das-dach-trocken-halten\\\/\"},\"author\":{\"name\":\"Friederike Remiorz\",\"@id\":\"https:\\\/\\\/blog.proclima.com\\\/ch\\\/#\\\/schema\\\/person\\\/c596ad1307bfc3dc78019a7338a86dc1\"},\"headline\":\"Mit h\u00f6chstem Hagelschutz&#8230; das Dach trocken halten\",\"datePublished\":\"2025-08-11T06:08:00+00:00\",\"mainEntityOfPage\":{\"@id\":\"https:\\\/\\\/blog.proclima.com\\\/ch\\\/2025\\\/08\\\/11\\\/mit-hoechstem-hagelschutz-das-dach-trocken-halten\\\/\"},\"wordCount\":274,\"commentCount\":0,\"publisher\":{\"@id\":\"https:\\\/\\\/blog.proclima.com\\\/ch\\\/#organization\"},\"image\":{\"@id\":\"https:\\\/\\\/blog.proclima.com\\\/ch\\\/2025\\\/08\\\/11\\\/mit-hoechstem-hagelschutz-das-dach-trocken-halten\\\/#primaryimage\"},\"thumbnailUrl\":\"https:\\\/\\\/blog.proclima.com\\\/ch\\\/files\\\/2025\\\/07\\\/5-Beitragsbild-Hagel_de.png\",\"keywords\":[\"Freibewitterung\",\"Hagelschutz\",\"HW5\",\"Luftdichtheit\",\"Starkregen\",\"Unterdach\",\"Winddichtung\"],\"articleSection\":{\"1\":\"Bauphysik\",\"2\":\"pro clima\",\"3\":\"pro clima Suisse\"},\"inLanguage\":\"de\",\"potentialAction\":[{\"@type\":\"CommentAction\",\"name\":\"Comment\",\"target\":[\"https:\\\/\\\/blog.proclima.com\\\/ch\\\/2025\\\/08\\\/11\\\/mit-hoechstem-hagelschutz-das-dach-trocken-halten\\\/#respond\"]}]},{\"@type\":\"WebPage\",\"@id\":\"https:\\\/\\\/blog.proclima.com\\\/ch\\\/2025\\\/08\\\/11\\\/mit-hoechstem-hagelschutz-das-dach-trocken-halten\\\/\",\"url\":\"https:\\\/\\\/blog.proclima.com\\\/ch\\\/2025\\\/08\\\/11\\\/mit-hoechstem-hagelschutz-das-dach-trocken-halten\\\/\",\"name\":\"Mit h\u00f6chstem Hagelschutz... das Dach trocken halten - pro clima Schweiz\",\"isPartOf\":{\"@id\":\"https:\\\/\\\/blog.proclima.com\\\/ch\\\/#website\"},\"primaryImageOfPage\":{\"@id\":\"https:\\\/\\\/blog.proclima.com\\\/ch\\\/2025\\\/08\\\/11\\\/mit-hoechstem-hagelschutz-das-dach-trocken-halten\\\/#primaryimage\"},\"image\":{\"@id\":\"https:\\\/\\\/blog.proclima.com\\\/ch\\\/2025\\\/08\\\/11\\\/mit-hoechstem-hagelschutz-das-dach-trocken-halten\\\/#primaryimage\"},\"thumbnailUrl\":\"https:\\\/\\\/blog.proclima.com\\\/ch\\\/files\\\/2025\\\/07\\\/5-Beitragsbild-Hagel_de.png\",\"datePublished\":\"2025-08-11T06:08:00+00:00\",\"breadcrumb\":{\"@id\":\"https:\\\/\\\/blog.proclima.com\\\/ch\\\/2025\\\/08\\\/11\\\/mit-hoechstem-hagelschutz-das-dach-trocken-halten\\\/#breadcrumb\"},\"inLanguage\":\"de\",\"potentialAction\":[{\"@type\":\"ReadAction\",\"target\":[\"https:\\\/\\\/blog.proclima.com\\\/ch\\\/2025\\\/08\\\/11\\\/mit-hoechstem-hagelschutz-das-dach-trocken-halten\\\/\"]}]},{\"@type\":\"ImageObject\",\"inLanguage\":\"de\",\"@id\":\"https:\\\/\\\/blog.proclima.com\\\/ch\\\/2025\\\/08\\\/11\\\/mit-hoechstem-hagelschutz-das-dach-trocken-halten\\\/#primaryimage\",\"url\":\"https:\\\/\\\/blog.proclima.com\\\/ch\\\/files\\\/2025\\\/07\\\/5-Beitragsbild-Hagel_de.png\",\"contentUrl\":\"https:\\\/\\\/blog.proclima.com\\\/ch\\\/files\\\/2025\\\/07\\\/5-Beitragsbild-Hagel_de.png\",\"width\":1358,\"height\":566,\"caption\":\"H\u00f6chster Hagelschutz mit Hagelwiderstandsklasse HW5\"},{\"@type\":\"BreadcrumbList\",\"@id\":\"https:\\\/\\\/blog.proclima.com\\\/ch\\\/2025\\\/08\\\/11\\\/mit-hoechstem-hagelschutz-das-dach-trocken-halten\\\/#breadcrumb\",\"itemListElement\":[{\"@type\":\"ListItem\",\"position\":1,\"name\":\"Startseite\",\"item\":\"https:\\\/\\\/blog.proclima.com\\\/ch\\\/\"},{\"@type\":\"ListItem\",\"position\":2,\"name\":\"Mit h\u00f6chstem Hagelschutz&#8230; das Dach trocken halten\"}]},{\"@type\":\"WebSite\",\"@id\":\"https:\\\/\\\/blog.proclima.com\\\/ch\\\/#website\",\"url\":\"https:\\\/\\\/blog.proclima.com\\\/ch\\\/\",\"name\":\"pro clima Schweiz\",\"description\":\"das Blog\",\"publisher\":{\"@id\":\"https:\\\/\\\/blog.proclima.com\\\/ch\\\/#organization\"},\"potentialAction\":[{\"@type\":\"SearchAction\",\"target\":{\"@type\":\"EntryPoint\",\"urlTemplate\":\"https:\\\/\\\/blog.proclima.com\\\/ch\\\/?s={search_term_string}\"},\"query-input\":{\"@type\":\"PropertyValueSpecification\",\"valueRequired\":true,\"valueName\":\"search_term_string\"}}],\"inLanguage\":\"de\"},{\"@type\":\"Organization\",\"@id\":\"https:\\\/\\\/blog.proclima.com\\\/ch\\\/#organization\",\"name\":\"pro clima Schweiz\",\"url\":\"https:\\\/\\\/blog.proclima.com\\\/ch\\\/\",\"logo\":{\"@type\":\"ImageObject\",\"inLanguage\":\"de\",\"@id\":\"https:\\\/\\\/blog.proclima.com\\\/ch\\\/#\\\/schema\\\/logo\\\/image\\\/\",\"url\":\"https:\\\/\\\/blog.proclima.com\\\/ch\\\/files\\\/2025\\\/12\\\/logo_proclima_quadrat.png\",\"contentUrl\":\"https:\\\/\\\/blog.proclima.com\\\/ch\\\/files\\\/2025\\\/12\\\/logo_proclima_quadrat.png\",\"width\":1200,\"height\":1200,\"caption\":\"pro clima Schweiz\"},\"image\":{\"@id\":\"https:\\\/\\\/blog.proclima.com\\\/ch\\\/#\\\/schema\\\/logo\\\/image\\\/\"}},{\"@type\":\"Person\",\"@id\":\"https:\\\/\\\/blog.proclima.com\\\/ch\\\/#\\\/schema\\\/person\\\/c596ad1307bfc3dc78019a7338a86dc1\",\"name\":\"Friederike Remiorz\",\"image\":{\"@type\":\"ImageObject\",\"inLanguage\":\"de\",\"@id\":\"https:\\\/\\\/secure.gravatar.com\\\/avatar\\\/13eadf8ced2eee77912eb13af44d24acde3371399e5a71e5a713ec619c9ed59e?s=96&d=blank&r=g\",\"url\":\"https:\\\/\\\/secure.gravatar.com\\\/avatar\\\/13eadf8ced2eee77912eb13af44d24acde3371399e5a71e5a713ec619c9ed59e?s=96&d=blank&r=g\",\"contentUrl\":\"https:\\\/\\\/secure.gravatar.com\\\/avatar\\\/13eadf8ced2eee77912eb13af44d24acde3371399e5a71e5a713ec619c9ed59e?s=96&d=blank&r=g\",\"caption\":\"Friederike Remiorz\"},\"url\":\"https:\\\/\\\/blog.proclima.com\\\/ch\\\/author\\\/remiorz\\\/\"}]}<\/script>\n<!-- \/ Yoast SEO plugin. -->","yoast_head_json":{"title":"Mit h\u00f6chstem Hagelschutz... das Dach trocken halten - pro clima Schweiz","robots":{"index":"index","follow":"follow","max-snippet":"max-snippet:-1","max-image-preview":"max-image-preview:large","max-video-preview":"max-video-preview:-1"},"canonical":"https:\/\/blog.proclima.com\/ch\/2025\/08\/11\/mit-hoechstem-hagelschutz-das-dach-trocken-halten\/","og_locale":"de_DE","og_type":"article","og_title":"Mit h\u00f6chstem Hagelschutz... das Dach trocken halten - pro clima Schweiz","og_description":"Hitzegewitter mit Starkregen und Hagel sind gerade in den Sommermonaten keine Seltenheit mehr. Sie treten heute h\u00e4ufiger auf \u2013 in der Schweiz und ganz Europa. ...","og_url":"https:\/\/blog.proclima.com\/ch\/2025\/08\/11\/mit-hoechstem-hagelschutz-das-dach-trocken-halten\/","og_site_name":"pro clima Schweiz","article_published_time":"2025-08-11T06:08:00+00:00","og_image":[{"width":1358,"height":566,"url":"https:\/\/blog.proclima.com\/ch\/files\/2025\/07\/5-Beitragsbild-Hagel_de.png","type":"image\/png"}],"author":"Friederike Remiorz","twitter_card":"summary_large_image","twitter_misc":{"Verfasst von":"Friederike Remiorz","Gesch\u00e4tzte Lesezeit":"2\u00a0Minuten"},"schema":{"@context":"https:\/\/schema.org","@graph":[{"@type":"Article","@id":"https:\/\/blog.proclima.com\/ch\/2025\/08\/11\/mit-hoechstem-hagelschutz-das-dach-trocken-halten\/#article","isPartOf":{"@id":"https:\/\/blog.proclima.com\/ch\/2025\/08\/11\/mit-hoechstem-hagelschutz-das-dach-trocken-halten\/"},"author":{"name":"Friederike Remiorz","@id":"https:\/\/blog.proclima.com\/ch\/#\/schema\/person\/c596ad1307bfc3dc78019a7338a86dc1"},"headline":"Mit h\u00f6chstem Hagelschutz&#8230; das Dach trocken halten","datePublished":"2025-08-11T06:08:00+00:00","mainEntityOfPage":{"@id":"https:\/\/blog.proclima.com\/ch\/2025\/08\/11\/mit-hoechstem-hagelschutz-das-dach-trocken-halten\/"},"wordCount":274,"commentCount":0,"publisher":{"@id":"https:\/\/blog.proclima.com\/ch\/#organization"},"image":{"@id":"https:\/\/blog.proclima.com\/ch\/2025\/08\/11\/mit-hoechstem-hagelschutz-das-dach-trocken-halten\/#primaryimage"},"thumbnailUrl":"https:\/\/blog.proclima.com\/ch\/files\/2025\/07\/5-Beitragsbild-Hagel_de.png","keywords":["Freibewitterung","Hagelschutz","HW5","Luftdichtheit","Starkregen","Unterdach","Winddichtung"],"articleSection":{"1":"Bauphysik","2":"pro clima","3":"pro clima Suisse"},"inLanguage":"de","potentialAction":[{"@type":"CommentAction","name":"Comment","target":["https:\/\/blog.proclima.com\/ch\/2025\/08\/11\/mit-hoechstem-hagelschutz-das-dach-trocken-halten\/#respond"]}]},{"@type":"WebPage","@id":"https:\/\/blog.proclima.com\/ch\/2025\/08\/11\/mit-hoechstem-hagelschutz-das-dach-trocken-halten\/","url":"https:\/\/blog.proclima.com\/ch\/2025\/08\/11\/mit-hoechstem-hagelschutz-das-dach-trocken-halten\/","name":"Mit h\u00f6chstem Hagelschutz... das Dach trocken halten - pro clima Schweiz","isPartOf":{"@id":"https:\/\/blog.proclima.com\/ch\/#website"},"primaryImageOfPage":{"@id":"https:\/\/blog.proclima.com\/ch\/2025\/08\/11\/mit-hoechstem-hagelschutz-das-dach-trocken-halten\/#primaryimage"},"image":{"@id":"https:\/\/blog.proclima.com\/ch\/2025\/08\/11\/mit-hoechstem-hagelschutz-das-dach-trocken-halten\/#primaryimage"},"thumbnailUrl":"https:\/\/blog.proclima.com\/ch\/files\/2025\/07\/5-Beitragsbild-Hagel_de.png","datePublished":"2025-08-11T06:08:00+00:00","breadcrumb":{"@id":"https:\/\/blog.proclima.com\/ch\/2025\/08\/11\/mit-hoechstem-hagelschutz-das-dach-trocken-halten\/#breadcrumb"},"inLanguage":"de","potentialAction":[{"@type":"ReadAction","target":["https:\/\/blog.proclima.com\/ch\/2025\/08\/11\/mit-hoechstem-hagelschutz-das-dach-trocken-halten\/"]}]},{"@type":"ImageObject","inLanguage":"de","@id":"https:\/\/blog.proclima.com\/ch\/2025\/08\/11\/mit-hoechstem-hagelschutz-das-dach-trocken-halten\/#primaryimage","url":"https:\/\/blog.proclima.com\/ch\/files\/2025\/07\/5-Beitragsbild-Hagel_de.png","contentUrl":"https:\/\/blog.proclima.com\/ch\/files\/2025\/07\/5-Beitragsbild-Hagel_de.png","width":1358,"height":566,"caption":"H\u00f6chster Hagelschutz mit Hagelwiderstandsklasse HW5"},{"@type":"BreadcrumbList","@id":"https:\/\/blog.proclima.com\/ch\/2025\/08\/11\/mit-hoechstem-hagelschutz-das-dach-trocken-halten\/#breadcrumb","itemListElement":[{"@type":"ListItem","position":1,"name":"Startseite","item":"https:\/\/blog.proclima.com\/ch\/"},{"@type":"ListItem","position":2,"name":"Mit h\u00f6chstem Hagelschutz&#8230; das Dach trocken halten"}]},{"@type":"WebSite","@id":"https:\/\/blog.proclima.com\/ch\/#website","url":"https:\/\/blog.proclima.com\/ch\/","name":"pro clima Schweiz","description":"das Blog","publisher":{"@id":"https:\/\/blog.proclima.com\/ch\/#organization"},"potentialAction":[{"@type":"SearchAction","target":{"@type":"EntryPoint","urlTemplate":"https:\/\/blog.proclima.com\/ch\/?s={search_term_string}"},"query-input":{"@type":"PropertyValueSpecification","valueRequired":true,"valueName":"search_term_string"}}],"inLanguage":"de"},{"@type":"Organization","@id":"https:\/\/blog.proclima.com\/ch\/#organization","name":"pro clima Schweiz","url":"https:\/\/blog.proclima.com\/ch\/","logo":{"@type":"ImageObject","inLanguage":"de","@id":"https:\/\/blog.proclima.com\/ch\/#\/schema\/logo\/image\/","url":"https:\/\/blog.proclima.com\/ch\/files\/2025\/12\/logo_proclima_quadrat.png","contentUrl":"https:\/\/blog.proclima.com\/ch\/files\/2025\/12\/logo_proclima_quadrat.png","width":1200,"height":1200,"caption":"pro clima Schweiz"},"image":{"@id":"https:\/\/blog.proclima.com\/ch\/#\/schema\/logo\/image\/"}},{"@type":"Person","@id":"https:\/\/blog.proclima.com\/ch\/#\/schema\/person\/c596ad1307bfc3dc78019a7338a86dc1","name":"Friederike Remiorz","image":{"@type":"ImageObject","inLanguage":"de","@id":"https:\/\/secure.gravatar.com\/avatar\/13eadf8ced2eee77912eb13af44d24acde3371399e5a71e5a713ec619c9ed59e?s=96&d=blank&r=g","url":"https:\/\/secure.gravatar.com\/avatar\/13eadf8ced2eee77912eb13af44d24acde3371399e5a71e5a713ec619c9ed59e?s=96&d=blank&r=g","contentUrl":"https:\/\/secure.gravatar.com\/avatar\/13eadf8ced2eee77912eb13af44d24acde3371399e5a71e5a713ec619c9ed59e?s=96&d=blank&r=g","caption":"Friederike Remiorz"},"url":"https:\/\/blog.proclima.com\/ch\/author\/remiorz\/"}]}},"_links":{"self":[{"href":"https:\/\/blog.proclima.com\/ch\/wp-json\/wp\/v2\/posts\/2720","targetHints":{"allow":["GET"]}}],"collection":[{"href":"https:\/\/blog.proclima.com\/ch\/wp-json\/wp\/v2\/posts"}],"about":[{"href":"https:\/\/blog.proclima.com\/ch\/wp-json\/wp\/v2\/types\/post"}],"author":[{"embeddable":true,"href":"https:\/\/blog.proclima.com\/ch\/wp-json\/wp\/v2\/users\/453"}],"replies":[{"embeddable":true,"href":"https:\/\/blog.proclima.com\/ch\/wp-json\/wp\/v2\/comments?post=2720"}],"version-history":[{"count":1,"href":"https:\/\/blog.proclima.com\/ch\/wp-json\/wp\/v2\/posts\/2720\/revisions"}],"predecessor-version":[{"id":2722,"href":"https:\/\/blog.proclima.com\/ch\/wp-json\/wp\/v2\/posts\/2720\/revisions\/2722"}],"wp:featuredmedia":[{"embeddable":true,"href":"https:\/\/blog.proclima.com\/ch\/wp-json\/wp\/v2\/media\/2721"}],"wp:attachment":[{"href":"https:\/\/blog.proclima.com\/ch\/wp-json\/wp\/v2\/media?parent=2720"}],"wp:term":[{"taxonomy":"category","embeddable":true,"href":"https:\/\/blog.proclima.com\/ch\/wp-json\/wp\/v2\/categories?post=2720"},{"taxonomy":"post_tag","embeddable":true,"href":"https:\/\/blog.proclima.com\/ch\/wp-json\/wp\/v2\/tags?post=2720"}],"curies":[{"name":"wp","href":"https:\/\/api.w.org\/{rel}","templated":true}]}}