
{"id":2594,"date":"2021-10-13T14:24:47","date_gmt":"2021-10-13T12:24:47","guid":{"rendered":"https:\/\/blog.proclima.com\/ch\/?p=2594"},"modified":"2021-10-13T14:24:49","modified_gmt":"2021-10-13T12:24:49","slug":"forschung-in-der-praxis-einzigartiges-kreis-haus-ist-fertig","status":"publish","type":"post","link":"https:\/\/blog.proclima.com\/ch\/2021\/10\/13\/forschung-in-der-praxis-einzigartiges-kreis-haus-ist-fertig\/","title":{"rendered":"Forschung in der Praxis: Einzigartiges KREIS-Haus ist fertig"},"content":{"rendered":"\n<p>Der Geb\u00e4udesektor ist fu\u0308r mehr als 40 Prozent des weltweiten Ressourcen- und Energieverbrauchs verantwortlich. Entsprechend gross ist das Potenzial zur Steigerung der Energie- und Ressourceneffizienz bei Geb\u00e4uden. Im schweizweit einzigartigen KREIS-Haus (<strong>K<\/strong>lima und <strong>R<\/strong>essourcen-<strong>E<\/strong>ffizientes <strong>S<\/strong>uffizienz-Haus) in Feldbach am Zu\u0308richsee wird umweltschonende Kreislaufwirtschaft erforscht und erlebbar gemacht. Das Pionierhaus stellt der Forschung einen Raum zur Verfu\u0308gung, um neue kreislauff\u00e4hige Technologien und Materialien in der Praxis auszuprobieren sowie diese der \u00d6ffentlichkeit in Form eines Prototyps vorzustellen.<\/p>\n\n\n\n<h2 class=\"wp-block-heading\">Angewandte Forschung im Geb\u00e4ude<\/h2>\n\n\n\n<p>Interessierte k\u00f6nnen das KREIS-Haus nicht nur besichtigen, sondern auch darin u\u0308bernachten. Dadurch erfahren sie zum einen direkt, wie es sich in einem kreislaufwirtschaftlichen Geb\u00e4ude lebt, zum andern werden sie gleichzeitig auch Teil eines Forschungsprojekts des ZHAW Instituts fu\u0308r Umwelt und Natu\u0308rliche Ressourcen. In diesem wird untersucht, wie sich das KREIS-Haus im Alltag bew\u00e4hrt. In Interaktion mit den Nutzerinnen und Nutzern k\u00f6nnen die Anwendungen getestet und verbessert werden. Ziel des Forschungsprojekts ist die Schaffung eines Wohnalltags, der das Klima und die Umwelt schont.<\/p>\n\n\n\n<figure class=\"wp-block-image size-large\"><a href=\"http:\/\/blog.proclima.com\/ch\/files\/2021\/10\/Kreishaus_3-scaled.jpg\"><img loading=\"lazy\" decoding=\"async\" width=\"1024\" height=\"768\" src=\"http:\/\/blog.proclima.com\/ch\/files\/2021\/10\/Kreishaus_3-1024x768.jpg\" alt=\"\" class=\"wp-image-2600\" srcset=\"https:\/\/blog.proclima.com\/ch\/files\/2021\/10\/Kreishaus_3-1024x768.jpg 1024w, https:\/\/blog.proclima.com\/ch\/files\/2021\/10\/Kreishaus_3-300x225.jpg 300w, https:\/\/blog.proclima.com\/ch\/files\/2021\/10\/Kreishaus_3-768x576.jpg 768w, https:\/\/blog.proclima.com\/ch\/files\/2021\/10\/Kreishaus_3-1536x1152.jpg 1536w, https:\/\/blog.proclima.com\/ch\/files\/2021\/10\/Kreishaus_3-2048x1536.jpg 2048w, https:\/\/blog.proclima.com\/ch\/files\/2021\/10\/Kreishaus_3-400x300.jpg 400w\" sizes=\"auto, (max-width: 1024px) 100vw, 1024px\" \/><\/a><figcaption>Im September wurde das KREIS-Haus er\u00f6ffnet. Es gibt die M\u00f6glichkeit, hier zu \u00fcbernachten und sich selbst von der Bauweise zu \u00fcberzeugen. Allerdings &#8211; die Warteliste ist lang.<\/figcaption><\/figure>\n\n\n\n<!--more-->\n\n\n\n<p>Initiiert und konzipiert wurde das Projekt von Devi Bu\u0308hler, ZHAW-Umweltingenieurin sowie Pr\u00e4sidentin des Vereins Synergy Village. Sie leitet das von u\u0308ber 40 weiteren Partnerinnen und Sponsoren unterstu\u0308tzte Kooperationsprojekt zwischen der ZHAW als Forschungspartnerin und dem Verein Synergy Village als Umsetzungspartner. \u00abWir haben versucht, das Prinzip der Kreislaufwirtschaft bis ins Detail und auf kleinstem Raum umzusetzen\u00bb, erl\u00e4utert Devi Bu\u0308hler. \u00abDamit m\u00f6chten wir im KREIS-Haus als \u2039Praxislabor\u203a sowohl praktische als auch wissenschaftliche Erkenntnisse sammeln, um das nachhaltige und kreislauff\u00e4hige Bauen breitfl\u00e4chig zu f\u00f6rdern.\u00bb<\/p>\n\n\n\n<h2 class=\"wp-block-heading\">Alles nach Kreislauf-Prinzip aufgebaut<\/h2>\n\n\n\n<p>Das KREIS-Haus, welches auf dem Grundstu\u0308ck des Vereins Synergy Village errichtet wurde, besteht aus einer voll ausgebauten kleinen Wohneinheit mit Wintergarten. In der Kreislaufwirtschaft werden Abfallstoffe wieder zu Wertstoffen. Durch dieses zweite oder dritte Leben erh\u00e4lt jeder Stoff seinen individuellen Lebensweg. Fu\u0308r den Bau wurden Naturbaustoffe wie Lehm, Kalk und Holz verwendet, aber auch langlebige, rezyklierte und wiederverwendete Materialien. <\/p>\n\n\n\n<figure class=\"wp-block-image size-large\"><a href=\"https:\/\/blog.proclima.com\/ch\/files\/2021\/10\/Kreishaus_2-scaled.jpg\"><img loading=\"lazy\" decoding=\"async\" width=\"1024\" height=\"768\" src=\"https:\/\/blog.proclima.com\/ch\/files\/2021\/10\/Kreishaus_2-1024x768.jpg\" alt=\"\" class=\"wp-image-2601\" srcset=\"https:\/\/blog.proclima.com\/ch\/files\/2021\/10\/Kreishaus_2-1024x768.jpg 1024w, https:\/\/blog.proclima.com\/ch\/files\/2021\/10\/Kreishaus_2-300x225.jpg 300w, https:\/\/blog.proclima.com\/ch\/files\/2021\/10\/Kreishaus_2-768x576.jpg 768w, https:\/\/blog.proclima.com\/ch\/files\/2021\/10\/Kreishaus_2-1536x1152.jpg 1536w, https:\/\/blog.proclima.com\/ch\/files\/2021\/10\/Kreishaus_2-2048x1536.jpg 2048w, https:\/\/blog.proclima.com\/ch\/files\/2021\/10\/Kreishaus_2-400x300.jpg 400w\" sizes=\"auto, (max-width: 1024px) 100vw, 1024px\" \/><\/a><figcaption>Im Dachgeschoss wurde als Dampfbremse die pro clima DB+ (blau) verbaut. Hier ist die innere Verkleidung aus Lehmplatten noch nicht fertig angebracht.<\/figcaption><\/figure>\n\n\n\n<p>Zum Beispiel besteht ein Fussboden aus rezyklierten Glasscherben oder sind die Fenster wiederverwendet von einem Abbruch. Die Trockentrenntoilette in einem geschlossenen Kreislaufsystem spart Wasser und erm\u00f6glicht die Ru\u0308ckgewinnung von N\u00e4hrstoffen, die nach der Aufbereitung mittels speziellem Verfahren im Dachgarten als Du\u0308nger eingesetzt werden. Leicht verschmutztes Abwasser aus Ku\u0308che und Bad wird direkt im Geb\u00e4ude gereinigt und fu\u0308r die Bew\u00e4sserung genutzt. Der ben\u00f6tigte Strom kommt von den im Wintergarten integrierten Solarmodulen, wobei u\u0308berschu\u0308ssiger Strom in Second Life-Batterien gespeichert wird. Das ganze Haus steht auf einem betonlosen Schraubfundament.<\/p>\n\n\n\n<h1 class=\"wp-block-heading\">KREIS-Haus setzt auf pro clima<\/h1>\n\n\n\n<h2 class=\"wp-block-heading\">Dachaufbau an Ausrichtung und Sonnenstunden angepasst<\/h2>\n\n\n\n<p>Damit die W\u00e4rmed\u00e4mmung tats\u00e4chlich Energie spart und Bausch\u00e4den vermieden werden, braucht es eine funktionierende Luftdichtung. Im Dach kam als luftdichte Schicht die <a href=\"https:\/\/ch.proclima.com\/produkte\/dichtung-innen\/dbplus\">feuchtvariable Dampfbremse DB+<\/a> zum Einsatz. Die \u00f6kologische Bahn aus Baupappe ist seit \u00fcber 30 Jahren erfolgreich am Markt &#8211; ein bew\u00e4hrtes System. Den inneren Abschluss soll k\u00fcnftig eine Tr\u00e4gerplatte mit Lehmputz bilden. Montiert wird diese auf einen horizontalen Rost. Das Dach besteht s\u00fcdseitig aus Glaselementen mit Photovoltaikmodulen. 65% der Dachh\u00e4lfte sind transparent und machen die S\u00fcdh\u00e4lfte zu einem grossen Wintergarten. Nordseitig ist das Dach konventionell aufgebaut.<\/p>\n\n\n\n<p>Zwischen den Sparren befindet sich Schafwolld\u00e4mmung. Die nordseitige Dachh\u00e4lfte wurde zus\u00e4tzlich noch mit einer Holzweichfaserplatte \u00fcberd\u00e4mmt. Darauf montiert, sorgt die Unterdachbahn pro clima <a href=\"https:\/\/ch.proclima.com\/produkte\/dichtung-aussen\/solitex-mento-3000\">SOLITEX MENTO 3000 <\/a>daf\u00fcr, dass die D\u00e4mmung gut funktionieren kann. Den Abschluss auf der Oberseite des Dachs bildet eine Hinterl\u00fcftung und eine Indach-Photovoltaikanlage.<\/p>\n\n\n\n<h2 class=\"wp-block-heading\">Experimenteller Wandaufbau<\/h2>\n\n\n\n<figure class=\"wp-block-image size-large\"><a href=\"https:\/\/blog.proclima.com\/ch\/files\/2021\/10\/Kreishaus_1-scaled.jpg\"><img loading=\"lazy\" decoding=\"async\" width=\"1024\" height=\"768\" src=\"https:\/\/blog.proclima.com\/ch\/files\/2021\/10\/Kreishaus_1-1024x768.jpg\" alt=\"\" class=\"wp-image-2604\" srcset=\"https:\/\/blog.proclima.com\/ch\/files\/2021\/10\/Kreishaus_1-1024x768.jpg 1024w, https:\/\/blog.proclima.com\/ch\/files\/2021\/10\/Kreishaus_1-300x225.jpg 300w, https:\/\/blog.proclima.com\/ch\/files\/2021\/10\/Kreishaus_1-768x576.jpg 768w, https:\/\/blog.proclima.com\/ch\/files\/2021\/10\/Kreishaus_1-1536x1152.jpg 1536w, https:\/\/blog.proclima.com\/ch\/files\/2021\/10\/Kreishaus_1-2048x1536.jpg 2048w, https:\/\/blog.proclima.com\/ch\/files\/2021\/10\/Kreishaus_1-400x300.jpg 400w\" sizes=\"auto, (max-width: 1024px) 100vw, 1024px\" \/><\/a><figcaption>Hier noch zu sehen: die Hochleistungsdampfbremse INTESANA &#8211; vor der Montage der Fassadenverkleidung.<\/figcaption><\/figure>\n\n\n\n<p>Doch nicht nur die umweltschonene Kreislaufwirtschaft des Hauses wird erforscht, auch in der Konstruktion der W\u00e4nde steckt ein Teil des Experiments: Sie bestehen aus 240 mm starken Massivholzelementen. Von aussen sind sie mit der Hochleistungs-Dampfbremse pro clima <a href=\"https:\/\/ch.proclima.com\/produkte\/dichtung-innen\/intesana\">INTESANA<\/a> abgedichtet und waren damit schon w\u00e4hrend der Bauphase vor der Witterung gesch\u00fctzt. Darauf ist ein 120 mm Rost montiert. Er fixiert die zus\u00e4tzliche Lage an Holzfaserd\u00e4mmstoff. F\u00fcr die Winddichtheit sorgt die Fassadenbahn pro clima <a href=\"https:\/\/ch.proclima.com\/produkte\/dichtung-aussen\/solitex-fronta-wa\">FRONTA WA.<\/a> Die Fassadenverkleidung wurde direkt auf die Fassadenbahn montiert &#8211; somit gibt es keine Hinterl\u00fcftung. Genau das ist aber auch Teil des Experimentes. Die Baubewilligung ist daher befristet und sieht eine Nutzungsdauer von nur 5 Jahren vor. Daher stellt dieser Test kein allzu gro\u00dfes Wagnis dar. <\/p>\n\n\n\n<div class=\"wp-block-group\"><div class=\"wp-block-group__inner-container is-layout-flow wp-block-group-is-layout-flow\">\n<div class=\"wp-block-group has-light-gray-background-color has-background\"><div class=\"wp-block-group__inner-container is-layout-flow wp-block-group-is-layout-flow\">\n<h2 class=\"wp-block-heading\">Weitere Informationen<\/h2>\n\n\n\n<ul class=\"wp-block-list\"><li>Website: <a href=\"http:\/\/www.zhaw.ch\/iunr\/kreishaus\" target=\"_blank\" rel=\"noreferrer noopener\">www.zhaw.ch\/iunr\/kreishaus<\/a><\/li><li>Instagram: <a href=\"https:\/\/www.instagram.com\/kreis_haus\/\">@kreis_haus<\/a> <\/li><li>Warteliste \u00dcbernachtung: <a href=\"http:\/\/www.zhaw.ch\/iunr\/kreishaus\/warteliste\">www.zhaw.ch\/iunr\/kreishaus\/warteliste<\/a><br> <\/li><li>pro clima Technik-Hotline: <a href=\"https:\/\/ch.proclima.com\/service\/technikhotline\">https:\/\/ch.proclima.com\/service\/technikhotline<\/a><\/li><li>pro clima Aussendienst: <a href=\"https:\/\/ch.proclima.com\/service\/aussendienst\">https:\/\/ch.proclima.com\/service\/aussendienst<\/a><\/li><\/ul>\n\n\n\n<p><strong>Das pro clima Schweiz Team stellt sich vor:<\/strong><\/p>\n\n\n\n<figure class=\"wp-block-embed is-type-video is-provider-youtube wp-block-embed-youtube wp-embed-aspect-16-9 wp-has-aspect-ratio\"><div class=\"wp-block-embed__wrapper\">\n<iframe loading=\"lazy\" title=\"Das pro clima Schweiz Team stellt sich vor\" width=\"1170\" height=\"658\" src=\"https:\/\/www.youtube.com\/embed\/YJHuAmib5JM?feature=oembed\" frameborder=\"0\" allow=\"accelerometer; autoplay; clipboard-write; encrypted-media; gyroscope; picture-in-picture\" allowfullscreen><\/iframe>\n<\/div><\/figure>\n\n\n\n<h2 class=\"wp-block-heading\">30 Jahre DB+: Was sich seitdem in puncto Luftdichtung ver\u00e4ndert hat<\/h2>\n\n\n\n<figure class=\"wp-block-embed is-type-video is-provider-youtube wp-block-embed-youtube wp-embed-aspect-16-9 wp-has-aspect-ratio\"><div class=\"wp-block-embed__wrapper\">\n<iframe loading=\"lazy\" title=\"Luftdichtung fr\u00fcher und heute: pro clima DB+ ist 30 Jahre alt. Was sich ver\u00e4ndert hat\" width=\"1170\" height=\"658\" src=\"https:\/\/www.youtube.com\/embed\/DdyfyRTeDhU?feature=oembed\" frameborder=\"0\" allow=\"accelerometer; autoplay; clipboard-write; encrypted-media; gyroscope; picture-in-picture\" allowfullscreen><\/iframe>\n<\/div><\/figure>\n<\/div><\/div>\n<\/div><\/div>\n\n\n\n<p><\/p>\n","protected":false},"excerpt":{"rendered":"<p>Der Geb\u00e4udesektor ist fu\u0308r mehr als 40 Prozent des weltweiten Ressourcen- und Energieverbrauchs verantwortlich. Entsprechend gross ist das Potenzial zur Steigerung der Energie- und Ressourceneffizienz <a href=\"https:\/\/blog.proclima.com\/ch\/2021\/10\/13\/forschung-in-der-praxis-einzigartiges-kreis-haus-ist-fertig\/\" rel=\"bookmark\">&#8230;<\/a><\/p>\n","protected":false},"author":31,"featured_media":2600,"comment_status":"open","ping_status":"open","sticky":false,"template":"","format":"standard","meta":{"footnotes":""},"categories":[1,3],"tags":[562,561,560,142,566,564,568,563,565],"class_list":["post-2594","post","type-post","status-publish","format-standard","has-post-thumbnail","hentry","category-allgemein","category-pro-clima","tag-feldbach","tag-forschungsprojekt","tag-kreis-haus","tag-nachhaltigkeit","tag-praxislabor","tag-umwelt-schonen","tag-verein-synergy-village","tag-zhaw","tag-zukunftsfaehig-bauen"],"yoast_head":"<!-- This site is optimized with the Yoast SEO plugin v27.5 - https:\/\/yoast.com\/product\/yoast-seo-wordpress\/ -->\n<title>Forschung in der Praxis: Einzigartiges KREIS-Haus ist fertig - pro clima Schweiz<\/title>\n<meta name=\"robots\" content=\"index, follow, max-snippet:-1, max-image-preview:large, max-video-preview:-1\" \/>\n<link rel=\"canonical\" href=\"https:\/\/blog.proclima.com\/ch\/2021\/10\/13\/forschung-in-der-praxis-einzigartiges-kreis-haus-ist-fertig\/\" \/>\n<meta property=\"og:locale\" content=\"de_DE\" \/>\n<meta property=\"og:type\" content=\"article\" \/>\n<meta property=\"og:title\" content=\"Forschung in der Praxis: Einzigartiges KREIS-Haus ist fertig - pro clima Schweiz\" \/>\n<meta property=\"og:description\" content=\"Der Geb\u00e4udesektor ist fu\u0308r mehr als 40 Prozent des weltweiten Ressourcen- und Energieverbrauchs verantwortlich. Entsprechend gross ist das Potenzial zur Steigerung der Energie- und Ressourceneffizienz ...\" \/>\n<meta property=\"og:url\" content=\"https:\/\/blog.proclima.com\/ch\/2021\/10\/13\/forschung-in-der-praxis-einzigartiges-kreis-haus-ist-fertig\/\" \/>\n<meta property=\"og:site_name\" content=\"pro clima Schweiz\" \/>\n<meta property=\"article:author\" content=\"https:\/\/www.facebook.com\/cornelia.laessing\" \/>\n<meta property=\"article:published_time\" content=\"2021-10-13T12:24:47+00:00\" \/>\n<meta property=\"article:modified_time\" content=\"2021-10-13T12:24:49+00:00\" \/>\n<meta property=\"og:image\" content=\"https:\/\/blog.proclima.com\/ch\/files\/2021\/10\/Kreishaus_3-scaled.jpg\" \/>\n\t<meta property=\"og:image:width\" content=\"2560\" \/>\n\t<meta property=\"og:image:height\" content=\"1920\" \/>\n\t<meta property=\"og:image:type\" content=\"image\/jpeg\" \/>\n<meta name=\"author\" content=\"Cornelia L\u00e4ssing\" \/>\n<meta name=\"twitter:card\" content=\"summary_large_image\" \/>\n<meta name=\"twitter:creator\" content=\"@connylaessing\" \/>\n<meta name=\"twitter:label1\" content=\"Verfasst von\" \/>\n\t<meta name=\"twitter:data1\" content=\"Cornelia L\u00e4ssing\" \/>\n\t<meta name=\"twitter:label2\" content=\"Gesch\u00e4tzte Lesezeit\" \/>\n\t<meta name=\"twitter:data2\" content=\"4\u00a0Minuten\" \/>\n<script type=\"application\/ld+json\" class=\"yoast-schema-graph\">{\"@context\":\"https:\\\/\\\/schema.org\",\"@graph\":[{\"@type\":\"Article\",\"@id\":\"https:\\\/\\\/blog.proclima.com\\\/ch\\\/2021\\\/10\\\/13\\\/forschung-in-der-praxis-einzigartiges-kreis-haus-ist-fertig\\\/#article\",\"isPartOf\":{\"@id\":\"https:\\\/\\\/blog.proclima.com\\\/ch\\\/2021\\\/10\\\/13\\\/forschung-in-der-praxis-einzigartiges-kreis-haus-ist-fertig\\\/\"},\"author\":{\"name\":\"Cornelia L\u00e4ssing\",\"@id\":\"https:\\\/\\\/blog.proclima.com\\\/ch\\\/#\\\/schema\\\/person\\\/5537f09a0342a4a72283791f5f8460b1\"},\"headline\":\"Forschung in der Praxis: Einzigartiges KREIS-Haus ist fertig\",\"datePublished\":\"2021-10-13T12:24:47+00:00\",\"dateModified\":\"2021-10-13T12:24:49+00:00\",\"mainEntityOfPage\":{\"@id\":\"https:\\\/\\\/blog.proclima.com\\\/ch\\\/2021\\\/10\\\/13\\\/forschung-in-der-praxis-einzigartiges-kreis-haus-ist-fertig\\\/\"},\"wordCount\":852,\"commentCount\":1,\"publisher\":{\"@id\":\"https:\\\/\\\/blog.proclima.com\\\/ch\\\/#organization\"},\"image\":{\"@id\":\"https:\\\/\\\/blog.proclima.com\\\/ch\\\/2021\\\/10\\\/13\\\/forschung-in-der-praxis-einzigartiges-kreis-haus-ist-fertig\\\/#primaryimage\"},\"thumbnailUrl\":\"https:\\\/\\\/blog.proclima.com\\\/ch\\\/files\\\/2021\\\/10\\\/Kreishaus_3-scaled.jpg\",\"keywords\":[\"Feldbach\",\"Forschungsprojekt\",\"Kreis-Haus\",\"Nachhaltigkeit\",\"Praxislabor\",\"Umwelt schonen\",\"Verein Synergy Village\",\"ZHAW\",\"Zukunftsf\u00e4hig bauen\"],\"articleSection\":{\"1\":\"pro clima\"},\"inLanguage\":\"de\",\"potentialAction\":[{\"@type\":\"CommentAction\",\"name\":\"Comment\",\"target\":[\"https:\\\/\\\/blog.proclima.com\\\/ch\\\/2021\\\/10\\\/13\\\/forschung-in-der-praxis-einzigartiges-kreis-haus-ist-fertig\\\/#respond\"]}]},{\"@type\":\"WebPage\",\"@id\":\"https:\\\/\\\/blog.proclima.com\\\/ch\\\/2021\\\/10\\\/13\\\/forschung-in-der-praxis-einzigartiges-kreis-haus-ist-fertig\\\/\",\"url\":\"https:\\\/\\\/blog.proclima.com\\\/ch\\\/2021\\\/10\\\/13\\\/forschung-in-der-praxis-einzigartiges-kreis-haus-ist-fertig\\\/\",\"name\":\"Forschung in der Praxis: Einzigartiges KREIS-Haus ist fertig - pro clima Schweiz\",\"isPartOf\":{\"@id\":\"https:\\\/\\\/blog.proclima.com\\\/ch\\\/#website\"},\"primaryImageOfPage\":{\"@id\":\"https:\\\/\\\/blog.proclima.com\\\/ch\\\/2021\\\/10\\\/13\\\/forschung-in-der-praxis-einzigartiges-kreis-haus-ist-fertig\\\/#primaryimage\"},\"image\":{\"@id\":\"https:\\\/\\\/blog.proclima.com\\\/ch\\\/2021\\\/10\\\/13\\\/forschung-in-der-praxis-einzigartiges-kreis-haus-ist-fertig\\\/#primaryimage\"},\"thumbnailUrl\":\"https:\\\/\\\/blog.proclima.com\\\/ch\\\/files\\\/2021\\\/10\\\/Kreishaus_3-scaled.jpg\",\"datePublished\":\"2021-10-13T12:24:47+00:00\",\"dateModified\":\"2021-10-13T12:24:49+00:00\",\"breadcrumb\":{\"@id\":\"https:\\\/\\\/blog.proclima.com\\\/ch\\\/2021\\\/10\\\/13\\\/forschung-in-der-praxis-einzigartiges-kreis-haus-ist-fertig\\\/#breadcrumb\"},\"inLanguage\":\"de\",\"potentialAction\":[{\"@type\":\"ReadAction\",\"target\":[\"https:\\\/\\\/blog.proclima.com\\\/ch\\\/2021\\\/10\\\/13\\\/forschung-in-der-praxis-einzigartiges-kreis-haus-ist-fertig\\\/\"]}]},{\"@type\":\"ImageObject\",\"inLanguage\":\"de\",\"@id\":\"https:\\\/\\\/blog.proclima.com\\\/ch\\\/2021\\\/10\\\/13\\\/forschung-in-der-praxis-einzigartiges-kreis-haus-ist-fertig\\\/#primaryimage\",\"url\":\"https:\\\/\\\/blog.proclima.com\\\/ch\\\/files\\\/2021\\\/10\\\/Kreishaus_3-scaled.jpg\",\"contentUrl\":\"https:\\\/\\\/blog.proclima.com\\\/ch\\\/files\\\/2021\\\/10\\\/Kreishaus_3-scaled.jpg\",\"width\":2560,\"height\":1920},{\"@type\":\"BreadcrumbList\",\"@id\":\"https:\\\/\\\/blog.proclima.com\\\/ch\\\/2021\\\/10\\\/13\\\/forschung-in-der-praxis-einzigartiges-kreis-haus-ist-fertig\\\/#breadcrumb\",\"itemListElement\":[{\"@type\":\"ListItem\",\"position\":1,\"name\":\"Startseite\",\"item\":\"https:\\\/\\\/blog.proclima.com\\\/ch\\\/\"},{\"@type\":\"ListItem\",\"position\":2,\"name\":\"Forschung in der Praxis: Einzigartiges KREIS-Haus ist fertig\"}]},{\"@type\":\"WebSite\",\"@id\":\"https:\\\/\\\/blog.proclima.com\\\/ch\\\/#website\",\"url\":\"https:\\\/\\\/blog.proclima.com\\\/ch\\\/\",\"name\":\"pro clima Schweiz\",\"description\":\"das Blog\",\"publisher\":{\"@id\":\"https:\\\/\\\/blog.proclima.com\\\/ch\\\/#organization\"},\"potentialAction\":[{\"@type\":\"SearchAction\",\"target\":{\"@type\":\"EntryPoint\",\"urlTemplate\":\"https:\\\/\\\/blog.proclima.com\\\/ch\\\/?s={search_term_string}\"},\"query-input\":{\"@type\":\"PropertyValueSpecification\",\"valueRequired\":true,\"valueName\":\"search_term_string\"}}],\"inLanguage\":\"de\"},{\"@type\":\"Organization\",\"@id\":\"https:\\\/\\\/blog.proclima.com\\\/ch\\\/#organization\",\"name\":\"pro clima Schweiz\",\"url\":\"https:\\\/\\\/blog.proclima.com\\\/ch\\\/\",\"logo\":{\"@type\":\"ImageObject\",\"inLanguage\":\"de\",\"@id\":\"https:\\\/\\\/blog.proclima.com\\\/ch\\\/#\\\/schema\\\/logo\\\/image\\\/\",\"url\":\"https:\\\/\\\/blog.proclima.com\\\/ch\\\/files\\\/2025\\\/12\\\/logo_proclima_quadrat.png\",\"contentUrl\":\"https:\\\/\\\/blog.proclima.com\\\/ch\\\/files\\\/2025\\\/12\\\/logo_proclima_quadrat.png\",\"width\":1200,\"height\":1200,\"caption\":\"pro clima Schweiz\"},\"image\":{\"@id\":\"https:\\\/\\\/blog.proclima.com\\\/ch\\\/#\\\/schema\\\/logo\\\/image\\\/\"}},{\"@type\":\"Person\",\"@id\":\"https:\\\/\\\/blog.proclima.com\\\/ch\\\/#\\\/schema\\\/person\\\/5537f09a0342a4a72283791f5f8460b1\",\"name\":\"Cornelia L\u00e4ssing\",\"image\":{\"@type\":\"ImageObject\",\"inLanguage\":\"de\",\"@id\":\"https:\\\/\\\/secure.gravatar.com\\\/avatar\\\/797cab3c8246ef86d414c664408795ffee9205370524e3e617dfed8550e0c4ff?s=96&d=blank&r=g\",\"url\":\"https:\\\/\\\/secure.gravatar.com\\\/avatar\\\/797cab3c8246ef86d414c664408795ffee9205370524e3e617dfed8550e0c4ff?s=96&d=blank&r=g\",\"contentUrl\":\"https:\\\/\\\/secure.gravatar.com\\\/avatar\\\/797cab3c8246ef86d414c664408795ffee9205370524e3e617dfed8550e0c4ff?s=96&d=blank&r=g\",\"caption\":\"Cornelia L\u00e4ssing\"},\"description\":\"Cornelia L\u00e4ssing ist ausgebildete Mediengestalterin und hat sich auf Online-Marketing spezialisiert. Sie betreut u.a. die Social Media Kan\u00e4le von pro clima. Sie ist zudem verantwortlich f\u00fcr die Online-Seminare der pro clima Wissenswerkstatt \u2013 hier wird Bau-Wissen unterhaltsam und einpr\u00e4gend vermittelt.\",\"sameAs\":[\"https:\\\/\\\/www.facebook.com\\\/cornelia.laessing\",\"https:\\\/\\\/www.linkedin.com\\\/in\\\/cornelia-lssing\\\/\",\"https:\\\/\\\/x.com\\\/connylaessing\"],\"url\":\"https:\\\/\\\/blog.proclima.com\\\/ch\\\/author\\\/cornelia\\\/\"}]}<\/script>\n<!-- \/ Yoast SEO plugin. -->","yoast_head_json":{"title":"Forschung in der Praxis: Einzigartiges KREIS-Haus ist fertig - pro clima Schweiz","robots":{"index":"index","follow":"follow","max-snippet":"max-snippet:-1","max-image-preview":"max-image-preview:large","max-video-preview":"max-video-preview:-1"},"canonical":"https:\/\/blog.proclima.com\/ch\/2021\/10\/13\/forschung-in-der-praxis-einzigartiges-kreis-haus-ist-fertig\/","og_locale":"de_DE","og_type":"article","og_title":"Forschung in der Praxis: Einzigartiges KREIS-Haus ist fertig - pro clima Schweiz","og_description":"Der Geb\u00e4udesektor ist fu\u0308r mehr als 40 Prozent des weltweiten Ressourcen- und Energieverbrauchs verantwortlich. Entsprechend gross ist das Potenzial zur Steigerung der Energie- und Ressourceneffizienz ...","og_url":"https:\/\/blog.proclima.com\/ch\/2021\/10\/13\/forschung-in-der-praxis-einzigartiges-kreis-haus-ist-fertig\/","og_site_name":"pro clima Schweiz","article_author":"https:\/\/www.facebook.com\/cornelia.laessing","article_published_time":"2021-10-13T12:24:47+00:00","article_modified_time":"2021-10-13T12:24:49+00:00","og_image":[{"width":2560,"height":1920,"url":"https:\/\/blog.proclima.com\/ch\/files\/2021\/10\/Kreishaus_3-scaled.jpg","type":"image\/jpeg"}],"author":"Cornelia L\u00e4ssing","twitter_card":"summary_large_image","twitter_creator":"@connylaessing","twitter_misc":{"Verfasst von":"Cornelia L\u00e4ssing","Gesch\u00e4tzte Lesezeit":"4\u00a0Minuten"},"schema":{"@context":"https:\/\/schema.org","@graph":[{"@type":"Article","@id":"https:\/\/blog.proclima.com\/ch\/2021\/10\/13\/forschung-in-der-praxis-einzigartiges-kreis-haus-ist-fertig\/#article","isPartOf":{"@id":"https:\/\/blog.proclima.com\/ch\/2021\/10\/13\/forschung-in-der-praxis-einzigartiges-kreis-haus-ist-fertig\/"},"author":{"name":"Cornelia L\u00e4ssing","@id":"https:\/\/blog.proclima.com\/ch\/#\/schema\/person\/5537f09a0342a4a72283791f5f8460b1"},"headline":"Forschung in der Praxis: Einzigartiges KREIS-Haus ist fertig","datePublished":"2021-10-13T12:24:47+00:00","dateModified":"2021-10-13T12:24:49+00:00","mainEntityOfPage":{"@id":"https:\/\/blog.proclima.com\/ch\/2021\/10\/13\/forschung-in-der-praxis-einzigartiges-kreis-haus-ist-fertig\/"},"wordCount":852,"commentCount":1,"publisher":{"@id":"https:\/\/blog.proclima.com\/ch\/#organization"},"image":{"@id":"https:\/\/blog.proclima.com\/ch\/2021\/10\/13\/forschung-in-der-praxis-einzigartiges-kreis-haus-ist-fertig\/#primaryimage"},"thumbnailUrl":"https:\/\/blog.proclima.com\/ch\/files\/2021\/10\/Kreishaus_3-scaled.jpg","keywords":["Feldbach","Forschungsprojekt","Kreis-Haus","Nachhaltigkeit","Praxislabor","Umwelt schonen","Verein Synergy Village","ZHAW","Zukunftsf\u00e4hig bauen"],"articleSection":{"1":"pro clima"},"inLanguage":"de","potentialAction":[{"@type":"CommentAction","name":"Comment","target":["https:\/\/blog.proclima.com\/ch\/2021\/10\/13\/forschung-in-der-praxis-einzigartiges-kreis-haus-ist-fertig\/#respond"]}]},{"@type":"WebPage","@id":"https:\/\/blog.proclima.com\/ch\/2021\/10\/13\/forschung-in-der-praxis-einzigartiges-kreis-haus-ist-fertig\/","url":"https:\/\/blog.proclima.com\/ch\/2021\/10\/13\/forschung-in-der-praxis-einzigartiges-kreis-haus-ist-fertig\/","name":"Forschung in der Praxis: Einzigartiges KREIS-Haus ist fertig - pro clima Schweiz","isPartOf":{"@id":"https:\/\/blog.proclima.com\/ch\/#website"},"primaryImageOfPage":{"@id":"https:\/\/blog.proclima.com\/ch\/2021\/10\/13\/forschung-in-der-praxis-einzigartiges-kreis-haus-ist-fertig\/#primaryimage"},"image":{"@id":"https:\/\/blog.proclima.com\/ch\/2021\/10\/13\/forschung-in-der-praxis-einzigartiges-kreis-haus-ist-fertig\/#primaryimage"},"thumbnailUrl":"https:\/\/blog.proclima.com\/ch\/files\/2021\/10\/Kreishaus_3-scaled.jpg","datePublished":"2021-10-13T12:24:47+00:00","dateModified":"2021-10-13T12:24:49+00:00","breadcrumb":{"@id":"https:\/\/blog.proclima.com\/ch\/2021\/10\/13\/forschung-in-der-praxis-einzigartiges-kreis-haus-ist-fertig\/#breadcrumb"},"inLanguage":"de","potentialAction":[{"@type":"ReadAction","target":["https:\/\/blog.proclima.com\/ch\/2021\/10\/13\/forschung-in-der-praxis-einzigartiges-kreis-haus-ist-fertig\/"]}]},{"@type":"ImageObject","inLanguage":"de","@id":"https:\/\/blog.proclima.com\/ch\/2021\/10\/13\/forschung-in-der-praxis-einzigartiges-kreis-haus-ist-fertig\/#primaryimage","url":"https:\/\/blog.proclima.com\/ch\/files\/2021\/10\/Kreishaus_3-scaled.jpg","contentUrl":"https:\/\/blog.proclima.com\/ch\/files\/2021\/10\/Kreishaus_3-scaled.jpg","width":2560,"height":1920},{"@type":"BreadcrumbList","@id":"https:\/\/blog.proclima.com\/ch\/2021\/10\/13\/forschung-in-der-praxis-einzigartiges-kreis-haus-ist-fertig\/#breadcrumb","itemListElement":[{"@type":"ListItem","position":1,"name":"Startseite","item":"https:\/\/blog.proclima.com\/ch\/"},{"@type":"ListItem","position":2,"name":"Forschung in der Praxis: Einzigartiges KREIS-Haus ist fertig"}]},{"@type":"WebSite","@id":"https:\/\/blog.proclima.com\/ch\/#website","url":"https:\/\/blog.proclima.com\/ch\/","name":"pro clima Schweiz","description":"das Blog","publisher":{"@id":"https:\/\/blog.proclima.com\/ch\/#organization"},"potentialAction":[{"@type":"SearchAction","target":{"@type":"EntryPoint","urlTemplate":"https:\/\/blog.proclima.com\/ch\/?s={search_term_string}"},"query-input":{"@type":"PropertyValueSpecification","valueRequired":true,"valueName":"search_term_string"}}],"inLanguage":"de"},{"@type":"Organization","@id":"https:\/\/blog.proclima.com\/ch\/#organization","name":"pro clima Schweiz","url":"https:\/\/blog.proclima.com\/ch\/","logo":{"@type":"ImageObject","inLanguage":"de","@id":"https:\/\/blog.proclima.com\/ch\/#\/schema\/logo\/image\/","url":"https:\/\/blog.proclima.com\/ch\/files\/2025\/12\/logo_proclima_quadrat.png","contentUrl":"https:\/\/blog.proclima.com\/ch\/files\/2025\/12\/logo_proclima_quadrat.png","width":1200,"height":1200,"caption":"pro clima Schweiz"},"image":{"@id":"https:\/\/blog.proclima.com\/ch\/#\/schema\/logo\/image\/"}},{"@type":"Person","@id":"https:\/\/blog.proclima.com\/ch\/#\/schema\/person\/5537f09a0342a4a72283791f5f8460b1","name":"Cornelia L\u00e4ssing","image":{"@type":"ImageObject","inLanguage":"de","@id":"https:\/\/secure.gravatar.com\/avatar\/797cab3c8246ef86d414c664408795ffee9205370524e3e617dfed8550e0c4ff?s=96&d=blank&r=g","url":"https:\/\/secure.gravatar.com\/avatar\/797cab3c8246ef86d414c664408795ffee9205370524e3e617dfed8550e0c4ff?s=96&d=blank&r=g","contentUrl":"https:\/\/secure.gravatar.com\/avatar\/797cab3c8246ef86d414c664408795ffee9205370524e3e617dfed8550e0c4ff?s=96&d=blank&r=g","caption":"Cornelia L\u00e4ssing"},"description":"Cornelia L\u00e4ssing ist ausgebildete Mediengestalterin und hat sich auf Online-Marketing spezialisiert. Sie betreut u.a. die Social Media Kan\u00e4le von pro clima. Sie ist zudem verantwortlich f\u00fcr die Online-Seminare der pro clima Wissenswerkstatt \u2013 hier wird Bau-Wissen unterhaltsam und einpr\u00e4gend vermittelt.","sameAs":["https:\/\/www.facebook.com\/cornelia.laessing","https:\/\/www.linkedin.com\/in\/cornelia-lssing\/","https:\/\/x.com\/connylaessing"],"url":"https:\/\/blog.proclima.com\/ch\/author\/cornelia\/"}]}},"_links":{"self":[{"href":"https:\/\/blog.proclima.com\/ch\/wp-json\/wp\/v2\/posts\/2594","targetHints":{"allow":["GET"]}}],"collection":[{"href":"https:\/\/blog.proclima.com\/ch\/wp-json\/wp\/v2\/posts"}],"about":[{"href":"https:\/\/blog.proclima.com\/ch\/wp-json\/wp\/v2\/types\/post"}],"author":[{"embeddable":true,"href":"https:\/\/blog.proclima.com\/ch\/wp-json\/wp\/v2\/users\/31"}],"replies":[{"embeddable":true,"href":"https:\/\/blog.proclima.com\/ch\/wp-json\/wp\/v2\/comments?post=2594"}],"version-history":[{"count":9,"href":"https:\/\/blog.proclima.com\/ch\/wp-json\/wp\/v2\/posts\/2594\/revisions"}],"predecessor-version":[{"id":2608,"href":"https:\/\/blog.proclima.com\/ch\/wp-json\/wp\/v2\/posts\/2594\/revisions\/2608"}],"wp:featuredmedia":[{"embeddable":true,"href":"https:\/\/blog.proclima.com\/ch\/wp-json\/wp\/v2\/media\/2600"}],"wp:attachment":[{"href":"https:\/\/blog.proclima.com\/ch\/wp-json\/wp\/v2\/media?parent=2594"}],"wp:term":[{"taxonomy":"category","embeddable":true,"href":"https:\/\/blog.proclima.com\/ch\/wp-json\/wp\/v2\/categories?post=2594"},{"taxonomy":"post_tag","embeddable":true,"href":"https:\/\/blog.proclima.com\/ch\/wp-json\/wp\/v2\/tags?post=2594"}],"curies":[{"name":"wp","href":"https:\/\/api.w.org\/{rel}","templated":true}]}}