
{"id":2534,"date":"2020-10-28T13:36:09","date_gmt":"2020-10-28T12:36:09","guid":{"rendered":"http:\/\/blog.proclima.com\/ch\/?p=2534"},"modified":"2020-10-28T13:36:12","modified_gmt":"2020-10-28T12:36:12","slug":"spital-dornach-schutz-solitex-adhero","status":"publish","type":"post","link":"https:\/\/blog.proclima.com\/ch\/2020\/10\/28\/spital-dornach-schutz-solitex-adhero\/","title":{"rendered":"Die Stamm Bau AG sch\u00fctzt das Spital Dornach mit SOLITEX ADHERO"},"content":{"rendered":"\n<p><em>Bei modernen Bauten in Holzmodulbauweise ist der Witterungsschutz w\u00e4hrend der Bauphase essentiell wichtig. Dies ist jedoch meist eine grosse Herausforderung f\u00fcr Planer und Handwerker. Denn: konventionelle Abdeckplanen k\u00f6nnen oft nicht zeitnah und sturmsicher eingesetzt werden. pro clima hat hier nun eine einfache und perfekte L\u00f6sung entwickelt: die vollfl\u00e4chig klebende Luftdichtungs- und Witterungsschutzbahn <a href=\"https:\/\/ch.proclima.com\/produkte\/dichtung-aussen\/solitex-adhero\" target=\"_blank\" rel=\"noreferrer noopener\">SOLITEX ADHERO.<\/a><\/em><\/p>\n\n\n\n<figure class=\"wp-block-gallery columns-4 wp-block-gallery-1 is-layout-flex wp-block-gallery-is-layout-flex\"><ul class=\"blocks-gallery-grid\"><li class=\"blocks-gallery-item\"><figure><a href=\"http:\/\/blog.proclima.com\/ch\/files\/2020\/09\/witterungsschutzbahn-solitex-adhero-holzbau-modularbauweise-1.jpg\"><img loading=\"lazy\" decoding=\"async\" width=\"1024\" height=\"683\" data-size=\"1200x800\" src=\"http:\/\/blog.proclima.com\/ch\/files\/2020\/09\/witterungsschutzbahn-solitex-adhero-holzbau-modularbauweise-1-1024x683.jpg\" alt=\"\" data-id=\"2537\" data-full-url=\"http:\/\/blog.proclima.com\/ch\/files\/2020\/09\/witterungsschutzbahn-solitex-adhero-holzbau-modularbauweise-1.jpg\" data-link=\"http:\/\/blog.proclima.com\/ch\/?attachment_id=2537\" class=\"wp-image-2537\" srcset=\"https:\/\/blog.proclima.com\/ch\/files\/2020\/09\/witterungsschutzbahn-solitex-adhero-holzbau-modularbauweise-1-1024x683.jpg 1024w, https:\/\/blog.proclima.com\/ch\/files\/2020\/09\/witterungsschutzbahn-solitex-adhero-holzbau-modularbauweise-1-300x200.jpg 300w, https:\/\/blog.proclima.com\/ch\/files\/2020\/09\/witterungsschutzbahn-solitex-adhero-holzbau-modularbauweise-1-768x512.jpg 768w, https:\/\/blog.proclima.com\/ch\/files\/2020\/09\/witterungsschutzbahn-solitex-adhero-holzbau-modularbauweise-1-450x300.jpg 450w, https:\/\/blog.proclima.com\/ch\/files\/2020\/09\/witterungsschutzbahn-solitex-adhero-holzbau-modularbauweise-1.jpg 1200w\" sizes=\"auto, (max-width: 1024px) 100vw, 1024px\" \/><\/a><\/figure><\/li><li class=\"blocks-gallery-item\"><figure><a href=\"http:\/\/blog.proclima.com\/ch\/files\/2020\/09\/witterungsschutzbahn-solitex-adhero-holzbau-modularbauweise-2.jpg\"><img loading=\"lazy\" decoding=\"async\" width=\"1024\" height=\"683\" data-size=\"1200x800\" src=\"http:\/\/blog.proclima.com\/ch\/files\/2020\/09\/witterungsschutzbahn-solitex-adhero-holzbau-modularbauweise-2-1024x683.jpg\" alt=\"\" data-id=\"2539\" data-full-url=\"http:\/\/blog.proclima.com\/ch\/files\/2020\/09\/witterungsschutzbahn-solitex-adhero-holzbau-modularbauweise-2.jpg\" data-link=\"http:\/\/blog.proclima.com\/ch\/?attachment_id=2539\" class=\"wp-image-2539\" srcset=\"https:\/\/blog.proclima.com\/ch\/files\/2020\/09\/witterungsschutzbahn-solitex-adhero-holzbau-modularbauweise-2-1024x683.jpg 1024w, https:\/\/blog.proclima.com\/ch\/files\/2020\/09\/witterungsschutzbahn-solitex-adhero-holzbau-modularbauweise-2-300x200.jpg 300w, https:\/\/blog.proclima.com\/ch\/files\/2020\/09\/witterungsschutzbahn-solitex-adhero-holzbau-modularbauweise-2-768x512.jpg 768w, https:\/\/blog.proclima.com\/ch\/files\/2020\/09\/witterungsschutzbahn-solitex-adhero-holzbau-modularbauweise-2-450x300.jpg 450w, https:\/\/blog.proclima.com\/ch\/files\/2020\/09\/witterungsschutzbahn-solitex-adhero-holzbau-modularbauweise-2.jpg 1200w\" sizes=\"auto, (max-width: 1024px) 100vw, 1024px\" \/><\/a><\/figure><\/li><li class=\"blocks-gallery-item\"><figure><a href=\"http:\/\/blog.proclima.com\/ch\/files\/2020\/09\/witterungsschutzbahn-solitex-adhero-holzbau-modularbauweise-3.jpg\"><img loading=\"lazy\" decoding=\"async\" width=\"1024\" height=\"683\" data-size=\"1200x800\" src=\"http:\/\/blog.proclima.com\/ch\/files\/2020\/09\/witterungsschutzbahn-solitex-adhero-holzbau-modularbauweise-3-1024x683.jpg\" alt=\"\" data-id=\"2540\" data-full-url=\"http:\/\/blog.proclima.com\/ch\/files\/2020\/09\/witterungsschutzbahn-solitex-adhero-holzbau-modularbauweise-3.jpg\" data-link=\"http:\/\/blog.proclima.com\/ch\/?attachment_id=2540\" class=\"wp-image-2540\" srcset=\"https:\/\/blog.proclima.com\/ch\/files\/2020\/09\/witterungsschutzbahn-solitex-adhero-holzbau-modularbauweise-3-1024x683.jpg 1024w, https:\/\/blog.proclima.com\/ch\/files\/2020\/09\/witterungsschutzbahn-solitex-adhero-holzbau-modularbauweise-3-300x200.jpg 300w, https:\/\/blog.proclima.com\/ch\/files\/2020\/09\/witterungsschutzbahn-solitex-adhero-holzbau-modularbauweise-3-768x512.jpg 768w, https:\/\/blog.proclima.com\/ch\/files\/2020\/09\/witterungsschutzbahn-solitex-adhero-holzbau-modularbauweise-3-450x300.jpg 450w, https:\/\/blog.proclima.com\/ch\/files\/2020\/09\/witterungsschutzbahn-solitex-adhero-holzbau-modularbauweise-3.jpg 1200w\" sizes=\"auto, (max-width: 1024px) 100vw, 1024px\" \/><\/a><\/figure><\/li><li class=\"blocks-gallery-item\"><figure><a href=\"http:\/\/blog.proclima.com\/ch\/files\/2020\/09\/witterungsschutzbahn-solitex-adhero-holzbau-modularbauweise-4.jpg\"><img loading=\"lazy\" decoding=\"async\" width=\"1024\" height=\"683\" data-size=\"1200x800\" src=\"http:\/\/blog.proclima.com\/ch\/files\/2020\/09\/witterungsschutzbahn-solitex-adhero-holzbau-modularbauweise-4-1024x683.jpg\" alt=\"\" data-id=\"2541\" data-full-url=\"http:\/\/blog.proclima.com\/ch\/files\/2020\/09\/witterungsschutzbahn-solitex-adhero-holzbau-modularbauweise-4.jpg\" data-link=\"http:\/\/blog.proclima.com\/ch\/?attachment_id=2541\" class=\"wp-image-2541\" srcset=\"https:\/\/blog.proclima.com\/ch\/files\/2020\/09\/witterungsschutzbahn-solitex-adhero-holzbau-modularbauweise-4-1024x683.jpg 1024w, https:\/\/blog.proclima.com\/ch\/files\/2020\/09\/witterungsschutzbahn-solitex-adhero-holzbau-modularbauweise-4-300x200.jpg 300w, https:\/\/blog.proclima.com\/ch\/files\/2020\/09\/witterungsschutzbahn-solitex-adhero-holzbau-modularbauweise-4-768x512.jpg 768w, https:\/\/blog.proclima.com\/ch\/files\/2020\/09\/witterungsschutzbahn-solitex-adhero-holzbau-modularbauweise-4-450x300.jpg 450w, https:\/\/blog.proclima.com\/ch\/files\/2020\/09\/witterungsschutzbahn-solitex-adhero-holzbau-modularbauweise-4.jpg 1200w\" sizes=\"auto, (max-width: 1024px) 100vw, 1024px\" \/><\/a><\/figure><\/li><li class=\"blocks-gallery-item\"><figure><a href=\"http:\/\/blog.proclima.com\/ch\/files\/2020\/09\/witterungsschutzbahn-solitex-adhero-holzbau-modularbauweise-5.jpg\"><img loading=\"lazy\" decoding=\"async\" width=\"1024\" height=\"683\" data-size=\"1200x800\" src=\"http:\/\/blog.proclima.com\/ch\/files\/2020\/09\/witterungsschutzbahn-solitex-adhero-holzbau-modularbauweise-5-1024x683.jpg\" alt=\"\" data-id=\"2542\" data-full-url=\"http:\/\/blog.proclima.com\/ch\/files\/2020\/09\/witterungsschutzbahn-solitex-adhero-holzbau-modularbauweise-5.jpg\" data-link=\"http:\/\/blog.proclima.com\/ch\/?attachment_id=2542\" class=\"wp-image-2542\" srcset=\"https:\/\/blog.proclima.com\/ch\/files\/2020\/09\/witterungsschutzbahn-solitex-adhero-holzbau-modularbauweise-5-1024x683.jpg 1024w, https:\/\/blog.proclima.com\/ch\/files\/2020\/09\/witterungsschutzbahn-solitex-adhero-holzbau-modularbauweise-5-300x200.jpg 300w, https:\/\/blog.proclima.com\/ch\/files\/2020\/09\/witterungsschutzbahn-solitex-adhero-holzbau-modularbauweise-5-768x512.jpg 768w, https:\/\/blog.proclima.com\/ch\/files\/2020\/09\/witterungsschutzbahn-solitex-adhero-holzbau-modularbauweise-5-450x300.jpg 450w, https:\/\/blog.proclima.com\/ch\/files\/2020\/09\/witterungsschutzbahn-solitex-adhero-holzbau-modularbauweise-5.jpg 1200w\" sizes=\"auto, (max-width: 1024px) 100vw, 1024px\" \/><\/a><\/figure><\/li><li class=\"blocks-gallery-item\"><figure><a href=\"http:\/\/blog.proclima.com\/ch\/files\/2020\/09\/witterungsschutzbahn-solitex-adhero-holzbau-modularbauweise-6.jpg\"><img loading=\"lazy\" decoding=\"async\" width=\"1024\" height=\"683\" data-size=\"1200x800\" src=\"http:\/\/blog.proclima.com\/ch\/files\/2020\/09\/witterungsschutzbahn-solitex-adhero-holzbau-modularbauweise-6-1024x683.jpg\" alt=\"\" data-id=\"2543\" data-full-url=\"http:\/\/blog.proclima.com\/ch\/files\/2020\/09\/witterungsschutzbahn-solitex-adhero-holzbau-modularbauweise-6.jpg\" data-link=\"http:\/\/blog.proclima.com\/ch\/?attachment_id=2543\" class=\"wp-image-2543\" srcset=\"https:\/\/blog.proclima.com\/ch\/files\/2020\/09\/witterungsschutzbahn-solitex-adhero-holzbau-modularbauweise-6-1024x683.jpg 1024w, https:\/\/blog.proclima.com\/ch\/files\/2020\/09\/witterungsschutzbahn-solitex-adhero-holzbau-modularbauweise-6-300x200.jpg 300w, https:\/\/blog.proclima.com\/ch\/files\/2020\/09\/witterungsschutzbahn-solitex-adhero-holzbau-modularbauweise-6-768x512.jpg 768w, https:\/\/blog.proclima.com\/ch\/files\/2020\/09\/witterungsschutzbahn-solitex-adhero-holzbau-modularbauweise-6-450x300.jpg 450w, https:\/\/blog.proclima.com\/ch\/files\/2020\/09\/witterungsschutzbahn-solitex-adhero-holzbau-modularbauweise-6.jpg 1200w\" sizes=\"auto, (max-width: 1024px) 100vw, 1024px\" \/><\/a><\/figure><\/li><li class=\"blocks-gallery-item\"><figure><a href=\"http:\/\/blog.proclima.com\/ch\/files\/2020\/09\/witterungsschutzbahn-solitex-adhero-holzbau-modularbauweise-7.jpg\"><img loading=\"lazy\" decoding=\"async\" width=\"1024\" height=\"683\" data-size=\"1200x800\" src=\"http:\/\/blog.proclima.com\/ch\/files\/2020\/09\/witterungsschutzbahn-solitex-adhero-holzbau-modularbauweise-7-1024x683.jpg\" alt=\"\" data-id=\"2544\" data-full-url=\"http:\/\/blog.proclima.com\/ch\/files\/2020\/09\/witterungsschutzbahn-solitex-adhero-holzbau-modularbauweise-7.jpg\" data-link=\"http:\/\/blog.proclima.com\/ch\/?attachment_id=2544\" class=\"wp-image-2544\" srcset=\"https:\/\/blog.proclima.com\/ch\/files\/2020\/09\/witterungsschutzbahn-solitex-adhero-holzbau-modularbauweise-7-1024x683.jpg 1024w, https:\/\/blog.proclima.com\/ch\/files\/2020\/09\/witterungsschutzbahn-solitex-adhero-holzbau-modularbauweise-7-300x200.jpg 300w, https:\/\/blog.proclima.com\/ch\/files\/2020\/09\/witterungsschutzbahn-solitex-adhero-holzbau-modularbauweise-7-768x512.jpg 768w, https:\/\/blog.proclima.com\/ch\/files\/2020\/09\/witterungsschutzbahn-solitex-adhero-holzbau-modularbauweise-7-450x300.jpg 450w, https:\/\/blog.proclima.com\/ch\/files\/2020\/09\/witterungsschutzbahn-solitex-adhero-holzbau-modularbauweise-7.jpg 1200w\" sizes=\"auto, (max-width: 1024px) 100vw, 1024px\" \/><\/a><\/figure><\/li><li class=\"blocks-gallery-item\"><figure><a href=\"http:\/\/blog.proclima.com\/ch\/files\/2020\/09\/witterungsschutzbahn-solitex-adhero-holzbau-modularbauweise-8.jpg\"><img loading=\"lazy\" decoding=\"async\" width=\"1024\" height=\"683\" data-size=\"1200x800\" src=\"http:\/\/blog.proclima.com\/ch\/files\/2020\/09\/witterungsschutzbahn-solitex-adhero-holzbau-modularbauweise-8-1024x683.jpg\" alt=\"\" data-id=\"2545\" data-full-url=\"http:\/\/blog.proclima.com\/ch\/files\/2020\/09\/witterungsschutzbahn-solitex-adhero-holzbau-modularbauweise-8.jpg\" data-link=\"http:\/\/blog.proclima.com\/ch\/?attachment_id=2545\" class=\"wp-image-2545\" srcset=\"https:\/\/blog.proclima.com\/ch\/files\/2020\/09\/witterungsschutzbahn-solitex-adhero-holzbau-modularbauweise-8-1024x683.jpg 1024w, https:\/\/blog.proclima.com\/ch\/files\/2020\/09\/witterungsschutzbahn-solitex-adhero-holzbau-modularbauweise-8-300x200.jpg 300w, https:\/\/blog.proclima.com\/ch\/files\/2020\/09\/witterungsschutzbahn-solitex-adhero-holzbau-modularbauweise-8-768x512.jpg 768w, https:\/\/blog.proclima.com\/ch\/files\/2020\/09\/witterungsschutzbahn-solitex-adhero-holzbau-modularbauweise-8-450x300.jpg 450w, https:\/\/blog.proclima.com\/ch\/files\/2020\/09\/witterungsschutzbahn-solitex-adhero-holzbau-modularbauweise-8.jpg 1200w\" sizes=\"auto, (max-width: 1024px) 100vw, 1024px\" \/><\/a><\/figure><\/li><li class=\"blocks-gallery-item\"><figure><a href=\"http:\/\/blog.proclima.com\/ch\/files\/2020\/09\/witterungsschutzbahn-solitex-adhero-holzbau-modularbauweise-9.jpg\"><img loading=\"lazy\" decoding=\"async\" width=\"1024\" height=\"683\" data-size=\"1200x800\" src=\"http:\/\/blog.proclima.com\/ch\/files\/2020\/09\/witterungsschutzbahn-solitex-adhero-holzbau-modularbauweise-9-1024x683.jpg\" alt=\"\" data-id=\"2546\" data-full-url=\"http:\/\/blog.proclima.com\/ch\/files\/2020\/09\/witterungsschutzbahn-solitex-adhero-holzbau-modularbauweise-9.jpg\" data-link=\"http:\/\/blog.proclima.com\/ch\/?attachment_id=2546\" class=\"wp-image-2546\" srcset=\"https:\/\/blog.proclima.com\/ch\/files\/2020\/09\/witterungsschutzbahn-solitex-adhero-holzbau-modularbauweise-9-1024x683.jpg 1024w, https:\/\/blog.proclima.com\/ch\/files\/2020\/09\/witterungsschutzbahn-solitex-adhero-holzbau-modularbauweise-9-300x200.jpg 300w, https:\/\/blog.proclima.com\/ch\/files\/2020\/09\/witterungsschutzbahn-solitex-adhero-holzbau-modularbauweise-9-768x512.jpg 768w, https:\/\/blog.proclima.com\/ch\/files\/2020\/09\/witterungsschutzbahn-solitex-adhero-holzbau-modularbauweise-9-450x300.jpg 450w, https:\/\/blog.proclima.com\/ch\/files\/2020\/09\/witterungsschutzbahn-solitex-adhero-holzbau-modularbauweise-9.jpg 1200w\" sizes=\"auto, (max-width: 1024px) 100vw, 1024px\" \/><\/a><\/figure><\/li><li class=\"blocks-gallery-item\"><figure><a href=\"http:\/\/blog.proclima.com\/ch\/files\/2020\/09\/witterungsschutzbahn-solitex-adhero-holzbau-modularbauweise-0.jpg\"><img loading=\"lazy\" decoding=\"async\" width=\"1024\" height=\"683\" data-size=\"1200x800\" src=\"http:\/\/blog.proclima.com\/ch\/files\/2020\/09\/witterungsschutzbahn-solitex-adhero-holzbau-modularbauweise-0-1024x683.jpg\" alt=\"\" data-id=\"2547\" data-full-url=\"http:\/\/blog.proclima.com\/ch\/files\/2020\/09\/witterungsschutzbahn-solitex-adhero-holzbau-modularbauweise-0.jpg\" data-link=\"http:\/\/blog.proclima.com\/ch\/?attachment_id=2547\" class=\"wp-image-2547\" srcset=\"https:\/\/blog.proclima.com\/ch\/files\/2020\/09\/witterungsschutzbahn-solitex-adhero-holzbau-modularbauweise-0-1024x683.jpg 1024w, https:\/\/blog.proclima.com\/ch\/files\/2020\/09\/witterungsschutzbahn-solitex-adhero-holzbau-modularbauweise-0-300x200.jpg 300w, https:\/\/blog.proclima.com\/ch\/files\/2020\/09\/witterungsschutzbahn-solitex-adhero-holzbau-modularbauweise-0-768x512.jpg 768w, https:\/\/blog.proclima.com\/ch\/files\/2020\/09\/witterungsschutzbahn-solitex-adhero-holzbau-modularbauweise-0-450x300.jpg 450w, https:\/\/blog.proclima.com\/ch\/files\/2020\/09\/witterungsschutzbahn-solitex-adhero-holzbau-modularbauweise-0.jpg 1200w\" sizes=\"auto, (max-width: 1024px) 100vw, 1024px\" \/><\/a><\/figure><\/li><\/ul><figcaption class=\"blocks-gallery-caption\">Bildquelle: Stamm Bau AG<a href=\"http:\/\/www.stamm-bau.ch\" target=\"_blank\" rel=\"noreferrer noopener\"> www.stamm-bau.ch<\/a><\/figcaption><\/figure>\n\n\n\n<p>Wer mit hoher Qualit\u00e4t baut und plant, \u00fcberl\u00e4sst nichts dem Zufall &#8211; also auch nicht dem Wetter. Eine tempor\u00e4re \u00dcberdachung \u00fcber der ganzen Baustelle ist jedoch kostenintensiv und bei grossen Baustellen nicht ohne weiteres realisierbar. Zudem w\u00fcrden tempor\u00e4re D\u00e4cher Kranarbeiten behindern. Bisher war es daher ein Gl\u00fccksspiel, ob ein Geb\u00e4ude mit aussergew\u00f6hnlicher Baufeuchte konfrontiert wurde oder nicht. Viele Bauunternehmen versuchen daher Einfamilien- und mittelgrosse Mehrfamilienh\u00e4userin Sch\u00f6nwetterperioden fertig gedeckt aufzurichten. Diese Methode ist bei Grossbaustellen jedoch kaum m\u00f6glich.<\/p>\n\n\n\n<p>Daher w\u00e4hlt die Stamm Bau AG eine neue und clevere L\u00f6sung: Die vollfl\u00e4chig klebende Luftdichtungs- und Witterungsschutzbahn pro clima <a href=\"https:\/\/ch.proclima.com\/produkte\/dichtung-aussen\/solitex-adhero\" target=\"_blank\" rel=\"noreferrer noopener\">SOLITEX ADHERO<\/a>. Dieser Witterungsschutz ist die beste L\u00f6sung f\u00fcr Baustellen. Mit dieser Variante wird ein diffusionsf\u00e4higer und maximal schlagregendichter Schutz bereits in der Produktionshalle eingebaut.<\/p>\n\n\n\n<p>Die Verarbeitung von <a href=\"https:\/\/ch.proclima.com\/produkte\/dichtung-aussen\/solitex-adhero\" target=\"_blank\" rel=\"noreferrer noopener\">SOLITEX ADHERO<\/a> ist durch geteilte Trennfolien leichter. Die Bahn haftet sofort auf tragf\u00e4higen Untergr\u00fcnden und muss nicht zus\u00e4tzlich mechanisch befestigt werden. Mit der TEEE-Membran-Technologie ist h\u00f6chste Alterungs- und Hitzebest\u00e4ndigkeit und somit dauerhafter Schutz gew\u00e4hrleistet. Bei geneigten D\u00e4chern und W\u00e4nden ist eine Freibewitterung von bis zu 3 Monaten m\u00f6glich. Bei der Bauzeitabdichtung von Decken sind es bis zu 4 Wochen Freibewitterung.<\/p>\n\n\n\n<p>Die Stamm Bau AG und das Spital Dornach nutzen die Vorteile der Modulbauweise und bauen dynamisch, qualitativ und umweltschonend. Die einzelnen Module werden in den Werkhallen der Stamm Bau AG in Arlesheim vorfabriziert, wobei auch bereits <a href=\"https:\/\/ch.proclima.com\/produkte\/dichtung-aussen\/solitex-adhero\">SOLITEX ADHERO<\/a> auf den Modulen angebracht wird.<\/p>\n\n\n\n<p>Der Vorfertigungsgrad ist hoch, die Arbeitszeit auf der Baustelle kann dadurch verk\u00fcrzt werden. So wird auch die Belastung der Anwohner durch Staub und L\u00e4rm auf ein Minimum reduziert. W\u00e4hrend der Zeitraum der Auftragserteilung und Ausf\u00fchrung sich auf sechs Monate bel\u00e4uft, konnte der Transport und die Montage der Module, welche mit einem Kran an ihren Bestimmungsort gehoben wurden, in nur zwei Arbeitstagen abgewickelt werden.<\/p>\n\n\n\n<p>Die Witterung kann in Transport und Montage einbezogen werden, sodass die Module diesen Einfl\u00fcssen m\u00f6glichst wenig ausgesetzt werden. Mit der zus\u00e4tzlichen Verwendung von <a href=\"https:\/\/ch.proclima.com\/produkte\/dichtung-aussen\/solitex-adhero\" target=\"_blank\" rel=\"noreferrer noopener\">SOLITEX ADHERO<\/a> k\u00f6nnen die Module, die teilweise \u00fcber bereits fertige, sichtbar bleibende Holzoberfl\u00e4chen verf\u00fcgen, ad\u00e4quat gesch\u00fctzt werden.<\/p>\n\n\n\n<div class=\"wp-block-group has-light-gray-background-color has-background\"><div class=\"wp-block-group__inner-container is-layout-flow wp-block-group-is-layout-flow\">\n<h2 class=\"wp-block-heading\">\u00dcber den Autor<\/h2>\n\n\n\n<div class=\"wp-block-image\"><figure class=\"alignleft size-large is-resized\"><img loading=\"lazy\" decoding=\"async\" data-size=\"360x360\" src=\"http:\/\/blog.proclima.com\/ch\/files\/2020\/09\/Benjamin_Lussi.jpg\" alt=\"Benjamin L\u00fcssi, Dipl.-Ing. (FH) Holztechnik, Zimmerer\" class=\"wp-image-2550\" width=\"175\" height=\"175\" srcset=\"https:\/\/blog.proclima.com\/ch\/files\/2020\/09\/Benjamin_Lussi.jpg 360w, https:\/\/blog.proclima.com\/ch\/files\/2020\/09\/Benjamin_Lussi-300x300.jpg 300w, https:\/\/blog.proclima.com\/ch\/files\/2020\/09\/Benjamin_Lussi-150x150.jpg 150w\" sizes=\"auto, (max-width: 175px) 100vw, 175px\" \/><\/figure><\/div>\n\n\n\n<p><strong>Benjamin L\u00fcssi<\/strong> ist Dipl.-Ing. (FH) Holztechnik, Zimmerer und Anwendungstechniker bei pro clima schweiz GmbH. Er ist Experte f\u00fcr Holzbaukonstruktionen und unterst\u00fctzt Planer und Verarbeiter durch technische Beratung, Bauteilberechnungen und Schulungen.<\/p>\n\n\n\n<p>Kontakt \u00fcber die pro clima Technik-Hotline: Tel. <a href=\"tel:+41525880079\">+41 (0) 52 588 00 79<\/a> oder E-Mail an <a href=\"mailto:technik@proclima.ch\">technik@proclima.ch<\/a>.<\/p>\n<\/div><\/div>\n\n\n\n<p><\/p>\n","protected":false},"excerpt":{"rendered":"<p>Bei modernen Bauten in Holzmodulbauweise ist der Witterungsschutz w\u00e4hrend der Bauphase essentiell wichtig. Dies ist jedoch meist eine grosse Herausforderung f\u00fcr Planer und Handwerker. Denn: <a href=\"https:\/\/blog.proclima.com\/ch\/2020\/10\/28\/spital-dornach-schutz-solitex-adhero\/\" rel=\"bookmark\">&#8230;<\/a><\/p>\n","protected":false},"author":37,"featured_media":2547,"comment_status":"open","ping_status":"open","sticky":false,"template":"","format":"standard","meta":{"footnotes":""},"categories":[406],"tags":[460,542,548,549,502,461],"class_list":["post-2534","post","type-post","status-publish","format-standard","has-post-thumbnail","hentry","category-produkte","tag-freibewitterung","tag-luftdicht-anschliessen-2","tag-luftdichtungsbahn","tag-modulbauweise","tag-solitex-adhero","tag-witterungsschutz"],"yoast_head":"<!-- This site is optimized with the Yoast SEO plugin v27.5 - https:\/\/yoast.com\/product\/yoast-seo-wordpress\/ -->\n<title>Die Stamm Bau AG sch\u00fctzt das Spital Dornach mit SOLITEX ADHERO<\/title>\n<meta name=\"description\" content=\"Die vollfl\u00e4chig klebende Luftdichtungs- und Witterungsschutzbahn pro clima SOLITEX ADHERO sch\u00fctzt die Konstruktion des Spital Dornach schon beim Bau.\" \/>\n<meta name=\"robots\" content=\"index, follow, max-snippet:-1, max-image-preview:large, max-video-preview:-1\" \/>\n<link rel=\"canonical\" href=\"https:\/\/blog.proclima.com\/ch\/2020\/10\/28\/spital-dornach-schutz-solitex-adhero\/\" \/>\n<meta property=\"og:locale\" content=\"de_DE\" \/>\n<meta property=\"og:type\" content=\"article\" \/>\n<meta property=\"og:title\" content=\"Die Stamm Bau AG sch\u00fctzt das Spital Dornach mit SOLITEX ADHERO\" \/>\n<meta property=\"og:description\" content=\"Die vollfl\u00e4chig klebende Luftdichtungs- und Witterungsschutzbahn pro clima SOLITEX ADHERO sch\u00fctzt die Konstruktion des Spital Dornach schon beim Bau.\" \/>\n<meta property=\"og:url\" content=\"https:\/\/blog.proclima.com\/ch\/2020\/10\/28\/spital-dornach-schutz-solitex-adhero\/\" \/>\n<meta property=\"og:site_name\" content=\"pro clima Schweiz\" \/>\n<meta property=\"article:published_time\" content=\"2020-10-28T12:36:09+00:00\" \/>\n<meta property=\"article:modified_time\" content=\"2020-10-28T12:36:12+00:00\" \/>\n<meta property=\"og:image\" content=\"https:\/\/blog.proclima.com\/ch\/files\/2020\/09\/witterungsschutzbahn-solitex-adhero-holzbau-modularbauweise-0.jpg\" \/>\n\t<meta property=\"og:image:width\" content=\"1200\" \/>\n\t<meta property=\"og:image:height\" content=\"800\" \/>\n\t<meta property=\"og:image:type\" content=\"image\/jpeg\" \/>\n<meta name=\"author\" content=\"Daniel Laubscher\" \/>\n<meta name=\"twitter:card\" content=\"summary_large_image\" \/>\n<meta name=\"twitter:title\" content=\"Die Stamm Bau AG sch\u00fctzt das Spital Dornach mit SOLITEX ADHERO\" \/>\n<meta name=\"twitter:description\" content=\"Die vollfl\u00e4chig klebende Luftdichtungs- und Witterungsschutzbahn pro clima SOLITEX ADHERO sch\u00fctzt die Konstruktion des Spital Dornach schon beim Bau.\" \/>\n<meta name=\"twitter:image\" content=\"https:\/\/blog.proclima.com\/ch\/files\/2020\/09\/witterungsschutzbahn-solitex-adhero-holzbau-modularbauweise-0.jpg\" \/>\n<meta name=\"twitter:label1\" content=\"Verfasst von\" \/>\n\t<meta name=\"twitter:data1\" content=\"Daniel Laubscher\" \/>\n\t<meta name=\"twitter:label2\" content=\"Gesch\u00e4tzte Lesezeit\" \/>\n\t<meta name=\"twitter:data2\" content=\"2\u00a0Minuten\" \/>\n<script type=\"application\/ld+json\" class=\"yoast-schema-graph\">{\"@context\":\"https:\\\/\\\/schema.org\",\"@graph\":[{\"@type\":\"Article\",\"@id\":\"https:\\\/\\\/blog.proclima.com\\\/ch\\\/2020\\\/10\\\/28\\\/spital-dornach-schutz-solitex-adhero\\\/#article\",\"isPartOf\":{\"@id\":\"https:\\\/\\\/blog.proclima.com\\\/ch\\\/2020\\\/10\\\/28\\\/spital-dornach-schutz-solitex-adhero\\\/\"},\"author\":{\"name\":\"Daniel Laubscher\",\"@id\":\"https:\\\/\\\/blog.proclima.com\\\/ch\\\/#\\\/schema\\\/person\\\/f77d2559426150a69168b2bb42608c5d\"},\"headline\":\"Die Stamm Bau AG sch\u00fctzt das Spital Dornach mit SOLITEX ADHERO\",\"datePublished\":\"2020-10-28T12:36:09+00:00\",\"dateModified\":\"2020-10-28T12:36:12+00:00\",\"mainEntityOfPage\":{\"@id\":\"https:\\\/\\\/blog.proclima.com\\\/ch\\\/2020\\\/10\\\/28\\\/spital-dornach-schutz-solitex-adhero\\\/\"},\"wordCount\":496,\"commentCount\":1,\"publisher\":{\"@id\":\"https:\\\/\\\/blog.proclima.com\\\/ch\\\/#organization\"},\"image\":{\"@id\":\"https:\\\/\\\/blog.proclima.com\\\/ch\\\/2020\\\/10\\\/28\\\/spital-dornach-schutz-solitex-adhero\\\/#primaryimage\"},\"thumbnailUrl\":\"https:\\\/\\\/blog.proclima.com\\\/ch\\\/files\\\/2020\\\/09\\\/witterungsschutzbahn-solitex-adhero-holzbau-modularbauweise-0.jpg\",\"keywords\":[\"Freibewitterung\",\"luftdicht anschliessen\",\"Luftdichtungsbahn\",\"Modulbauweise\",\"Solitex Adhero\",\"Witterungsschutz\"],\"articleSection\":[\"Produkte\"],\"inLanguage\":\"de\",\"potentialAction\":[{\"@type\":\"CommentAction\",\"name\":\"Comment\",\"target\":[\"https:\\\/\\\/blog.proclima.com\\\/ch\\\/2020\\\/10\\\/28\\\/spital-dornach-schutz-solitex-adhero\\\/#respond\"]}]},{\"@type\":\"WebPage\",\"@id\":\"https:\\\/\\\/blog.proclima.com\\\/ch\\\/2020\\\/10\\\/28\\\/spital-dornach-schutz-solitex-adhero\\\/\",\"url\":\"https:\\\/\\\/blog.proclima.com\\\/ch\\\/2020\\\/10\\\/28\\\/spital-dornach-schutz-solitex-adhero\\\/\",\"name\":\"Die Stamm Bau AG sch\u00fctzt das Spital Dornach mit SOLITEX ADHERO\",\"isPartOf\":{\"@id\":\"https:\\\/\\\/blog.proclima.com\\\/ch\\\/#website\"},\"primaryImageOfPage\":{\"@id\":\"https:\\\/\\\/blog.proclima.com\\\/ch\\\/2020\\\/10\\\/28\\\/spital-dornach-schutz-solitex-adhero\\\/#primaryimage\"},\"image\":{\"@id\":\"https:\\\/\\\/blog.proclima.com\\\/ch\\\/2020\\\/10\\\/28\\\/spital-dornach-schutz-solitex-adhero\\\/#primaryimage\"},\"thumbnailUrl\":\"https:\\\/\\\/blog.proclima.com\\\/ch\\\/files\\\/2020\\\/09\\\/witterungsschutzbahn-solitex-adhero-holzbau-modularbauweise-0.jpg\",\"datePublished\":\"2020-10-28T12:36:09+00:00\",\"dateModified\":\"2020-10-28T12:36:12+00:00\",\"description\":\"Die vollfl\u00e4chig klebende Luftdichtungs- und Witterungsschutzbahn pro clima SOLITEX ADHERO sch\u00fctzt die Konstruktion des Spital Dornach schon beim Bau.\",\"breadcrumb\":{\"@id\":\"https:\\\/\\\/blog.proclima.com\\\/ch\\\/2020\\\/10\\\/28\\\/spital-dornach-schutz-solitex-adhero\\\/#breadcrumb\"},\"inLanguage\":\"de\",\"potentialAction\":[{\"@type\":\"ReadAction\",\"target\":[\"https:\\\/\\\/blog.proclima.com\\\/ch\\\/2020\\\/10\\\/28\\\/spital-dornach-schutz-solitex-adhero\\\/\"]}]},{\"@type\":\"ImageObject\",\"inLanguage\":\"de\",\"@id\":\"https:\\\/\\\/blog.proclima.com\\\/ch\\\/2020\\\/10\\\/28\\\/spital-dornach-schutz-solitex-adhero\\\/#primaryimage\",\"url\":\"https:\\\/\\\/blog.proclima.com\\\/ch\\\/files\\\/2020\\\/09\\\/witterungsschutzbahn-solitex-adhero-holzbau-modularbauweise-0.jpg\",\"contentUrl\":\"https:\\\/\\\/blog.proclima.com\\\/ch\\\/files\\\/2020\\\/09\\\/witterungsschutzbahn-solitex-adhero-holzbau-modularbauweise-0.jpg\",\"width\":1200,\"height\":800},{\"@type\":\"BreadcrumbList\",\"@id\":\"https:\\\/\\\/blog.proclima.com\\\/ch\\\/2020\\\/10\\\/28\\\/spital-dornach-schutz-solitex-adhero\\\/#breadcrumb\",\"itemListElement\":[{\"@type\":\"ListItem\",\"position\":1,\"name\":\"Startseite\",\"item\":\"https:\\\/\\\/blog.proclima.com\\\/ch\\\/\"},{\"@type\":\"ListItem\",\"position\":2,\"name\":\"Die Stamm Bau AG sch\u00fctzt das Spital Dornach mit SOLITEX ADHERO\"}]},{\"@type\":\"WebSite\",\"@id\":\"https:\\\/\\\/blog.proclima.com\\\/ch\\\/#website\",\"url\":\"https:\\\/\\\/blog.proclima.com\\\/ch\\\/\",\"name\":\"pro clima Schweiz\",\"description\":\"das Blog\",\"publisher\":{\"@id\":\"https:\\\/\\\/blog.proclima.com\\\/ch\\\/#organization\"},\"potentialAction\":[{\"@type\":\"SearchAction\",\"target\":{\"@type\":\"EntryPoint\",\"urlTemplate\":\"https:\\\/\\\/blog.proclima.com\\\/ch\\\/?s={search_term_string}\"},\"query-input\":{\"@type\":\"PropertyValueSpecification\",\"valueRequired\":true,\"valueName\":\"search_term_string\"}}],\"inLanguage\":\"de\"},{\"@type\":\"Organization\",\"@id\":\"https:\\\/\\\/blog.proclima.com\\\/ch\\\/#organization\",\"name\":\"pro clima Schweiz\",\"url\":\"https:\\\/\\\/blog.proclima.com\\\/ch\\\/\",\"logo\":{\"@type\":\"ImageObject\",\"inLanguage\":\"de\",\"@id\":\"https:\\\/\\\/blog.proclima.com\\\/ch\\\/#\\\/schema\\\/logo\\\/image\\\/\",\"url\":\"https:\\\/\\\/blog.proclima.com\\\/ch\\\/files\\\/2025\\\/12\\\/logo_proclima_quadrat.png\",\"contentUrl\":\"https:\\\/\\\/blog.proclima.com\\\/ch\\\/files\\\/2025\\\/12\\\/logo_proclima_quadrat.png\",\"width\":1200,\"height\":1200,\"caption\":\"pro clima Schweiz\"},\"image\":{\"@id\":\"https:\\\/\\\/blog.proclima.com\\\/ch\\\/#\\\/schema\\\/logo\\\/image\\\/\"}},{\"@type\":\"Person\",\"@id\":\"https:\\\/\\\/blog.proclima.com\\\/ch\\\/#\\\/schema\\\/person\\\/f77d2559426150a69168b2bb42608c5d\",\"name\":\"Daniel Laubscher\",\"image\":{\"@type\":\"ImageObject\",\"inLanguage\":\"de\",\"@id\":\"https:\\\/\\\/secure.gravatar.com\\\/avatar\\\/b4e0e244386198fef5919d4b90c9e1dfa31f42618a48e9e6a3541f1224d312e8?s=96&d=blank&r=g\",\"url\":\"https:\\\/\\\/secure.gravatar.com\\\/avatar\\\/b4e0e244386198fef5919d4b90c9e1dfa31f42618a48e9e6a3541f1224d312e8?s=96&d=blank&r=g\",\"contentUrl\":\"https:\\\/\\\/secure.gravatar.com\\\/avatar\\\/b4e0e244386198fef5919d4b90c9e1dfa31f42618a48e9e6a3541f1224d312e8?s=96&d=blank&r=g\",\"caption\":\"Daniel Laubscher\"},\"description\":\"Daniel Laubscher hat bei pro clima eine Ausbildung zum Veranstaltungskaufmann absolviert. Er organisiert gr\u00f6\u00dfere Event und Messen von pro clima, wie die internationale BAU in M\u00fcnchen und Schulungstouren. Dabei k\u00fcmmert er sich auch um die Veranstaltungstechnik. Daniel ist auch Teil des Digital Teams. Er ist u.a. Moderator bei den Online-Seminaren der pro clima Wissenswerkstatt, filmt und produziert bei Events und unterst\u00fctzt die Social Media Auftritte.\u00a0 In seiner Freizeit organisiert er Camps f\u00fcr Jugendliche und Treffen, bei denen Jugendliche gest\u00e4rkt werden.\",\"url\":\"https:\\\/\\\/blog.proclima.com\\\/ch\\\/author\\\/daniellaubscher\\\/\"}]}<\/script>\n<!-- \/ Yoast SEO plugin. -->","yoast_head_json":{"title":"Die Stamm Bau AG sch\u00fctzt das Spital Dornach mit SOLITEX ADHERO","description":"Die vollfl\u00e4chig klebende Luftdichtungs- und Witterungsschutzbahn pro clima SOLITEX ADHERO sch\u00fctzt die Konstruktion des Spital Dornach schon beim Bau.","robots":{"index":"index","follow":"follow","max-snippet":"max-snippet:-1","max-image-preview":"max-image-preview:large","max-video-preview":"max-video-preview:-1"},"canonical":"https:\/\/blog.proclima.com\/ch\/2020\/10\/28\/spital-dornach-schutz-solitex-adhero\/","og_locale":"de_DE","og_type":"article","og_title":"Die Stamm Bau AG sch\u00fctzt das Spital Dornach mit SOLITEX ADHERO","og_description":"Die vollfl\u00e4chig klebende Luftdichtungs- und Witterungsschutzbahn pro clima SOLITEX ADHERO sch\u00fctzt die Konstruktion des Spital Dornach schon beim Bau.","og_url":"https:\/\/blog.proclima.com\/ch\/2020\/10\/28\/spital-dornach-schutz-solitex-adhero\/","og_site_name":"pro clima Schweiz","article_published_time":"2020-10-28T12:36:09+00:00","article_modified_time":"2020-10-28T12:36:12+00:00","og_image":[{"width":1200,"height":800,"url":"https:\/\/blog.proclima.com\/ch\/files\/2020\/09\/witterungsschutzbahn-solitex-adhero-holzbau-modularbauweise-0.jpg","type":"image\/jpeg"}],"author":"Daniel Laubscher","twitter_card":"summary_large_image","twitter_title":"Die Stamm Bau AG sch\u00fctzt das Spital Dornach mit SOLITEX ADHERO","twitter_description":"Die vollfl\u00e4chig klebende Luftdichtungs- und Witterungsschutzbahn pro clima SOLITEX ADHERO sch\u00fctzt die Konstruktion des Spital Dornach schon beim Bau.","twitter_image":"https:\/\/blog.proclima.com\/ch\/files\/2020\/09\/witterungsschutzbahn-solitex-adhero-holzbau-modularbauweise-0.jpg","twitter_misc":{"Verfasst von":"Daniel Laubscher","Gesch\u00e4tzte Lesezeit":"2\u00a0Minuten"},"schema":{"@context":"https:\/\/schema.org","@graph":[{"@type":"Article","@id":"https:\/\/blog.proclima.com\/ch\/2020\/10\/28\/spital-dornach-schutz-solitex-adhero\/#article","isPartOf":{"@id":"https:\/\/blog.proclima.com\/ch\/2020\/10\/28\/spital-dornach-schutz-solitex-adhero\/"},"author":{"name":"Daniel Laubscher","@id":"https:\/\/blog.proclima.com\/ch\/#\/schema\/person\/f77d2559426150a69168b2bb42608c5d"},"headline":"Die Stamm Bau AG sch\u00fctzt das Spital Dornach mit SOLITEX ADHERO","datePublished":"2020-10-28T12:36:09+00:00","dateModified":"2020-10-28T12:36:12+00:00","mainEntityOfPage":{"@id":"https:\/\/blog.proclima.com\/ch\/2020\/10\/28\/spital-dornach-schutz-solitex-adhero\/"},"wordCount":496,"commentCount":1,"publisher":{"@id":"https:\/\/blog.proclima.com\/ch\/#organization"},"image":{"@id":"https:\/\/blog.proclima.com\/ch\/2020\/10\/28\/spital-dornach-schutz-solitex-adhero\/#primaryimage"},"thumbnailUrl":"https:\/\/blog.proclima.com\/ch\/files\/2020\/09\/witterungsschutzbahn-solitex-adhero-holzbau-modularbauweise-0.jpg","keywords":["Freibewitterung","luftdicht anschliessen","Luftdichtungsbahn","Modulbauweise","Solitex Adhero","Witterungsschutz"],"articleSection":["Produkte"],"inLanguage":"de","potentialAction":[{"@type":"CommentAction","name":"Comment","target":["https:\/\/blog.proclima.com\/ch\/2020\/10\/28\/spital-dornach-schutz-solitex-adhero\/#respond"]}]},{"@type":"WebPage","@id":"https:\/\/blog.proclima.com\/ch\/2020\/10\/28\/spital-dornach-schutz-solitex-adhero\/","url":"https:\/\/blog.proclima.com\/ch\/2020\/10\/28\/spital-dornach-schutz-solitex-adhero\/","name":"Die Stamm Bau AG sch\u00fctzt das Spital Dornach mit SOLITEX ADHERO","isPartOf":{"@id":"https:\/\/blog.proclima.com\/ch\/#website"},"primaryImageOfPage":{"@id":"https:\/\/blog.proclima.com\/ch\/2020\/10\/28\/spital-dornach-schutz-solitex-adhero\/#primaryimage"},"image":{"@id":"https:\/\/blog.proclima.com\/ch\/2020\/10\/28\/spital-dornach-schutz-solitex-adhero\/#primaryimage"},"thumbnailUrl":"https:\/\/blog.proclima.com\/ch\/files\/2020\/09\/witterungsschutzbahn-solitex-adhero-holzbau-modularbauweise-0.jpg","datePublished":"2020-10-28T12:36:09+00:00","dateModified":"2020-10-28T12:36:12+00:00","description":"Die vollfl\u00e4chig klebende Luftdichtungs- und Witterungsschutzbahn pro clima SOLITEX ADHERO sch\u00fctzt die Konstruktion des Spital Dornach schon beim Bau.","breadcrumb":{"@id":"https:\/\/blog.proclima.com\/ch\/2020\/10\/28\/spital-dornach-schutz-solitex-adhero\/#breadcrumb"},"inLanguage":"de","potentialAction":[{"@type":"ReadAction","target":["https:\/\/blog.proclima.com\/ch\/2020\/10\/28\/spital-dornach-schutz-solitex-adhero\/"]}]},{"@type":"ImageObject","inLanguage":"de","@id":"https:\/\/blog.proclima.com\/ch\/2020\/10\/28\/spital-dornach-schutz-solitex-adhero\/#primaryimage","url":"https:\/\/blog.proclima.com\/ch\/files\/2020\/09\/witterungsschutzbahn-solitex-adhero-holzbau-modularbauweise-0.jpg","contentUrl":"https:\/\/blog.proclima.com\/ch\/files\/2020\/09\/witterungsschutzbahn-solitex-adhero-holzbau-modularbauweise-0.jpg","width":1200,"height":800},{"@type":"BreadcrumbList","@id":"https:\/\/blog.proclima.com\/ch\/2020\/10\/28\/spital-dornach-schutz-solitex-adhero\/#breadcrumb","itemListElement":[{"@type":"ListItem","position":1,"name":"Startseite","item":"https:\/\/blog.proclima.com\/ch\/"},{"@type":"ListItem","position":2,"name":"Die Stamm Bau AG sch\u00fctzt das Spital Dornach mit SOLITEX ADHERO"}]},{"@type":"WebSite","@id":"https:\/\/blog.proclima.com\/ch\/#website","url":"https:\/\/blog.proclima.com\/ch\/","name":"pro clima Schweiz","description":"das Blog","publisher":{"@id":"https:\/\/blog.proclima.com\/ch\/#organization"},"potentialAction":[{"@type":"SearchAction","target":{"@type":"EntryPoint","urlTemplate":"https:\/\/blog.proclima.com\/ch\/?s={search_term_string}"},"query-input":{"@type":"PropertyValueSpecification","valueRequired":true,"valueName":"search_term_string"}}],"inLanguage":"de"},{"@type":"Organization","@id":"https:\/\/blog.proclima.com\/ch\/#organization","name":"pro clima Schweiz","url":"https:\/\/blog.proclima.com\/ch\/","logo":{"@type":"ImageObject","inLanguage":"de","@id":"https:\/\/blog.proclima.com\/ch\/#\/schema\/logo\/image\/","url":"https:\/\/blog.proclima.com\/ch\/files\/2025\/12\/logo_proclima_quadrat.png","contentUrl":"https:\/\/blog.proclima.com\/ch\/files\/2025\/12\/logo_proclima_quadrat.png","width":1200,"height":1200,"caption":"pro clima Schweiz"},"image":{"@id":"https:\/\/blog.proclima.com\/ch\/#\/schema\/logo\/image\/"}},{"@type":"Person","@id":"https:\/\/blog.proclima.com\/ch\/#\/schema\/person\/f77d2559426150a69168b2bb42608c5d","name":"Daniel Laubscher","image":{"@type":"ImageObject","inLanguage":"de","@id":"https:\/\/secure.gravatar.com\/avatar\/b4e0e244386198fef5919d4b90c9e1dfa31f42618a48e9e6a3541f1224d312e8?s=96&d=blank&r=g","url":"https:\/\/secure.gravatar.com\/avatar\/b4e0e244386198fef5919d4b90c9e1dfa31f42618a48e9e6a3541f1224d312e8?s=96&d=blank&r=g","contentUrl":"https:\/\/secure.gravatar.com\/avatar\/b4e0e244386198fef5919d4b90c9e1dfa31f42618a48e9e6a3541f1224d312e8?s=96&d=blank&r=g","caption":"Daniel Laubscher"},"description":"Daniel Laubscher hat bei pro clima eine Ausbildung zum Veranstaltungskaufmann absolviert. Er organisiert gr\u00f6\u00dfere Event und Messen von pro clima, wie die internationale BAU in M\u00fcnchen und Schulungstouren. Dabei k\u00fcmmert er sich auch um die Veranstaltungstechnik. Daniel ist auch Teil des Digital Teams. Er ist u.a. Moderator bei den Online-Seminaren der pro clima Wissenswerkstatt, filmt und produziert bei Events und unterst\u00fctzt die Social Media Auftritte.\u00a0 In seiner Freizeit organisiert er Camps f\u00fcr Jugendliche und Treffen, bei denen Jugendliche gest\u00e4rkt werden.","url":"https:\/\/blog.proclima.com\/ch\/author\/daniellaubscher\/"}]}},"_links":{"self":[{"href":"https:\/\/blog.proclima.com\/ch\/wp-json\/wp\/v2\/posts\/2534","targetHints":{"allow":["GET"]}}],"collection":[{"href":"https:\/\/blog.proclima.com\/ch\/wp-json\/wp\/v2\/posts"}],"about":[{"href":"https:\/\/blog.proclima.com\/ch\/wp-json\/wp\/v2\/types\/post"}],"author":[{"embeddable":true,"href":"https:\/\/blog.proclima.com\/ch\/wp-json\/wp\/v2\/users\/37"}],"replies":[{"embeddable":true,"href":"https:\/\/blog.proclima.com\/ch\/wp-json\/wp\/v2\/comments?post=2534"}],"version-history":[{"count":8,"href":"https:\/\/blog.proclima.com\/ch\/wp-json\/wp\/v2\/posts\/2534\/revisions"}],"predecessor-version":[{"id":2559,"href":"https:\/\/blog.proclima.com\/ch\/wp-json\/wp\/v2\/posts\/2534\/revisions\/2559"}],"wp:featuredmedia":[{"embeddable":true,"href":"https:\/\/blog.proclima.com\/ch\/wp-json\/wp\/v2\/media\/2547"}],"wp:attachment":[{"href":"https:\/\/blog.proclima.com\/ch\/wp-json\/wp\/v2\/media?parent=2534"}],"wp:term":[{"taxonomy":"category","embeddable":true,"href":"https:\/\/blog.proclima.com\/ch\/wp-json\/wp\/v2\/categories?post=2534"},{"taxonomy":"post_tag","embeddable":true,"href":"https:\/\/blog.proclima.com\/ch\/wp-json\/wp\/v2\/tags?post=2534"}],"curies":[{"name":"wp","href":"https:\/\/api.w.org\/{rel}","templated":true}]}}