
{"id":2357,"date":"2020-02-12T21:26:09","date_gmt":"2020-02-12T20:26:09","guid":{"rendered":"http:\/\/blog.proclima.com\/ch\/?p=2357"},"modified":"2020-03-09T14:31:03","modified_gmt":"2020-03-09T13:31:03","slug":"neu-stark-maximaler-uv-schutz-pro-clima-anschlusstreifen-soltempa","status":"publish","type":"post","link":"https:\/\/blog.proclima.com\/ch\/2020\/02\/12\/neu-stark-maximaler-uv-schutz-pro-clima-anschlusstreifen-soltempa\/","title":{"rendered":"Neu, stark, maximaler UV-Schutz: pro clima Anschlusstreifen SOLTEMPA"},"content":{"rendered":"\n<h2 class=\"wp-block-heading\">Zur sicheren Baukonstruktion f\u00fcr den offenen Traufabschluss mit Lochblech gem\u00e4ss SIA 232\/1<\/h2>\n\n\n\n<div class=\"wp-block-media-text alignwide\" style=\"grid-template-columns:55% auto\"><figure class=\"wp-block-media-text__media\"><img loading=\"lazy\" decoding=\"async\" width=\"977\" height=\"961\" data-size=\"977x961\" src=\"https:\/\/blog.proclima.com\/ch\/files\/2020\/02\/Bildschirmfoto-2020-02-12-um-20.00.51.png\" alt=\"\" class=\"wp-image-2359\" srcset=\"https:\/\/blog.proclima.com\/ch\/files\/2020\/02\/Bildschirmfoto-2020-02-12-um-20.00.51.png 977w, https:\/\/blog.proclima.com\/ch\/files\/2020\/02\/Bildschirmfoto-2020-02-12-um-20.00.51-300x295.png 300w, https:\/\/blog.proclima.com\/ch\/files\/2020\/02\/Bildschirmfoto-2020-02-12-um-20.00.51-768x755.png 768w, https:\/\/blog.proclima.com\/ch\/files\/2020\/02\/Bildschirmfoto-2020-02-12-um-20.00.51-305x300.png 305w\" sizes=\"auto, (max-width: 977px) 100vw, 977px\" \/><\/figure><div class=\"wp-block-media-text__content\">\n<blockquote class=\"wp-block-quote is-layout-flow wp-block-quote-is-layout-flow\"><p>Bei  einer Dachkonstruktion mit offenem Traufabschluss mit Lochblech kommt es  zu einer dauerhaften UV-Belastung hinter dem Lochblech. Deswegen hat pro clima nun SOLTEMPA entwickelt: einen vollfl\u00e4chig klebenden Anschlussstreifen. <\/p><\/blockquote>\n<\/div><\/div>\n\n\n\n<p>Dieser gew\u00e4hrleistet den Schutz vor UV-Strahlungs-Einfl\u00fcssen der Unterdachbahn SOLITEX WELDANO im Traufbereich. SOLTEMPA kann gem\u00e4ss  SIA 232\/1 eingesetzt werden.  <\/p>\n\n\n\n<p>Beim beschleunigten UV-Alterungstest hat  SOLTEMPA einen Zeitraum von 10.000 Stunden problemlos \u00fcberstanden \u2013  standardm\u00e4ssig wird f\u00fcr Unterdachbahnen eine UV-Alterung mit einer Dauer von 336 Stunden gefordert. Durch die TEEE-Membran ist der Anschlussstreifen besonders alterungs- und hitzebest\u00e4ndig. Die hohe Temperaturbest\u00e4ndigkeit von SOLTEMPA erm\u00f6glicht den Anschluss direkt an Bleche, z.B. aus Kupfer.<\/p>\n\n\n\n<div class=\"wp-block-media-text alignwide\"><figure class=\"wp-block-media-text__media\"><img loading=\"lazy\" decoding=\"async\" width=\"1024\" height=\"1024\" src=\"https:\/\/blog.proclima.com\/ch\/files\/2020\/02\/p_SOLTEMPA-2-1024x1024.jpg\" alt=\"\" class=\"wp-image-2361\" srcset=\"https:\/\/blog.proclima.com\/ch\/files\/2020\/02\/p_SOLTEMPA-2-1024x1024.jpg 1024w, https:\/\/blog.proclima.com\/ch\/files\/2020\/02\/p_SOLTEMPA-2-300x300.jpg 300w, https:\/\/blog.proclima.com\/ch\/files\/2020\/02\/p_SOLTEMPA-2-150x150.jpg 150w, https:\/\/blog.proclima.com\/ch\/files\/2020\/02\/p_SOLTEMPA-2-768x768.jpg 768w, https:\/\/blog.proclima.com\/ch\/files\/2020\/02\/p_SOLTEMPA-2-1536x1536.jpg 1536w, https:\/\/blog.proclima.com\/ch\/files\/2020\/02\/p_SOLTEMPA-2-2048x2048.jpg 2048w\" sizes=\"auto, (max-width: 1024px) 100vw, 1024px\" \/><\/figure><div class=\"wp-block-media-text__content\">\n<blockquote class=\"wp-block-quote is-layout-flow wp-block-quote-is-layout-flow\"><p>Technische Daten und weitere Informationen auf der pro clima Schweiz-Seite: <br><a href=\"https:\/\/ch.proclima.com\/produkte\/dichtung-aussen\/soltempa\">https:\/\/ch.proclima.com\/produkte\/dichtung-aussen\/soltempa<\/a><\/p><\/blockquote>\n\n\n\n<p><\/p>\n<\/div><\/div>\n\n\n\n<p><em>SOLTEMPA ist ab 28. Februar 2020 lieferbar. Sie kann ab sofort bei pro clima H\u00e4ndlern vorbestellt werden.<\/em><\/p>\n\n\n\n<div class=\"wp-block-file\"><a href=\"https:\/\/blog.proclima.com\/ch\/files\/2020\/03\/2020_SOLTEMPA_schweiz.pdf\">Diesen Artikel als PDF speichern<\/a><a href=\"https:\/\/blog.proclima.com\/ch\/files\/2020\/03\/2020_SOLTEMPA_schweiz.pdf\" class=\"wp-block-file__button\" download>Herunterladen<\/a><\/div>\n\n\n\n<p>Pressekontakt: Heide Merkel (<a href=\"mailto:Heide.Merkel@proclima.ch\">Heide.Merkel@proclima.ch<\/a>) &amp; Cornelia L\u00e4ssing  (<a href=\"mailto:Cornelia.Laessing@proclima.ch\">Cornelia.Laessing@proclima.ch)<\/a> . Tel: 0041-52-54306 50<\/p>\n\n\n\n<p><\/p>\n\n\n\n<p><\/p>\n","protected":false},"excerpt":{"rendered":"<p>Zur sicheren Baukonstruktion f\u00fcr den offenen Traufabschluss mit Lochblech gem\u00e4ss SIA 232\/1 Bei einer Dachkonstruktion mit offenem Traufabschluss mit Lochblech kommt es zu einer dauerhaften <a href=\"https:\/\/blog.proclima.com\/ch\/2020\/02\/12\/neu-stark-maximaler-uv-schutz-pro-clima-anschlusstreifen-soltempa\/\" rel=\"bookmark\">&#8230;<\/a><\/p>\n","protected":false},"author":18,"featured_media":2359,"comment_status":"open","ping_status":"open","sticky":false,"template":"","format":"standard","meta":{"footnotes":""},"categories":[1],"tags":[],"class_list":["post-2357","post","type-post","status-publish","format-standard","has-post-thumbnail","hentry","category-allgemein"],"yoast_head":"<!-- This site is optimized with the Yoast SEO plugin v27.5 - https:\/\/yoast.com\/product\/yoast-seo-wordpress\/ -->\n<title>Neu, stark, maximaler UV-Schutz: pro clima Anschlusstreifen SOLTEMPA - pro clima Schweiz<\/title>\n<meta name=\"robots\" content=\"index, follow, max-snippet:-1, max-image-preview:large, max-video-preview:-1\" \/>\n<link rel=\"canonical\" href=\"https:\/\/blog.proclima.com\/ch\/2020\/02\/12\/neu-stark-maximaler-uv-schutz-pro-clima-anschlusstreifen-soltempa\/\" \/>\n<meta property=\"og:locale\" content=\"de_DE\" \/>\n<meta property=\"og:type\" content=\"article\" \/>\n<meta property=\"og:title\" content=\"Neu, stark, maximaler UV-Schutz: pro clima Anschlusstreifen SOLTEMPA - pro clima Schweiz\" \/>\n<meta property=\"og:description\" content=\"Zur sicheren Baukonstruktion f\u00fcr den offenen Traufabschluss mit Lochblech gem\u00e4ss SIA 232\/1 Bei einer Dachkonstruktion mit offenem Traufabschluss mit Lochblech kommt es zu einer dauerhaften ...\" \/>\n<meta property=\"og:url\" content=\"https:\/\/blog.proclima.com\/ch\/2020\/02\/12\/neu-stark-maximaler-uv-schutz-pro-clima-anschlusstreifen-soltempa\/\" \/>\n<meta property=\"og:site_name\" content=\"pro clima Schweiz\" \/>\n<meta property=\"article:published_time\" content=\"2020-02-12T20:26:09+00:00\" \/>\n<meta property=\"article:modified_time\" content=\"2020-03-09T13:31:03+00:00\" \/>\n<meta property=\"og:image\" content=\"https:\/\/blog.proclima.com\/ch\/files\/2020\/02\/Bildschirmfoto-2020-02-12-um-20.00.51.png\" \/>\n\t<meta property=\"og:image:width\" content=\"977\" \/>\n\t<meta property=\"og:image:height\" content=\"961\" \/>\n\t<meta property=\"og:image:type\" content=\"image\/png\" \/>\n<meta name=\"author\" content=\"Heide Merkel\" \/>\n<meta name=\"twitter:card\" content=\"summary_large_image\" \/>\n<meta name=\"twitter:label1\" content=\"Verfasst von\" \/>\n\t<meta name=\"twitter:data1\" content=\"Heide Merkel\" \/>\n\t<meta name=\"twitter:label2\" content=\"Gesch\u00e4tzte Lesezeit\" \/>\n\t<meta name=\"twitter:data2\" content=\"1\u00a0Minute\" \/>\n<script type=\"application\/ld+json\" class=\"yoast-schema-graph\">{\"@context\":\"https:\\\/\\\/schema.org\",\"@graph\":[{\"@type\":\"Article\",\"@id\":\"https:\\\/\\\/blog.proclima.com\\\/ch\\\/2020\\\/02\\\/12\\\/neu-stark-maximaler-uv-schutz-pro-clima-anschlusstreifen-soltempa\\\/#article\",\"isPartOf\":{\"@id\":\"https:\\\/\\\/blog.proclima.com\\\/ch\\\/2020\\\/02\\\/12\\\/neu-stark-maximaler-uv-schutz-pro-clima-anschlusstreifen-soltempa\\\/\"},\"author\":{\"name\":\"Heide Merkel\",\"@id\":\"https:\\\/\\\/blog.proclima.com\\\/ch\\\/#\\\/schema\\\/person\\\/b3490e20200d5d45b8d56f555ceffc21\"},\"headline\":\"Neu, stark, maximaler UV-Schutz: pro clima Anschlusstreifen SOLTEMPA\",\"datePublished\":\"2020-02-12T20:26:09+00:00\",\"dateModified\":\"2020-03-09T13:31:03+00:00\",\"mainEntityOfPage\":{\"@id\":\"https:\\\/\\\/blog.proclima.com\\\/ch\\\/2020\\\/02\\\/12\\\/neu-stark-maximaler-uv-schutz-pro-clima-anschlusstreifen-soltempa\\\/\"},\"wordCount\":181,\"commentCount\":0,\"publisher\":{\"@id\":\"https:\\\/\\\/blog.proclima.com\\\/ch\\\/#organization\"},\"image\":{\"@id\":\"https:\\\/\\\/blog.proclima.com\\\/ch\\\/2020\\\/02\\\/12\\\/neu-stark-maximaler-uv-schutz-pro-clima-anschlusstreifen-soltempa\\\/#primaryimage\"},\"thumbnailUrl\":\"https:\\\/\\\/blog.proclima.com\\\/ch\\\/files\\\/2020\\\/02\\\/Bildschirmfoto-2020-02-12-um-20.00.51.png\",\"inLanguage\":\"de\",\"potentialAction\":[{\"@type\":\"CommentAction\",\"name\":\"Comment\",\"target\":[\"https:\\\/\\\/blog.proclima.com\\\/ch\\\/2020\\\/02\\\/12\\\/neu-stark-maximaler-uv-schutz-pro-clima-anschlusstreifen-soltempa\\\/#respond\"]}]},{\"@type\":\"WebPage\",\"@id\":\"https:\\\/\\\/blog.proclima.com\\\/ch\\\/2020\\\/02\\\/12\\\/neu-stark-maximaler-uv-schutz-pro-clima-anschlusstreifen-soltempa\\\/\",\"url\":\"https:\\\/\\\/blog.proclima.com\\\/ch\\\/2020\\\/02\\\/12\\\/neu-stark-maximaler-uv-schutz-pro-clima-anschlusstreifen-soltempa\\\/\",\"name\":\"Neu, stark, maximaler UV-Schutz: pro clima Anschlusstreifen SOLTEMPA - pro clima Schweiz\",\"isPartOf\":{\"@id\":\"https:\\\/\\\/blog.proclima.com\\\/ch\\\/#website\"},\"primaryImageOfPage\":{\"@id\":\"https:\\\/\\\/blog.proclima.com\\\/ch\\\/2020\\\/02\\\/12\\\/neu-stark-maximaler-uv-schutz-pro-clima-anschlusstreifen-soltempa\\\/#primaryimage\"},\"image\":{\"@id\":\"https:\\\/\\\/blog.proclima.com\\\/ch\\\/2020\\\/02\\\/12\\\/neu-stark-maximaler-uv-schutz-pro-clima-anschlusstreifen-soltempa\\\/#primaryimage\"},\"thumbnailUrl\":\"https:\\\/\\\/blog.proclima.com\\\/ch\\\/files\\\/2020\\\/02\\\/Bildschirmfoto-2020-02-12-um-20.00.51.png\",\"datePublished\":\"2020-02-12T20:26:09+00:00\",\"dateModified\":\"2020-03-09T13:31:03+00:00\",\"breadcrumb\":{\"@id\":\"https:\\\/\\\/blog.proclima.com\\\/ch\\\/2020\\\/02\\\/12\\\/neu-stark-maximaler-uv-schutz-pro-clima-anschlusstreifen-soltempa\\\/#breadcrumb\"},\"inLanguage\":\"de\",\"potentialAction\":[{\"@type\":\"ReadAction\",\"target\":[\"https:\\\/\\\/blog.proclima.com\\\/ch\\\/2020\\\/02\\\/12\\\/neu-stark-maximaler-uv-schutz-pro-clima-anschlusstreifen-soltempa\\\/\"]}]},{\"@type\":\"ImageObject\",\"inLanguage\":\"de\",\"@id\":\"https:\\\/\\\/blog.proclima.com\\\/ch\\\/2020\\\/02\\\/12\\\/neu-stark-maximaler-uv-schutz-pro-clima-anschlusstreifen-soltempa\\\/#primaryimage\",\"url\":\"https:\\\/\\\/blog.proclima.com\\\/ch\\\/files\\\/2020\\\/02\\\/Bildschirmfoto-2020-02-12-um-20.00.51.png\",\"contentUrl\":\"https:\\\/\\\/blog.proclima.com\\\/ch\\\/files\\\/2020\\\/02\\\/Bildschirmfoto-2020-02-12-um-20.00.51.png\",\"width\":977,\"height\":961},{\"@type\":\"BreadcrumbList\",\"@id\":\"https:\\\/\\\/blog.proclima.com\\\/ch\\\/2020\\\/02\\\/12\\\/neu-stark-maximaler-uv-schutz-pro-clima-anschlusstreifen-soltempa\\\/#breadcrumb\",\"itemListElement\":[{\"@type\":\"ListItem\",\"position\":1,\"name\":\"Startseite\",\"item\":\"https:\\\/\\\/blog.proclima.com\\\/ch\\\/\"},{\"@type\":\"ListItem\",\"position\":2,\"name\":\"Neu, stark, maximaler UV-Schutz: pro clima Anschlusstreifen SOLTEMPA\"}]},{\"@type\":\"WebSite\",\"@id\":\"https:\\\/\\\/blog.proclima.com\\\/ch\\\/#website\",\"url\":\"https:\\\/\\\/blog.proclima.com\\\/ch\\\/\",\"name\":\"pro clima Schweiz\",\"description\":\"das Blog\",\"publisher\":{\"@id\":\"https:\\\/\\\/blog.proclima.com\\\/ch\\\/#organization\"},\"potentialAction\":[{\"@type\":\"SearchAction\",\"target\":{\"@type\":\"EntryPoint\",\"urlTemplate\":\"https:\\\/\\\/blog.proclima.com\\\/ch\\\/?s={search_term_string}\"},\"query-input\":{\"@type\":\"PropertyValueSpecification\",\"valueRequired\":true,\"valueName\":\"search_term_string\"}}],\"inLanguage\":\"de\"},{\"@type\":\"Organization\",\"@id\":\"https:\\\/\\\/blog.proclima.com\\\/ch\\\/#organization\",\"name\":\"pro clima Schweiz\",\"url\":\"https:\\\/\\\/blog.proclima.com\\\/ch\\\/\",\"logo\":{\"@type\":\"ImageObject\",\"inLanguage\":\"de\",\"@id\":\"https:\\\/\\\/blog.proclima.com\\\/ch\\\/#\\\/schema\\\/logo\\\/image\\\/\",\"url\":\"https:\\\/\\\/blog.proclima.com\\\/ch\\\/files\\\/2025\\\/12\\\/logo_proclima_quadrat.png\",\"contentUrl\":\"https:\\\/\\\/blog.proclima.com\\\/ch\\\/files\\\/2025\\\/12\\\/logo_proclima_quadrat.png\",\"width\":1200,\"height\":1200,\"caption\":\"pro clima Schweiz\"},\"image\":{\"@id\":\"https:\\\/\\\/blog.proclima.com\\\/ch\\\/#\\\/schema\\\/logo\\\/image\\\/\"}},{\"@type\":\"Person\",\"@id\":\"https:\\\/\\\/blog.proclima.com\\\/ch\\\/#\\\/schema\\\/person\\\/b3490e20200d5d45b8d56f555ceffc21\",\"name\":\"Heide Merkel\",\"image\":{\"@type\":\"ImageObject\",\"inLanguage\":\"de\",\"@id\":\"https:\\\/\\\/secure.gravatar.com\\\/avatar\\\/a4a1c909701780173c0b7a635fb539f21128c8d654b77311c92e724657788582?s=96&d=blank&r=g\",\"url\":\"https:\\\/\\\/secure.gravatar.com\\\/avatar\\\/a4a1c909701780173c0b7a635fb539f21128c8d654b77311c92e724657788582?s=96&d=blank&r=g\",\"contentUrl\":\"https:\\\/\\\/secure.gravatar.com\\\/avatar\\\/a4a1c909701780173c0b7a635fb539f21128c8d654b77311c92e724657788582?s=96&d=blank&r=g\",\"caption\":\"Heide Merkel\"},\"description\":\"Fachjournalistin, Referentin, Steuerung Presse &amp; Digitale Medien bei Moll bau\u00f6kologische Produkte GmbH (pro clima). Als Japanologin und ausgebildete Redakteurin ist Heide eher zuf\u00e4llig in der Baubranche gelandet. Seit 2011 arbeitet sie f\u00fcr pro clima. Ihr Wissen zu effektiver Kommunikation gibt sie in Seminaren, Artikeln und Vortr\u00e4gen weiter. F\u00fcr den pro clima Blog, proclima.tv und das pro clima Bauradio interviewt sie interessante Menschen aus der Baubranche. Auf\u00a0 luftdichtheit-gepr\u00fcft.de bloggt Heide \u00fcber Leckagen, Luftdichtung und Qualit\u00e4ts\u00fcberpr\u00fcfung mit Blower-Door-Tests. Ihre Freizeit verbringt sie u.a. in den Vogesen, wo sie seit mehr als f\u00fcnf Jahren ein altes Bauernhaus saniert. Ihr neuestes Projekt:\u00a0 www.besser-als-marketing.de Hier gibt es Tipps, wie Unternehmen in der Baubranche ihre Sichtbarkeit erh\u00f6hen k\u00f6nnen. Die ersten Videos sind bereits online im Youtube Channel Wer mehr \u00fcber Heide Merkel erfahren m\u00f6chte, findet sie auf den g\u00e4ngigen Social Media Plattformen.\",\"url\":\"https:\\\/\\\/blog.proclima.com\\\/ch\\\/author\\\/gentner\\\/\"}]}<\/script>\n<!-- \/ Yoast SEO plugin. -->","yoast_head_json":{"title":"Neu, stark, maximaler UV-Schutz: pro clima Anschlusstreifen SOLTEMPA - pro clima Schweiz","robots":{"index":"index","follow":"follow","max-snippet":"max-snippet:-1","max-image-preview":"max-image-preview:large","max-video-preview":"max-video-preview:-1"},"canonical":"https:\/\/blog.proclima.com\/ch\/2020\/02\/12\/neu-stark-maximaler-uv-schutz-pro-clima-anschlusstreifen-soltempa\/","og_locale":"de_DE","og_type":"article","og_title":"Neu, stark, maximaler UV-Schutz: pro clima Anschlusstreifen SOLTEMPA - pro clima Schweiz","og_description":"Zur sicheren Baukonstruktion f\u00fcr den offenen Traufabschluss mit Lochblech gem\u00e4ss SIA 232\/1 Bei einer Dachkonstruktion mit offenem Traufabschluss mit Lochblech kommt es zu einer dauerhaften ...","og_url":"https:\/\/blog.proclima.com\/ch\/2020\/02\/12\/neu-stark-maximaler-uv-schutz-pro-clima-anschlusstreifen-soltempa\/","og_site_name":"pro clima Schweiz","article_published_time":"2020-02-12T20:26:09+00:00","article_modified_time":"2020-03-09T13:31:03+00:00","og_image":[{"width":977,"height":961,"url":"https:\/\/blog.proclima.com\/ch\/files\/2020\/02\/Bildschirmfoto-2020-02-12-um-20.00.51.png","type":"image\/png"}],"author":"Heide Merkel","twitter_card":"summary_large_image","twitter_misc":{"Verfasst von":"Heide Merkel","Gesch\u00e4tzte Lesezeit":"1\u00a0Minute"},"schema":{"@context":"https:\/\/schema.org","@graph":[{"@type":"Article","@id":"https:\/\/blog.proclima.com\/ch\/2020\/02\/12\/neu-stark-maximaler-uv-schutz-pro-clima-anschlusstreifen-soltempa\/#article","isPartOf":{"@id":"https:\/\/blog.proclima.com\/ch\/2020\/02\/12\/neu-stark-maximaler-uv-schutz-pro-clima-anschlusstreifen-soltempa\/"},"author":{"name":"Heide Merkel","@id":"https:\/\/blog.proclima.com\/ch\/#\/schema\/person\/b3490e20200d5d45b8d56f555ceffc21"},"headline":"Neu, stark, maximaler UV-Schutz: pro clima Anschlusstreifen SOLTEMPA","datePublished":"2020-02-12T20:26:09+00:00","dateModified":"2020-03-09T13:31:03+00:00","mainEntityOfPage":{"@id":"https:\/\/blog.proclima.com\/ch\/2020\/02\/12\/neu-stark-maximaler-uv-schutz-pro-clima-anschlusstreifen-soltempa\/"},"wordCount":181,"commentCount":0,"publisher":{"@id":"https:\/\/blog.proclima.com\/ch\/#organization"},"image":{"@id":"https:\/\/blog.proclima.com\/ch\/2020\/02\/12\/neu-stark-maximaler-uv-schutz-pro-clima-anschlusstreifen-soltempa\/#primaryimage"},"thumbnailUrl":"https:\/\/blog.proclima.com\/ch\/files\/2020\/02\/Bildschirmfoto-2020-02-12-um-20.00.51.png","inLanguage":"de","potentialAction":[{"@type":"CommentAction","name":"Comment","target":["https:\/\/blog.proclima.com\/ch\/2020\/02\/12\/neu-stark-maximaler-uv-schutz-pro-clima-anschlusstreifen-soltempa\/#respond"]}]},{"@type":"WebPage","@id":"https:\/\/blog.proclima.com\/ch\/2020\/02\/12\/neu-stark-maximaler-uv-schutz-pro-clima-anschlusstreifen-soltempa\/","url":"https:\/\/blog.proclima.com\/ch\/2020\/02\/12\/neu-stark-maximaler-uv-schutz-pro-clima-anschlusstreifen-soltempa\/","name":"Neu, stark, maximaler UV-Schutz: pro clima Anschlusstreifen SOLTEMPA - pro clima Schweiz","isPartOf":{"@id":"https:\/\/blog.proclima.com\/ch\/#website"},"primaryImageOfPage":{"@id":"https:\/\/blog.proclima.com\/ch\/2020\/02\/12\/neu-stark-maximaler-uv-schutz-pro-clima-anschlusstreifen-soltempa\/#primaryimage"},"image":{"@id":"https:\/\/blog.proclima.com\/ch\/2020\/02\/12\/neu-stark-maximaler-uv-schutz-pro-clima-anschlusstreifen-soltempa\/#primaryimage"},"thumbnailUrl":"https:\/\/blog.proclima.com\/ch\/files\/2020\/02\/Bildschirmfoto-2020-02-12-um-20.00.51.png","datePublished":"2020-02-12T20:26:09+00:00","dateModified":"2020-03-09T13:31:03+00:00","breadcrumb":{"@id":"https:\/\/blog.proclima.com\/ch\/2020\/02\/12\/neu-stark-maximaler-uv-schutz-pro-clima-anschlusstreifen-soltempa\/#breadcrumb"},"inLanguage":"de","potentialAction":[{"@type":"ReadAction","target":["https:\/\/blog.proclima.com\/ch\/2020\/02\/12\/neu-stark-maximaler-uv-schutz-pro-clima-anschlusstreifen-soltempa\/"]}]},{"@type":"ImageObject","inLanguage":"de","@id":"https:\/\/blog.proclima.com\/ch\/2020\/02\/12\/neu-stark-maximaler-uv-schutz-pro-clima-anschlusstreifen-soltempa\/#primaryimage","url":"https:\/\/blog.proclima.com\/ch\/files\/2020\/02\/Bildschirmfoto-2020-02-12-um-20.00.51.png","contentUrl":"https:\/\/blog.proclima.com\/ch\/files\/2020\/02\/Bildschirmfoto-2020-02-12-um-20.00.51.png","width":977,"height":961},{"@type":"BreadcrumbList","@id":"https:\/\/blog.proclima.com\/ch\/2020\/02\/12\/neu-stark-maximaler-uv-schutz-pro-clima-anschlusstreifen-soltempa\/#breadcrumb","itemListElement":[{"@type":"ListItem","position":1,"name":"Startseite","item":"https:\/\/blog.proclima.com\/ch\/"},{"@type":"ListItem","position":2,"name":"Neu, stark, maximaler UV-Schutz: pro clima Anschlusstreifen SOLTEMPA"}]},{"@type":"WebSite","@id":"https:\/\/blog.proclima.com\/ch\/#website","url":"https:\/\/blog.proclima.com\/ch\/","name":"pro clima Schweiz","description":"das Blog","publisher":{"@id":"https:\/\/blog.proclima.com\/ch\/#organization"},"potentialAction":[{"@type":"SearchAction","target":{"@type":"EntryPoint","urlTemplate":"https:\/\/blog.proclima.com\/ch\/?s={search_term_string}"},"query-input":{"@type":"PropertyValueSpecification","valueRequired":true,"valueName":"search_term_string"}}],"inLanguage":"de"},{"@type":"Organization","@id":"https:\/\/blog.proclima.com\/ch\/#organization","name":"pro clima Schweiz","url":"https:\/\/blog.proclima.com\/ch\/","logo":{"@type":"ImageObject","inLanguage":"de","@id":"https:\/\/blog.proclima.com\/ch\/#\/schema\/logo\/image\/","url":"https:\/\/blog.proclima.com\/ch\/files\/2025\/12\/logo_proclima_quadrat.png","contentUrl":"https:\/\/blog.proclima.com\/ch\/files\/2025\/12\/logo_proclima_quadrat.png","width":1200,"height":1200,"caption":"pro clima Schweiz"},"image":{"@id":"https:\/\/blog.proclima.com\/ch\/#\/schema\/logo\/image\/"}},{"@type":"Person","@id":"https:\/\/blog.proclima.com\/ch\/#\/schema\/person\/b3490e20200d5d45b8d56f555ceffc21","name":"Heide Merkel","image":{"@type":"ImageObject","inLanguage":"de","@id":"https:\/\/secure.gravatar.com\/avatar\/a4a1c909701780173c0b7a635fb539f21128c8d654b77311c92e724657788582?s=96&d=blank&r=g","url":"https:\/\/secure.gravatar.com\/avatar\/a4a1c909701780173c0b7a635fb539f21128c8d654b77311c92e724657788582?s=96&d=blank&r=g","contentUrl":"https:\/\/secure.gravatar.com\/avatar\/a4a1c909701780173c0b7a635fb539f21128c8d654b77311c92e724657788582?s=96&d=blank&r=g","caption":"Heide Merkel"},"description":"Fachjournalistin, Referentin, Steuerung Presse &amp; Digitale Medien bei Moll bau\u00f6kologische Produkte GmbH (pro clima). Als Japanologin und ausgebildete Redakteurin ist Heide eher zuf\u00e4llig in der Baubranche gelandet. Seit 2011 arbeitet sie f\u00fcr pro clima. Ihr Wissen zu effektiver Kommunikation gibt sie in Seminaren, Artikeln und Vortr\u00e4gen weiter. F\u00fcr den pro clima Blog, proclima.tv und das pro clima Bauradio interviewt sie interessante Menschen aus der Baubranche. Auf\u00a0 luftdichtheit-gepr\u00fcft.de bloggt Heide \u00fcber Leckagen, Luftdichtung und Qualit\u00e4ts\u00fcberpr\u00fcfung mit Blower-Door-Tests. Ihre Freizeit verbringt sie u.a. in den Vogesen, wo sie seit mehr als f\u00fcnf Jahren ein altes Bauernhaus saniert. Ihr neuestes Projekt:\u00a0 www.besser-als-marketing.de Hier gibt es Tipps, wie Unternehmen in der Baubranche ihre Sichtbarkeit erh\u00f6hen k\u00f6nnen. Die ersten Videos sind bereits online im Youtube Channel Wer mehr \u00fcber Heide Merkel erfahren m\u00f6chte, findet sie auf den g\u00e4ngigen Social Media Plattformen.","url":"https:\/\/blog.proclima.com\/ch\/author\/gentner\/"}]}},"_links":{"self":[{"href":"https:\/\/blog.proclima.com\/ch\/wp-json\/wp\/v2\/posts\/2357","targetHints":{"allow":["GET"]}}],"collection":[{"href":"https:\/\/blog.proclima.com\/ch\/wp-json\/wp\/v2\/posts"}],"about":[{"href":"https:\/\/blog.proclima.com\/ch\/wp-json\/wp\/v2\/types\/post"}],"author":[{"embeddable":true,"href":"https:\/\/blog.proclima.com\/ch\/wp-json\/wp\/v2\/users\/18"}],"replies":[{"embeddable":true,"href":"https:\/\/blog.proclima.com\/ch\/wp-json\/wp\/v2\/comments?post=2357"}],"version-history":[{"count":5,"href":"https:\/\/blog.proclima.com\/ch\/wp-json\/wp\/v2\/posts\/2357\/revisions"}],"predecessor-version":[{"id":2375,"href":"https:\/\/blog.proclima.com\/ch\/wp-json\/wp\/v2\/posts\/2357\/revisions\/2375"}],"wp:featuredmedia":[{"embeddable":true,"href":"https:\/\/blog.proclima.com\/ch\/wp-json\/wp\/v2\/media\/2359"}],"wp:attachment":[{"href":"https:\/\/blog.proclima.com\/ch\/wp-json\/wp\/v2\/media?parent=2357"}],"wp:term":[{"taxonomy":"category","embeddable":true,"href":"https:\/\/blog.proclima.com\/ch\/wp-json\/wp\/v2\/categories?post=2357"},{"taxonomy":"post_tag","embeddable":true,"href":"https:\/\/blog.proclima.com\/ch\/wp-json\/wp\/v2\/tags?post=2357"}],"curies":[{"name":"wp","href":"https:\/\/api.w.org\/{rel}","templated":true}]}}