
{"id":2321,"date":"2019-08-22T15:02:49","date_gmt":"2019-08-22T13:02:49","guid":{"rendered":"http:\/\/blog.proclima.com\/ch\/?p=2321"},"modified":"2019-08-23T09:52:08","modified_gmt":"2019-08-23T07:52:08","slug":"pro-clima-schweiz-auf-der-holz-basel-2019","status":"publish","type":"post","link":"https:\/\/blog.proclima.com\/ch\/2019\/08\/22\/pro-clima-schweiz-auf-der-holz-basel-2019\/","title":{"rendered":"pro clima Schweiz auf der Holz Basel 2019  mit Produktneuheiten zum Anfassen &#8211; Halle 1.1. Stand C64"},"content":{"rendered":"<p><em>5 Tage voller Wissen, spannenden Produkten und Beratung: das pro clima Schweiz Team freut sich auf die <strong>Holz Basel 2019<\/strong>. Dort sind wir vom 15 bis 19. Oktober in <strong>Halle 1.1. Stand C 64<\/strong>.<\/em><\/p>\n<figure id=\"attachment_2287\" aria-describedby=\"caption-attachment-2287\" style=\"width: 300px\" class=\"wp-caption alignright\"><a href=\"http:\/\/blog.proclima.com\/ch\/files\/2019\/02\/02_Abb2_Aerosana-Fleece.jpg\"><img loading=\"lazy\" decoding=\"async\" data-size=\"6730x4492\" class=\"size-medium wp-image-2287\" src=\"http:\/\/blog.proclima.com\/ch\/files\/2019\/02\/02_Abb2_Aerosana-Fleece-300x200.jpg\" alt=\"\" width=\"300\" height=\"200\" srcset=\"https:\/\/blog.proclima.com\/ch\/files\/2019\/02\/02_Abb2_Aerosana-Fleece-300x200.jpg 300w, https:\/\/blog.proclima.com\/ch\/files\/2019\/02\/02_Abb2_Aerosana-Fleece-768x513.jpg 768w, https:\/\/blog.proclima.com\/ch\/files\/2019\/02\/02_Abb2_Aerosana-Fleece-1024x683.jpg 1024w, https:\/\/blog.proclima.com\/ch\/files\/2019\/02\/02_Abb2_Aerosana-Fleece-449x300.jpg 449w\" sizes=\"auto, (max-width: 300px) 100vw, 300px\" \/><\/a><figcaption id=\"caption-attachment-2287\" class=\"wp-caption-text\">Bei gr\u00f6sseren Fugen, L\u00f6chern oder bei Abdichtung von Durchdringungen wie Rohre oder Zangen wird das AEROSANA FLEECE eingelegt und \u00fcberstrichen.<\/figcaption><\/figure>\n<p>Hier k\u00f6nnen Sie sich pers\u00f6nlich mit unseren beliebten Neuheiten <a href=\"https:\/\/ch.proclima.com\/produkte\/verbindungsmittel\/flussigdichtung\/aerosana-visconn-fibre\">AEROSANA VISCONN FIBRE<\/a> und <a href=\"https:\/\/ch.proclima.com\/produkte\/verbindungsmittel\/flussigdichtung\/aerosana-fleece\">AEROSANA FLEECE<\/a> bekannt machen &#8211;\u00a0 sie anfassen und kennenlernen. Der faserarmierte Streichdichtstoff und das Vlies zum \u00dcberbr\u00fccken breiterer Risse und Fugen erg\u00e4nzen die Systemfamilie rund um die spr\u00fchbare Luftdichtungsfolie <a href=\"https:\/\/ch.proclima.com\/produkte\/verbindungsmittel\/flussigdichtung\/aerosana-visconn\">AEROSANA VISCONN<\/a>.<\/p>\n<p>Die Produkte werden Ihren Baustellen-Alltag erleichtern.<!--more--><\/p>\n<p>Das System rund um die spr\u00fchbare Luftdichtung AEROSANA VISCONN ist eine Alternative zur herk\u00f6mmlichen Dichtung, mit denen Handwerker komplizierte Baustellensituationen genauso einfach abdichten k\u00f6nnen wie gro\u00dfe Fl\u00e4chen.<\/p>\n<p>Weitere Informationen zur Spr\u00fchdichtung finden Sie hier: <a href=\"https:\/\/blog.proclima.com\/ch\/2019\/02\/05\/das-aerosana-visconn-system-dampfbremse-und-luftdichtung-einfach-aufspruehen\/\">https:\/\/blog.proclima.com\/ch\/2019\/02\/05\/das-aerosana-visconn-system-dampfbremse-und-luftdichtung-einfach-aufspruehen\/<\/a><\/p>\n<p>Falls Sie schon vorher Fragen haben, z\u00f6gern Sie nicht, uns zu kontaktieren: <a href=\"mailto:info@proclima.ch\">info@proclima.ch<\/a><\/p>\n<p>Weitere Infos zur Messe: <a href=\"http:\/\/www.holz.ch\/de-CH.aspx\">http:\/\/www.holz.ch\/de-CH.aspx<\/a><\/p>\n<p><strong>Die Adresse <\/strong><strong>der Messe:<\/strong><br \/>\nMCH Messe Schweiz (Basel) AG<br \/>\n4005 Basel<br \/>\nT +41 (0)58 200 20 20<br \/>\nF +41 (0)58 206 21 88<br \/>\n<a href=\"mailto:info@holz.ch\">info@holz.ch<\/a><\/p>\n<p><strong>Kontakt zum pro clima schweiz Team:<\/strong><br \/>\n<strong>pro clima schweiz GmbH<\/strong><br \/>\nTeichg\u00e4sslein 9<br \/>\n4058 Basel<br \/>\n<a href=\"mailto:info@proclima.ch\">in\u00ad<\/a><a href=\"mailto:fo@procli\">fo@procli<\/a><a href=\"mailto:info@proclima.ch\">\u00adma.ch<\/a><\/p>\n<p><strong>Technik-Hotline<\/strong><br \/>\nTel. +41 (0) 61 511 38 45<br \/>\n<a href=\"mailto:technik@proclima.ch\">technik@proclima.ch<\/a><\/p>\n<p>&nbsp;<\/p>\n","protected":false},"excerpt":{"rendered":"<p>5 Tage voller Wissen, spannenden Produkten und Beratung: das pro clima Schweiz Team freut sich auf die Holz Basel 2019. Dort sind wir vom 15 <a href=\"https:\/\/blog.proclima.com\/ch\/2019\/08\/22\/pro-clima-schweiz-auf-der-holz-basel-2019\/\" rel=\"bookmark\">&#8230;<\/a><\/p>\n","protected":false},"author":31,"featured_media":2324,"comment_status":"open","ping_status":"open","sticky":false,"template":"","format":"standard","meta":{"footnotes":""},"categories":[1,338],"tags":[499,517,277,518,17,519],"class_list":["post-2321","post","type-post","status-publish","format-standard","has-post-thumbnail","hentry","category-allgemein","category-veranstaltung","tag-aerosana-visconn","tag-axel-schmidt","tag-basel","tag-holz-2019","tag-messe","tag-messeneuheit"],"yoast_head":"<!-- This site is optimized with the Yoast SEO plugin v27.5 - https:\/\/yoast.com\/product\/yoast-seo-wordpress\/ -->\n<title>pro clima Schweiz auf der Holz Basel 2019 mit Produktneuheiten zum Anfassen - Halle 1.1. Stand C64 - pro clima Schweiz<\/title>\n<meta name=\"description\" content=\"4 Tage voller Wissen, spannenden Produkten und Beratung: das pro clima Schweiz Team freut sich auf die Holz Basel 2019 - vom 15 bis 19. Oktober in Halle 1.1. Stand C 64.\" \/>\n<meta name=\"robots\" content=\"index, follow, max-snippet:-1, max-image-preview:large, max-video-preview:-1\" \/>\n<link rel=\"canonical\" href=\"https:\/\/blog.proclima.com\/ch\/2019\/08\/22\/pro-clima-schweiz-auf-der-holz-basel-2019\/\" \/>\n<meta property=\"og:locale\" content=\"de_DE\" \/>\n<meta property=\"og:type\" content=\"article\" \/>\n<meta property=\"og:title\" content=\"pro clima Schweiz auf der Holz Basel 2019 mit Produktneuheiten zum Anfassen - Halle 1.1. Stand C64 - pro clima Schweiz\" \/>\n<meta property=\"og:description\" content=\"4 Tage voller Wissen, spannenden Produkten und Beratung: das pro clima Schweiz Team freut sich auf die Holz Basel 2019 - vom 15 bis 19. Oktober in Halle 1.1. Stand C 64.\" \/>\n<meta property=\"og:url\" content=\"https:\/\/blog.proclima.com\/ch\/2019\/08\/22\/pro-clima-schweiz-auf-der-holz-basel-2019\/\" \/>\n<meta property=\"og:site_name\" content=\"pro clima Schweiz\" \/>\n<meta property=\"article:author\" content=\"https:\/\/www.facebook.com\/cornelia.laessing\" \/>\n<meta property=\"article:published_time\" content=\"2019-08-22T13:02:49+00:00\" \/>\n<meta property=\"article:modified_time\" content=\"2019-08-23T07:52:08+00:00\" \/>\n<meta property=\"og:image\" content=\"https:\/\/blog.proclima.com\/ch\/files\/2019\/08\/IMG_2539-1024x768.jpg\" \/>\n\t<meta property=\"og:image:width\" content=\"1024\" \/>\n\t<meta property=\"og:image:height\" content=\"768\" \/>\n\t<meta property=\"og:image:type\" content=\"image\/jpeg\" \/>\n<meta name=\"author\" content=\"Cornelia L\u00e4ssing\" \/>\n<meta name=\"twitter:card\" content=\"summary_large_image\" \/>\n<meta name=\"twitter:creator\" content=\"@connylaessing\" \/>\n<meta name=\"twitter:label1\" content=\"Verfasst von\" \/>\n\t<meta name=\"twitter:data1\" content=\"Cornelia L\u00e4ssing\" \/>\n\t<meta name=\"twitter:label2\" content=\"Gesch\u00e4tzte Lesezeit\" \/>\n\t<meta name=\"twitter:data2\" content=\"1\u00a0Minute\" \/>\n<script type=\"application\/ld+json\" class=\"yoast-schema-graph\">{\"@context\":\"https:\\\/\\\/schema.org\",\"@graph\":[{\"@type\":\"Article\",\"@id\":\"https:\\\/\\\/blog.proclima.com\\\/ch\\\/2019\\\/08\\\/22\\\/pro-clima-schweiz-auf-der-holz-basel-2019\\\/#article\",\"isPartOf\":{\"@id\":\"https:\\\/\\\/blog.proclima.com\\\/ch\\\/2019\\\/08\\\/22\\\/pro-clima-schweiz-auf-der-holz-basel-2019\\\/\"},\"author\":{\"name\":\"Cornelia L\u00e4ssing\",\"@id\":\"https:\\\/\\\/blog.proclima.com\\\/ch\\\/#\\\/schema\\\/person\\\/5537f09a0342a4a72283791f5f8460b1\"},\"headline\":\"pro clima Schweiz auf der Holz Basel 2019 mit Produktneuheiten zum Anfassen &#8211; Halle 1.1. Stand C64\",\"datePublished\":\"2019-08-22T13:02:49+00:00\",\"dateModified\":\"2019-08-23T07:52:08+00:00\",\"mainEntityOfPage\":{\"@id\":\"https:\\\/\\\/blog.proclima.com\\\/ch\\\/2019\\\/08\\\/22\\\/pro-clima-schweiz-auf-der-holz-basel-2019\\\/\"},\"wordCount\":238,\"commentCount\":0,\"publisher\":{\"@id\":\"https:\\\/\\\/blog.proclima.com\\\/ch\\\/#organization\"},\"image\":{\"@id\":\"https:\\\/\\\/blog.proclima.com\\\/ch\\\/2019\\\/08\\\/22\\\/pro-clima-schweiz-auf-der-holz-basel-2019\\\/#primaryimage\"},\"thumbnailUrl\":\"https:\\\/\\\/blog.proclima.com\\\/ch\\\/files\\\/2019\\\/08\\\/IMG_2539.jpg\",\"keywords\":[\"Aerosana Visconn\",\"Axel Schmidt\",\"Basel\",\"Holz 2019\",\"Messe\",\"Messeneuheit\"],\"articleSection\":{\"1\":\"Veranstaltung\"},\"inLanguage\":\"de\",\"potentialAction\":[{\"@type\":\"CommentAction\",\"name\":\"Comment\",\"target\":[\"https:\\\/\\\/blog.proclima.com\\\/ch\\\/2019\\\/08\\\/22\\\/pro-clima-schweiz-auf-der-holz-basel-2019\\\/#respond\"]}]},{\"@type\":\"WebPage\",\"@id\":\"https:\\\/\\\/blog.proclima.com\\\/ch\\\/2019\\\/08\\\/22\\\/pro-clima-schweiz-auf-der-holz-basel-2019\\\/\",\"url\":\"https:\\\/\\\/blog.proclima.com\\\/ch\\\/2019\\\/08\\\/22\\\/pro-clima-schweiz-auf-der-holz-basel-2019\\\/\",\"name\":\"pro clima Schweiz auf der Holz Basel 2019 mit Produktneuheiten zum Anfassen - Halle 1.1. Stand C64 - pro clima Schweiz\",\"isPartOf\":{\"@id\":\"https:\\\/\\\/blog.proclima.com\\\/ch\\\/#website\"},\"primaryImageOfPage\":{\"@id\":\"https:\\\/\\\/blog.proclima.com\\\/ch\\\/2019\\\/08\\\/22\\\/pro-clima-schweiz-auf-der-holz-basel-2019\\\/#primaryimage\"},\"image\":{\"@id\":\"https:\\\/\\\/blog.proclima.com\\\/ch\\\/2019\\\/08\\\/22\\\/pro-clima-schweiz-auf-der-holz-basel-2019\\\/#primaryimage\"},\"thumbnailUrl\":\"https:\\\/\\\/blog.proclima.com\\\/ch\\\/files\\\/2019\\\/08\\\/IMG_2539.jpg\",\"datePublished\":\"2019-08-22T13:02:49+00:00\",\"dateModified\":\"2019-08-23T07:52:08+00:00\",\"description\":\"4 Tage voller Wissen, spannenden Produkten und Beratung: das pro clima Schweiz Team freut sich auf die Holz Basel 2019 - vom 15 bis 19. Oktober in Halle 1.1. Stand C 64.\",\"breadcrumb\":{\"@id\":\"https:\\\/\\\/blog.proclima.com\\\/ch\\\/2019\\\/08\\\/22\\\/pro-clima-schweiz-auf-der-holz-basel-2019\\\/#breadcrumb\"},\"inLanguage\":\"de\",\"potentialAction\":[{\"@type\":\"ReadAction\",\"target\":[\"https:\\\/\\\/blog.proclima.com\\\/ch\\\/2019\\\/08\\\/22\\\/pro-clima-schweiz-auf-der-holz-basel-2019\\\/\"]}]},{\"@type\":\"ImageObject\",\"inLanguage\":\"de\",\"@id\":\"https:\\\/\\\/blog.proclima.com\\\/ch\\\/2019\\\/08\\\/22\\\/pro-clima-schweiz-auf-der-holz-basel-2019\\\/#primaryimage\",\"url\":\"https:\\\/\\\/blog.proclima.com\\\/ch\\\/files\\\/2019\\\/08\\\/IMG_2539.jpg\",\"contentUrl\":\"https:\\\/\\\/blog.proclima.com\\\/ch\\\/files\\\/2019\\\/08\\\/IMG_2539.jpg\",\"width\":2500,\"height\":1875},{\"@type\":\"BreadcrumbList\",\"@id\":\"https:\\\/\\\/blog.proclima.com\\\/ch\\\/2019\\\/08\\\/22\\\/pro-clima-schweiz-auf-der-holz-basel-2019\\\/#breadcrumb\",\"itemListElement\":[{\"@type\":\"ListItem\",\"position\":1,\"name\":\"Startseite\",\"item\":\"https:\\\/\\\/blog.proclima.com\\\/ch\\\/\"},{\"@type\":\"ListItem\",\"position\":2,\"name\":\"pro clima Schweiz auf der Holz Basel 2019 mit Produktneuheiten zum Anfassen &#8211; Halle 1.1. Stand C64\"}]},{\"@type\":\"WebSite\",\"@id\":\"https:\\\/\\\/blog.proclima.com\\\/ch\\\/#website\",\"url\":\"https:\\\/\\\/blog.proclima.com\\\/ch\\\/\",\"name\":\"pro clima Schweiz\",\"description\":\"das Blog\",\"publisher\":{\"@id\":\"https:\\\/\\\/blog.proclima.com\\\/ch\\\/#organization\"},\"potentialAction\":[{\"@type\":\"SearchAction\",\"target\":{\"@type\":\"EntryPoint\",\"urlTemplate\":\"https:\\\/\\\/blog.proclima.com\\\/ch\\\/?s={search_term_string}\"},\"query-input\":{\"@type\":\"PropertyValueSpecification\",\"valueRequired\":true,\"valueName\":\"search_term_string\"}}],\"inLanguage\":\"de\"},{\"@type\":\"Organization\",\"@id\":\"https:\\\/\\\/blog.proclima.com\\\/ch\\\/#organization\",\"name\":\"pro clima Schweiz\",\"url\":\"https:\\\/\\\/blog.proclima.com\\\/ch\\\/\",\"logo\":{\"@type\":\"ImageObject\",\"inLanguage\":\"de\",\"@id\":\"https:\\\/\\\/blog.proclima.com\\\/ch\\\/#\\\/schema\\\/logo\\\/image\\\/\",\"url\":\"https:\\\/\\\/blog.proclima.com\\\/ch\\\/files\\\/2025\\\/12\\\/logo_proclima_quadrat.png\",\"contentUrl\":\"https:\\\/\\\/blog.proclima.com\\\/ch\\\/files\\\/2025\\\/12\\\/logo_proclima_quadrat.png\",\"width\":1200,\"height\":1200,\"caption\":\"pro clima Schweiz\"},\"image\":{\"@id\":\"https:\\\/\\\/blog.proclima.com\\\/ch\\\/#\\\/schema\\\/logo\\\/image\\\/\"}},{\"@type\":\"Person\",\"@id\":\"https:\\\/\\\/blog.proclima.com\\\/ch\\\/#\\\/schema\\\/person\\\/5537f09a0342a4a72283791f5f8460b1\",\"name\":\"Cornelia L\u00e4ssing\",\"image\":{\"@type\":\"ImageObject\",\"inLanguage\":\"de\",\"@id\":\"https:\\\/\\\/secure.gravatar.com\\\/avatar\\\/797cab3c8246ef86d414c664408795ffee9205370524e3e617dfed8550e0c4ff?s=96&d=blank&r=g\",\"url\":\"https:\\\/\\\/secure.gravatar.com\\\/avatar\\\/797cab3c8246ef86d414c664408795ffee9205370524e3e617dfed8550e0c4ff?s=96&d=blank&r=g\",\"contentUrl\":\"https:\\\/\\\/secure.gravatar.com\\\/avatar\\\/797cab3c8246ef86d414c664408795ffee9205370524e3e617dfed8550e0c4ff?s=96&d=blank&r=g\",\"caption\":\"Cornelia L\u00e4ssing\"},\"description\":\"Cornelia L\u00e4ssing ist ausgebildete Mediengestalterin und hat sich auf Online-Marketing spezialisiert. Sie betreut u.a. die Social Media Kan\u00e4le von pro clima. Sie ist zudem verantwortlich f\u00fcr die Online-Seminare der pro clima Wissenswerkstatt \u2013 hier wird Bau-Wissen unterhaltsam und einpr\u00e4gend vermittelt.\",\"sameAs\":[\"https:\\\/\\\/www.facebook.com\\\/cornelia.laessing\",\"https:\\\/\\\/www.linkedin.com\\\/in\\\/cornelia-lssing\\\/\",\"https:\\\/\\\/x.com\\\/connylaessing\"],\"url\":\"https:\\\/\\\/blog.proclima.com\\\/ch\\\/author\\\/cornelia\\\/\"}]}<\/script>\n<!-- \/ Yoast SEO plugin. -->","yoast_head_json":{"title":"pro clima Schweiz auf der Holz Basel 2019 mit Produktneuheiten zum Anfassen - Halle 1.1. Stand C64 - pro clima Schweiz","description":"4 Tage voller Wissen, spannenden Produkten und Beratung: das pro clima Schweiz Team freut sich auf die Holz Basel 2019 - vom 15 bis 19. Oktober in Halle 1.1. Stand C 64.","robots":{"index":"index","follow":"follow","max-snippet":"max-snippet:-1","max-image-preview":"max-image-preview:large","max-video-preview":"max-video-preview:-1"},"canonical":"https:\/\/blog.proclima.com\/ch\/2019\/08\/22\/pro-clima-schweiz-auf-der-holz-basel-2019\/","og_locale":"de_DE","og_type":"article","og_title":"pro clima Schweiz auf der Holz Basel 2019 mit Produktneuheiten zum Anfassen - Halle 1.1. Stand C64 - pro clima Schweiz","og_description":"4 Tage voller Wissen, spannenden Produkten und Beratung: das pro clima Schweiz Team freut sich auf die Holz Basel 2019 - vom 15 bis 19. Oktober in Halle 1.1. Stand C 64.","og_url":"https:\/\/blog.proclima.com\/ch\/2019\/08\/22\/pro-clima-schweiz-auf-der-holz-basel-2019\/","og_site_name":"pro clima Schweiz","article_author":"https:\/\/www.facebook.com\/cornelia.laessing","article_published_time":"2019-08-22T13:02:49+00:00","article_modified_time":"2019-08-23T07:52:08+00:00","og_image":[{"width":1024,"height":768,"url":"https:\/\/blog.proclima.com\/ch\/files\/2019\/08\/IMG_2539-1024x768.jpg","type":"image\/jpeg"}],"author":"Cornelia L\u00e4ssing","twitter_card":"summary_large_image","twitter_creator":"@connylaessing","twitter_misc":{"Verfasst von":"Cornelia L\u00e4ssing","Gesch\u00e4tzte Lesezeit":"1\u00a0Minute"},"schema":{"@context":"https:\/\/schema.org","@graph":[{"@type":"Article","@id":"https:\/\/blog.proclima.com\/ch\/2019\/08\/22\/pro-clima-schweiz-auf-der-holz-basel-2019\/#article","isPartOf":{"@id":"https:\/\/blog.proclima.com\/ch\/2019\/08\/22\/pro-clima-schweiz-auf-der-holz-basel-2019\/"},"author":{"name":"Cornelia L\u00e4ssing","@id":"https:\/\/blog.proclima.com\/ch\/#\/schema\/person\/5537f09a0342a4a72283791f5f8460b1"},"headline":"pro clima Schweiz auf der Holz Basel 2019 mit Produktneuheiten zum Anfassen &#8211; Halle 1.1. Stand C64","datePublished":"2019-08-22T13:02:49+00:00","dateModified":"2019-08-23T07:52:08+00:00","mainEntityOfPage":{"@id":"https:\/\/blog.proclima.com\/ch\/2019\/08\/22\/pro-clima-schweiz-auf-der-holz-basel-2019\/"},"wordCount":238,"commentCount":0,"publisher":{"@id":"https:\/\/blog.proclima.com\/ch\/#organization"},"image":{"@id":"https:\/\/blog.proclima.com\/ch\/2019\/08\/22\/pro-clima-schweiz-auf-der-holz-basel-2019\/#primaryimage"},"thumbnailUrl":"https:\/\/blog.proclima.com\/ch\/files\/2019\/08\/IMG_2539.jpg","keywords":["Aerosana Visconn","Axel Schmidt","Basel","Holz 2019","Messe","Messeneuheit"],"articleSection":{"1":"Veranstaltung"},"inLanguage":"de","potentialAction":[{"@type":"CommentAction","name":"Comment","target":["https:\/\/blog.proclima.com\/ch\/2019\/08\/22\/pro-clima-schweiz-auf-der-holz-basel-2019\/#respond"]}]},{"@type":"WebPage","@id":"https:\/\/blog.proclima.com\/ch\/2019\/08\/22\/pro-clima-schweiz-auf-der-holz-basel-2019\/","url":"https:\/\/blog.proclima.com\/ch\/2019\/08\/22\/pro-clima-schweiz-auf-der-holz-basel-2019\/","name":"pro clima Schweiz auf der Holz Basel 2019 mit Produktneuheiten zum Anfassen - Halle 1.1. Stand C64 - pro clima Schweiz","isPartOf":{"@id":"https:\/\/blog.proclima.com\/ch\/#website"},"primaryImageOfPage":{"@id":"https:\/\/blog.proclima.com\/ch\/2019\/08\/22\/pro-clima-schweiz-auf-der-holz-basel-2019\/#primaryimage"},"image":{"@id":"https:\/\/blog.proclima.com\/ch\/2019\/08\/22\/pro-clima-schweiz-auf-der-holz-basel-2019\/#primaryimage"},"thumbnailUrl":"https:\/\/blog.proclima.com\/ch\/files\/2019\/08\/IMG_2539.jpg","datePublished":"2019-08-22T13:02:49+00:00","dateModified":"2019-08-23T07:52:08+00:00","description":"4 Tage voller Wissen, spannenden Produkten und Beratung: das pro clima Schweiz Team freut sich auf die Holz Basel 2019 - vom 15 bis 19. Oktober in Halle 1.1. Stand C 64.","breadcrumb":{"@id":"https:\/\/blog.proclima.com\/ch\/2019\/08\/22\/pro-clima-schweiz-auf-der-holz-basel-2019\/#breadcrumb"},"inLanguage":"de","potentialAction":[{"@type":"ReadAction","target":["https:\/\/blog.proclima.com\/ch\/2019\/08\/22\/pro-clima-schweiz-auf-der-holz-basel-2019\/"]}]},{"@type":"ImageObject","inLanguage":"de","@id":"https:\/\/blog.proclima.com\/ch\/2019\/08\/22\/pro-clima-schweiz-auf-der-holz-basel-2019\/#primaryimage","url":"https:\/\/blog.proclima.com\/ch\/files\/2019\/08\/IMG_2539.jpg","contentUrl":"https:\/\/blog.proclima.com\/ch\/files\/2019\/08\/IMG_2539.jpg","width":2500,"height":1875},{"@type":"BreadcrumbList","@id":"https:\/\/blog.proclima.com\/ch\/2019\/08\/22\/pro-clima-schweiz-auf-der-holz-basel-2019\/#breadcrumb","itemListElement":[{"@type":"ListItem","position":1,"name":"Startseite","item":"https:\/\/blog.proclima.com\/ch\/"},{"@type":"ListItem","position":2,"name":"pro clima Schweiz auf der Holz Basel 2019 mit Produktneuheiten zum Anfassen &#8211; Halle 1.1. Stand C64"}]},{"@type":"WebSite","@id":"https:\/\/blog.proclima.com\/ch\/#website","url":"https:\/\/blog.proclima.com\/ch\/","name":"pro clima Schweiz","description":"das Blog","publisher":{"@id":"https:\/\/blog.proclima.com\/ch\/#organization"},"potentialAction":[{"@type":"SearchAction","target":{"@type":"EntryPoint","urlTemplate":"https:\/\/blog.proclima.com\/ch\/?s={search_term_string}"},"query-input":{"@type":"PropertyValueSpecification","valueRequired":true,"valueName":"search_term_string"}}],"inLanguage":"de"},{"@type":"Organization","@id":"https:\/\/blog.proclima.com\/ch\/#organization","name":"pro clima Schweiz","url":"https:\/\/blog.proclima.com\/ch\/","logo":{"@type":"ImageObject","inLanguage":"de","@id":"https:\/\/blog.proclima.com\/ch\/#\/schema\/logo\/image\/","url":"https:\/\/blog.proclima.com\/ch\/files\/2025\/12\/logo_proclima_quadrat.png","contentUrl":"https:\/\/blog.proclima.com\/ch\/files\/2025\/12\/logo_proclima_quadrat.png","width":1200,"height":1200,"caption":"pro clima Schweiz"},"image":{"@id":"https:\/\/blog.proclima.com\/ch\/#\/schema\/logo\/image\/"}},{"@type":"Person","@id":"https:\/\/blog.proclima.com\/ch\/#\/schema\/person\/5537f09a0342a4a72283791f5f8460b1","name":"Cornelia L\u00e4ssing","image":{"@type":"ImageObject","inLanguage":"de","@id":"https:\/\/secure.gravatar.com\/avatar\/797cab3c8246ef86d414c664408795ffee9205370524e3e617dfed8550e0c4ff?s=96&d=blank&r=g","url":"https:\/\/secure.gravatar.com\/avatar\/797cab3c8246ef86d414c664408795ffee9205370524e3e617dfed8550e0c4ff?s=96&d=blank&r=g","contentUrl":"https:\/\/secure.gravatar.com\/avatar\/797cab3c8246ef86d414c664408795ffee9205370524e3e617dfed8550e0c4ff?s=96&d=blank&r=g","caption":"Cornelia L\u00e4ssing"},"description":"Cornelia L\u00e4ssing ist ausgebildete Mediengestalterin und hat sich auf Online-Marketing spezialisiert. Sie betreut u.a. die Social Media Kan\u00e4le von pro clima. Sie ist zudem verantwortlich f\u00fcr die Online-Seminare der pro clima Wissenswerkstatt \u2013 hier wird Bau-Wissen unterhaltsam und einpr\u00e4gend vermittelt.","sameAs":["https:\/\/www.facebook.com\/cornelia.laessing","https:\/\/www.linkedin.com\/in\/cornelia-lssing\/","https:\/\/x.com\/connylaessing"],"url":"https:\/\/blog.proclima.com\/ch\/author\/cornelia\/"}]}},"_links":{"self":[{"href":"https:\/\/blog.proclima.com\/ch\/wp-json\/wp\/v2\/posts\/2321","targetHints":{"allow":["GET"]}}],"collection":[{"href":"https:\/\/blog.proclima.com\/ch\/wp-json\/wp\/v2\/posts"}],"about":[{"href":"https:\/\/blog.proclima.com\/ch\/wp-json\/wp\/v2\/types\/post"}],"author":[{"embeddable":true,"href":"https:\/\/blog.proclima.com\/ch\/wp-json\/wp\/v2\/users\/31"}],"replies":[{"embeddable":true,"href":"https:\/\/blog.proclima.com\/ch\/wp-json\/wp\/v2\/comments?post=2321"}],"version-history":[{"count":5,"href":"https:\/\/blog.proclima.com\/ch\/wp-json\/wp\/v2\/posts\/2321\/revisions"}],"predecessor-version":[{"id":2329,"href":"https:\/\/blog.proclima.com\/ch\/wp-json\/wp\/v2\/posts\/2321\/revisions\/2329"}],"wp:featuredmedia":[{"embeddable":true,"href":"https:\/\/blog.proclima.com\/ch\/wp-json\/wp\/v2\/media\/2324"}],"wp:attachment":[{"href":"https:\/\/blog.proclima.com\/ch\/wp-json\/wp\/v2\/media?parent=2321"}],"wp:term":[{"taxonomy":"category","embeddable":true,"href":"https:\/\/blog.proclima.com\/ch\/wp-json\/wp\/v2\/categories?post=2321"},{"taxonomy":"post_tag","embeddable":true,"href":"https:\/\/blog.proclima.com\/ch\/wp-json\/wp\/v2\/tags?post=2321"}],"curies":[{"name":"wp","href":"https:\/\/api.w.org\/{rel}","templated":true}]}}