
{"id":2295,"date":"2019-06-14T10:36:35","date_gmt":"2019-06-14T08:36:35","guid":{"rendered":"http:\/\/blog.proclima.com\/ch\/?p=2295"},"modified":"2019-06-14T10:36:35","modified_gmt":"2019-06-14T08:36:35","slug":"bauzeitenschutz-auf-grossen-holzbaustellen-ist-solitex-adhero-in-ihrem-element","status":"publish","type":"post","link":"https:\/\/blog.proclima.com\/ch\/2019\/06\/14\/bauzeitenschutz-auf-grossen-holzbaustellen-ist-solitex-adhero-in-ihrem-element\/","title":{"rendered":"Bauzeitenschutz: Auf grossen Holzbaustellen ist SOLITEX ADHERO in ihrem Element"},"content":{"rendered":"<h2>Selbstklebende, diffusionsoffenen und emissionsarm: Witterungsschutzbahn zur Bauzeitenabdichtung<\/h2>\n<p><em>Ob \u00f6ffentliches Geb\u00e4ude, Mehrfamilienhaus oder Gewerbeobjekt \u2013 allm\u00e4hlich nimmt der Holzelementbau \u00fcberall auch bei grossen Bauvorhaben an Fahrt auf. Das heisst gleichzeitig, dass immer h\u00e4ufiger Holzbauelemente \u00fcber l\u00e4ngere Bauphasen hinweg vor Witterungseinfl\u00fcssen und besonders vor N\u00e4sse gesch\u00fctzt werden m\u00fcssen. L\u00f6sen l\u00e4sst sich das mit <a href=\"https:\/\/ch.proclima.com\/produkte\/dichtung-aussen\/solitex-adhero\"><strong>SOLITEX ADHERO<\/strong><\/a>: Die selbstklebende Dichtbahn h\u00e4lt Fassaden- und Holzelementdecken trocken. Ihre Vorz\u00fcge kann sie besonders bei Objekten ausspielen, f\u00fcr die Raumluftqualit\u00e4t z\u00e4hlt und provisorische \u00dcberdachungen oder Abplanungen als Bauzeitenschutz nicht infrage kommen.<\/em><\/p>\n<figure id=\"attachment_2298\" aria-describedby=\"caption-attachment-2298\" style=\"width: 300px\" class=\"wp-caption alignright\"><a href=\"http:\/\/blog.proclima.com\/ch\/files\/2019\/06\/01a_Abb01a_Verarbeitung-Holzdecke.jpg\"><img loading=\"lazy\" decoding=\"async\" data-size=\"4896x3264\" class=\"wp-image-2298 size-medium\" src=\"http:\/\/blog.proclima.com\/ch\/files\/2019\/06\/01a_Abb01a_Verarbeitung-Holzdecke-300x200.jpg\" alt=\"\" width=\"300\" height=\"200\" srcset=\"https:\/\/blog.proclima.com\/ch\/files\/2019\/06\/01a_Abb01a_Verarbeitung-Holzdecke-300x200.jpg 300w, https:\/\/blog.proclima.com\/ch\/files\/2019\/06\/01a_Abb01a_Verarbeitung-Holzdecke-768x512.jpg 768w, https:\/\/blog.proclima.com\/ch\/files\/2019\/06\/01a_Abb01a_Verarbeitung-Holzdecke-1024x683.jpg 1024w, https:\/\/blog.proclima.com\/ch\/files\/2019\/06\/01a_Abb01a_Verarbeitung-Holzdecke-450x300.jpg 450w\" sizes=\"auto, (max-width: 300px) 100vw, 300px\" \/><\/a><figcaption id=\"caption-attachment-2298\" class=\"wp-caption-text\">Kein Durchn\u00e4ssen, keine Wasserflecken: Besonders vorgefertigte Holzrahmenbauelemente und Brettsperrholzdecken profitieren vom Witterungsschutz durch SOLITEX ADHERO.<\/figcaption><\/figure>\n<p>Die Witterungsschutzbahn l\u00e4sst sich z\u00fcgig auf allen tragf\u00e4higen, standfesten Fl\u00e4chen verlegen und haftet vollfl\u00e4chig auf dem Untergrund. Daher kann sich N\u00e4sse unter der Bahn nicht weiter ausbreiten, sollte diese im Bauablauf besch\u00e4digt werden. Und wenn die Holzfeuchte doch einmal ansteigt, trocknet sie innerhalb kurzer Zeit wieder aus. Daf\u00fcr sorgen die Diffusionsf\u00e4higkeit der <a href=\"https:\/\/ch.proclima.com\/produkte\/dichtung-aussen\/solitex-adhero\"><strong>SOLITEX ADHERO<\/strong> <\/a>sowie eine spezielle Funktionsmembran, die Feuchtigkeit aktiv abtransportiert. Die Konstruktion bleibt gesch\u00fctzt.<!--more--><\/p>\n<h2>Die ges\u00fcndere Alternative &#8211; schon in der Planung ber\u00fccksichtigen<\/h2>\n<figure id=\"attachment_2300\" aria-describedby=\"caption-attachment-2300\" style=\"width: 300px\" class=\"wp-caption alignleft\"><a href=\"http:\/\/blog.proclima.com\/ch\/files\/2019\/06\/03_Abb03_Produkt-Adhero.jpg\"><img loading=\"lazy\" decoding=\"async\" data-size=\"6443x4239\" class=\"wp-image-2300 size-medium\" src=\"http:\/\/blog.proclima.com\/ch\/files\/2019\/06\/03_Abb03_Produkt-Adhero-e1560501045416-300x197.jpg\" alt=\"\" width=\"300\" height=\"197\" srcset=\"https:\/\/blog.proclima.com\/ch\/files\/2019\/06\/03_Abb03_Produkt-Adhero-e1560501045416-300x197.jpg 300w, https:\/\/blog.proclima.com\/ch\/files\/2019\/06\/03_Abb03_Produkt-Adhero-e1560501045416-768x505.jpg 768w, https:\/\/blog.proclima.com\/ch\/files\/2019\/06\/03_Abb03_Produkt-Adhero-e1560501045416-1024x674.jpg 1024w, https:\/\/blog.proclima.com\/ch\/files\/2019\/06\/03_Abb03_Produkt-Adhero-e1560501045416-456x300.jpg 456w\" sizes=\"auto, (max-width: 300px) 100vw, 300px\" \/><\/a><figcaption id=\"caption-attachment-2300\" class=\"wp-caption-text\">Maximal schlagregendicht, diffusionsf\u00e4hig und mit feuchteaktiver Funktionsmembran: SOLITEX ADHERO h\u00e4lt N\u00e4sse fern und l\u00e4sst sie im Falle eines Falles z\u00fcgig austrocknen.<\/figcaption><\/figure>\n<p>Bahnen f\u00fcr den tempor\u00e4ren Bauzeitenschutz verbleiben im fertig gestellten Geb\u00e4ude. \u201eDie oft eingesetzten Polymerbitumenbahnen haben den Nachteil, dass sie fl\u00fcchtige Stoffe an die Raumluft abgeben k\u00f6nnen. Damit nehmen sie Einfluss auf die Raumluftqualit\u00e4t. Dagegen ist die SOLITEX ADHERO beim wohngesunden Bauen deutlich im Vorteil.\u201c So beschreibt Jens-L\u00fcder Herms aus der pro clima Forschung und Entwicklung einen wichtigen Vorteil der Witterungsschutzbahn. Ausserdem ist sie wesentlich d\u00fcnner als Bitumenbahnen. So k\u00f6nnen die W\u00e4nde des folgenden Geschosses direkt auf das gesch\u00fctzte Deckenelement gestellt werden. Unebenheiten im Bereich von \u00dcberlappungen muss man nicht ber\u00fccksichtigen. Herms erg\u00e4nzt: \u201eManchmal ist es die einzig sinnvolle Alternative, von Anfang an mit einer Bahn wie der SOLITEX ADHERO zu planen. Zum Beispiel wenn ein Notdach f\u00fcr ein grosses Bauvorhaben zu teuer w\u00e4re oder aufgrund der Geb\u00e4udegeometrie gar nicht m\u00f6glich ist.\u201c<\/p>\n<figure id=\"attachment_2299\" aria-describedby=\"caption-attachment-2299\" style=\"width: 584px\" class=\"wp-caption alignnone\"><a href=\"http:\/\/blog.proclima.com\/ch\/files\/2019\/06\/02_Abb02_Anpressen.jpg\"><img loading=\"lazy\" decoding=\"async\" data-size=\"4896x3264\" class=\"wp-image-2299 size-large\" src=\"http:\/\/blog.proclima.com\/ch\/files\/2019\/06\/02_Abb02_Anpressen-1024x683.jpg\" alt=\"\" width=\"584\" height=\"390\" srcset=\"https:\/\/blog.proclima.com\/ch\/files\/2019\/06\/02_Abb02_Anpressen-1024x683.jpg 1024w, https:\/\/blog.proclima.com\/ch\/files\/2019\/06\/02_Abb02_Anpressen-300x200.jpg 300w, https:\/\/blog.proclima.com\/ch\/files\/2019\/06\/02_Abb02_Anpressen-768x512.jpg 768w, https:\/\/blog.proclima.com\/ch\/files\/2019\/06\/02_Abb02_Anpressen-450x300.jpg 450w\" sizes=\"auto, (max-width: 584px) 100vw, 584px\" \/><\/a><figcaption id=\"caption-attachment-2299\" class=\"wp-caption-text\">Einfach verlegt, vollfl\u00e4chig haftend: Die geteilte Trennfolie kann man leicht abziehen. Die Bahn haftet sofort auf tragf\u00e4higen Untergr\u00fcnden. Mit dem PRESSFIX XL oder einem Besen wird SOLITEX ADHERO gleichm\u00e4ssig angerieben.<\/figcaption><\/figure>\n<p><strong>Handwerkerliebling: Rutschfest und blendfrei<br \/>\n<\/strong><\/p>\n<p>Nicht zuletzt profitieren die Handwerker vom Einsatz der Bahn, weil sie die Arbeit angenehmer und sicherer macht: Ihre Oberfl\u00e4che bleibt auch bei nassem Wetter rutschfest und blendet nicht. Es gibt keine Stolperfallen, wie sie bei manchmal ebenfalls zur tempor\u00e4ren Abdichtung benutzten, lose verlegten Folien und Bahnen vorkommen.<\/p>\n<h2>Schutz gegen Feuchte und Schlagregen auch f\u00fcr Aussenw\u00e4nde<\/h2>\n<p>Auch auf Aussenw\u00e4nden ist sie zu Hause: Die SOLITEX ADHERO l\u00e4sst sich ebenfalls auf der Aussenseite von Holzrahmenbauw\u00e4nden hinter bel\u00fcfteten Vormauerschalen einsetzen. Mit einem sd-Wert von mindestens 0,3 m bietet die SOLITEX ADHERO einen ausreichenden Schutz vor dieser Feuchtebelastung und erlaubt gleichzeitig die in diesem Fall maximal m\u00f6gliche Austrocknung aus dem Bauteil heraus.<\/p>\n<p>Neben dem Einsatz als Witterungsschutz eignet sich die SOLITEX ADHERO ebenso als Luftdichtungsbahn. Zum Einsatz kommt sie etwa auf der Aussenseite von unverputztem Mauerwerk, Betonbauteilen mit Fugen oder eben Holzwerkstoffen.<\/p>\n<h2>Weitere Informationen:<\/h2>\n<ul>\n<li><a href=\"https:\/\/ch.proclima.com\/produkte\/dichtung-aussen\/solitex-adhero\">Produkt &#8211; technische Daten<\/a><\/li>\n<li><a href=\"https:\/\/proclima-pdm.moll-group.eu\/documents\/SOLADH\/application_guide\/pro%20clima%20SOLITEX%20ADHERO%20pro%20clima%20SOLITEX%20ADHERO%20Folder,%20Verarbeitung.pdf?language=de-ch\">Verarbeitungsfolder (Download) <\/a><\/li>\n<li><a href=\"https:\/\/ch.proclima.com\/service\/aussendienst\">Kontakt zum pro clima Aussendienst<\/a><\/li>\n<li><a href=\"https:\/\/ch.proclima.com\/service\/technikhotline\">Technik-Hotline<\/a><\/li>\n<\/ul>\n","protected":false},"excerpt":{"rendered":"<p>Selbstklebende, diffusionsoffenen und emissionsarm: Witterungsschutzbahn zur Bauzeitenabdichtung Ob \u00f6ffentliches Geb\u00e4ude, Mehrfamilienhaus oder Gewerbeobjekt \u2013 allm\u00e4hlich nimmt der Holzelementbau \u00fcberall auch bei grossen Bauvorhaben an Fahrt <a href=\"https:\/\/blog.proclima.com\/ch\/2019\/06\/14\/bauzeitenschutz-auf-grossen-holzbaustellen-ist-solitex-adhero-in-ihrem-element\/\" rel=\"bookmark\">&#8230;<\/a><\/p>\n","protected":false},"author":31,"featured_media":2297,"comment_status":"open","ping_status":"open","sticky":false,"template":"","format":"standard","meta":{"footnotes":""},"categories":[1,329,406],"tags":[371,506,509,507,503,504,508,510,505,502,501],"class_list":["post-2295","post","type-post","status-publish","format-standard","has-post-thumbnail","hentry","category-allgemein","category-pressemitteilung","category-produkte","tag-architekten","tag-bautraeger","tag-bauzeitenabdichtung","tag-grossprojekte","tag-holzbau","tag-holzelementbau","tag-luftdichung","tag-notdach","tag-objektbau","tag-solitex-adhero","tag-witterungsschutzbahn"],"yoast_head":"<!-- This site is optimized with the Yoast SEO plugin v27.5 - https:\/\/yoast.com\/product\/yoast-seo-wordpress\/ -->\n<title>Bauzeitenschutz: Auf grossen Holzbaustellen ist SOLITEX ADHERO in ihrem Element - pro clima Schweiz<\/title>\n<meta name=\"robots\" content=\"index, follow, max-snippet:-1, max-image-preview:large, max-video-preview:-1\" \/>\n<link rel=\"canonical\" href=\"https:\/\/blog.proclima.com\/ch\/2019\/06\/14\/bauzeitenschutz-auf-grossen-holzbaustellen-ist-solitex-adhero-in-ihrem-element\/\" \/>\n<meta property=\"og:locale\" content=\"de_DE\" \/>\n<meta property=\"og:type\" content=\"article\" \/>\n<meta property=\"og:title\" content=\"Bauzeitenschutz: Auf grossen Holzbaustellen ist SOLITEX ADHERO in ihrem Element - pro clima Schweiz\" \/>\n<meta property=\"og:description\" content=\"Selbstklebende, diffusionsoffenen und emissionsarm: Witterungsschutzbahn zur Bauzeitenabdichtung Ob \u00f6ffentliches Geb\u00e4ude, Mehrfamilienhaus oder Gewerbeobjekt \u2013 allm\u00e4hlich nimmt der Holzelementbau \u00fcberall auch bei grossen Bauvorhaben an Fahrt ...\" \/>\n<meta property=\"og:url\" content=\"https:\/\/blog.proclima.com\/ch\/2019\/06\/14\/bauzeitenschutz-auf-grossen-holzbaustellen-ist-solitex-adhero-in-ihrem-element\/\" \/>\n<meta property=\"og:site_name\" content=\"pro clima Schweiz\" \/>\n<meta property=\"article:author\" content=\"https:\/\/www.facebook.com\/cornelia.laessing\" \/>\n<meta property=\"article:published_time\" content=\"2019-06-14T08:36:35+00:00\" \/>\n<meta property=\"og:image\" content=\"https:\/\/blog.proclima.com\/ch\/files\/2019\/06\/01_Abb01_Verarbeitung-Holzdecke-1024x683.jpg\" \/>\n\t<meta property=\"og:image:width\" content=\"1024\" \/>\n\t<meta property=\"og:image:height\" content=\"683\" \/>\n\t<meta property=\"og:image:type\" content=\"image\/jpeg\" \/>\n<meta name=\"author\" content=\"Cornelia L\u00e4ssing\" \/>\n<meta name=\"twitter:card\" content=\"summary_large_image\" \/>\n<meta name=\"twitter:creator\" content=\"@connylaessing\" \/>\n<meta name=\"twitter:label1\" content=\"Verfasst von\" \/>\n\t<meta name=\"twitter:data1\" content=\"Cornelia L\u00e4ssing\" \/>\n\t<meta name=\"twitter:label2\" content=\"Gesch\u00e4tzte Lesezeit\" \/>\n\t<meta name=\"twitter:data2\" content=\"3\u00a0Minuten\" \/>\n<script type=\"application\/ld+json\" class=\"yoast-schema-graph\">{\"@context\":\"https:\\\/\\\/schema.org\",\"@graph\":[{\"@type\":\"Article\",\"@id\":\"https:\\\/\\\/blog.proclima.com\\\/ch\\\/2019\\\/06\\\/14\\\/bauzeitenschutz-auf-grossen-holzbaustellen-ist-solitex-adhero-in-ihrem-element\\\/#article\",\"isPartOf\":{\"@id\":\"https:\\\/\\\/blog.proclima.com\\\/ch\\\/2019\\\/06\\\/14\\\/bauzeitenschutz-auf-grossen-holzbaustellen-ist-solitex-adhero-in-ihrem-element\\\/\"},\"author\":{\"name\":\"Cornelia L\u00e4ssing\",\"@id\":\"https:\\\/\\\/blog.proclima.com\\\/ch\\\/#\\\/schema\\\/person\\\/5537f09a0342a4a72283791f5f8460b1\"},\"headline\":\"Bauzeitenschutz: Auf grossen Holzbaustellen ist SOLITEX ADHERO in ihrem Element\",\"datePublished\":\"2019-06-14T08:36:35+00:00\",\"mainEntityOfPage\":{\"@id\":\"https:\\\/\\\/blog.proclima.com\\\/ch\\\/2019\\\/06\\\/14\\\/bauzeitenschutz-auf-grossen-holzbaustellen-ist-solitex-adhero-in-ihrem-element\\\/\"},\"wordCount\":603,\"commentCount\":0,\"publisher\":{\"@id\":\"https:\\\/\\\/blog.proclima.com\\\/ch\\\/#organization\"},\"image\":{\"@id\":\"https:\\\/\\\/blog.proclima.com\\\/ch\\\/2019\\\/06\\\/14\\\/bauzeitenschutz-auf-grossen-holzbaustellen-ist-solitex-adhero-in-ihrem-element\\\/#primaryimage\"},\"thumbnailUrl\":\"https:\\\/\\\/blog.proclima.com\\\/ch\\\/files\\\/2019\\\/06\\\/01_Abb01_Verarbeitung-Holzdecke.jpg\",\"keywords\":[\"Architekten\",\"Bautr\u00e4ger\",\"Bauzeitenabdichtung\",\"Grossprojekte\",\"Holzbau\",\"Holzelementbau\",\"Luftdichung\",\"Notdach\",\"Objektbau\",\"Solitex Adhero\",\"Witterungsschutzbahn\"],\"articleSection\":{\"1\":\"Pressemitteilung\",\"2\":\"Produkte\"},\"inLanguage\":\"de\",\"potentialAction\":[{\"@type\":\"CommentAction\",\"name\":\"Comment\",\"target\":[\"https:\\\/\\\/blog.proclima.com\\\/ch\\\/2019\\\/06\\\/14\\\/bauzeitenschutz-auf-grossen-holzbaustellen-ist-solitex-adhero-in-ihrem-element\\\/#respond\"]}]},{\"@type\":\"WebPage\",\"@id\":\"https:\\\/\\\/blog.proclima.com\\\/ch\\\/2019\\\/06\\\/14\\\/bauzeitenschutz-auf-grossen-holzbaustellen-ist-solitex-adhero-in-ihrem-element\\\/\",\"url\":\"https:\\\/\\\/blog.proclima.com\\\/ch\\\/2019\\\/06\\\/14\\\/bauzeitenschutz-auf-grossen-holzbaustellen-ist-solitex-adhero-in-ihrem-element\\\/\",\"name\":\"Bauzeitenschutz: Auf grossen Holzbaustellen ist SOLITEX ADHERO in ihrem Element - pro clima Schweiz\",\"isPartOf\":{\"@id\":\"https:\\\/\\\/blog.proclima.com\\\/ch\\\/#website\"},\"primaryImageOfPage\":{\"@id\":\"https:\\\/\\\/blog.proclima.com\\\/ch\\\/2019\\\/06\\\/14\\\/bauzeitenschutz-auf-grossen-holzbaustellen-ist-solitex-adhero-in-ihrem-element\\\/#primaryimage\"},\"image\":{\"@id\":\"https:\\\/\\\/blog.proclima.com\\\/ch\\\/2019\\\/06\\\/14\\\/bauzeitenschutz-auf-grossen-holzbaustellen-ist-solitex-adhero-in-ihrem-element\\\/#primaryimage\"},\"thumbnailUrl\":\"https:\\\/\\\/blog.proclima.com\\\/ch\\\/files\\\/2019\\\/06\\\/01_Abb01_Verarbeitung-Holzdecke.jpg\",\"datePublished\":\"2019-06-14T08:36:35+00:00\",\"breadcrumb\":{\"@id\":\"https:\\\/\\\/blog.proclima.com\\\/ch\\\/2019\\\/06\\\/14\\\/bauzeitenschutz-auf-grossen-holzbaustellen-ist-solitex-adhero-in-ihrem-element\\\/#breadcrumb\"},\"inLanguage\":\"de\",\"potentialAction\":[{\"@type\":\"ReadAction\",\"target\":[\"https:\\\/\\\/blog.proclima.com\\\/ch\\\/2019\\\/06\\\/14\\\/bauzeitenschutz-auf-grossen-holzbaustellen-ist-solitex-adhero-in-ihrem-element\\\/\"]}]},{\"@type\":\"ImageObject\",\"inLanguage\":\"de\",\"@id\":\"https:\\\/\\\/blog.proclima.com\\\/ch\\\/2019\\\/06\\\/14\\\/bauzeitenschutz-auf-grossen-holzbaustellen-ist-solitex-adhero-in-ihrem-element\\\/#primaryimage\",\"url\":\"https:\\\/\\\/blog.proclima.com\\\/ch\\\/files\\\/2019\\\/06\\\/01_Abb01_Verarbeitung-Holzdecke.jpg\",\"contentUrl\":\"https:\\\/\\\/blog.proclima.com\\\/ch\\\/files\\\/2019\\\/06\\\/01_Abb01_Verarbeitung-Holzdecke.jpg\",\"width\":4896,\"height\":3264},{\"@type\":\"BreadcrumbList\",\"@id\":\"https:\\\/\\\/blog.proclima.com\\\/ch\\\/2019\\\/06\\\/14\\\/bauzeitenschutz-auf-grossen-holzbaustellen-ist-solitex-adhero-in-ihrem-element\\\/#breadcrumb\",\"itemListElement\":[{\"@type\":\"ListItem\",\"position\":1,\"name\":\"Startseite\",\"item\":\"https:\\\/\\\/blog.proclima.com\\\/ch\\\/\"},{\"@type\":\"ListItem\",\"position\":2,\"name\":\"Bauzeitenschutz: Auf grossen Holzbaustellen ist SOLITEX ADHERO in ihrem Element\"}]},{\"@type\":\"WebSite\",\"@id\":\"https:\\\/\\\/blog.proclima.com\\\/ch\\\/#website\",\"url\":\"https:\\\/\\\/blog.proclima.com\\\/ch\\\/\",\"name\":\"pro clima Schweiz\",\"description\":\"das Blog\",\"publisher\":{\"@id\":\"https:\\\/\\\/blog.proclima.com\\\/ch\\\/#organization\"},\"potentialAction\":[{\"@type\":\"SearchAction\",\"target\":{\"@type\":\"EntryPoint\",\"urlTemplate\":\"https:\\\/\\\/blog.proclima.com\\\/ch\\\/?s={search_term_string}\"},\"query-input\":{\"@type\":\"PropertyValueSpecification\",\"valueRequired\":true,\"valueName\":\"search_term_string\"}}],\"inLanguage\":\"de\"},{\"@type\":\"Organization\",\"@id\":\"https:\\\/\\\/blog.proclima.com\\\/ch\\\/#organization\",\"name\":\"pro clima Schweiz\",\"url\":\"https:\\\/\\\/blog.proclima.com\\\/ch\\\/\",\"logo\":{\"@type\":\"ImageObject\",\"inLanguage\":\"de\",\"@id\":\"https:\\\/\\\/blog.proclima.com\\\/ch\\\/#\\\/schema\\\/logo\\\/image\\\/\",\"url\":\"https:\\\/\\\/blog.proclima.com\\\/ch\\\/files\\\/2025\\\/12\\\/logo_proclima_quadrat.png\",\"contentUrl\":\"https:\\\/\\\/blog.proclima.com\\\/ch\\\/files\\\/2025\\\/12\\\/logo_proclima_quadrat.png\",\"width\":1200,\"height\":1200,\"caption\":\"pro clima Schweiz\"},\"image\":{\"@id\":\"https:\\\/\\\/blog.proclima.com\\\/ch\\\/#\\\/schema\\\/logo\\\/image\\\/\"}},{\"@type\":\"Person\",\"@id\":\"https:\\\/\\\/blog.proclima.com\\\/ch\\\/#\\\/schema\\\/person\\\/5537f09a0342a4a72283791f5f8460b1\",\"name\":\"Cornelia L\u00e4ssing\",\"image\":{\"@type\":\"ImageObject\",\"inLanguage\":\"de\",\"@id\":\"https:\\\/\\\/secure.gravatar.com\\\/avatar\\\/797cab3c8246ef86d414c664408795ffee9205370524e3e617dfed8550e0c4ff?s=96&d=blank&r=g\",\"url\":\"https:\\\/\\\/secure.gravatar.com\\\/avatar\\\/797cab3c8246ef86d414c664408795ffee9205370524e3e617dfed8550e0c4ff?s=96&d=blank&r=g\",\"contentUrl\":\"https:\\\/\\\/secure.gravatar.com\\\/avatar\\\/797cab3c8246ef86d414c664408795ffee9205370524e3e617dfed8550e0c4ff?s=96&d=blank&r=g\",\"caption\":\"Cornelia L\u00e4ssing\"},\"description\":\"Cornelia L\u00e4ssing ist ausgebildete Mediengestalterin und hat sich auf Online-Marketing spezialisiert. Sie betreut u.a. die Social Media Kan\u00e4le von pro clima. Sie ist zudem verantwortlich f\u00fcr die Online-Seminare der pro clima Wissenswerkstatt \u2013 hier wird Bau-Wissen unterhaltsam und einpr\u00e4gend vermittelt.\",\"sameAs\":[\"https:\\\/\\\/www.facebook.com\\\/cornelia.laessing\",\"https:\\\/\\\/www.linkedin.com\\\/in\\\/cornelia-lssing\\\/\",\"https:\\\/\\\/x.com\\\/connylaessing\"],\"url\":\"https:\\\/\\\/blog.proclima.com\\\/ch\\\/author\\\/cornelia\\\/\"}]}<\/script>\n<!-- \/ Yoast SEO plugin. -->","yoast_head_json":{"title":"Bauzeitenschutz: Auf grossen Holzbaustellen ist SOLITEX ADHERO in ihrem Element - pro clima Schweiz","robots":{"index":"index","follow":"follow","max-snippet":"max-snippet:-1","max-image-preview":"max-image-preview:large","max-video-preview":"max-video-preview:-1"},"canonical":"https:\/\/blog.proclima.com\/ch\/2019\/06\/14\/bauzeitenschutz-auf-grossen-holzbaustellen-ist-solitex-adhero-in-ihrem-element\/","og_locale":"de_DE","og_type":"article","og_title":"Bauzeitenschutz: Auf grossen Holzbaustellen ist SOLITEX ADHERO in ihrem Element - pro clima Schweiz","og_description":"Selbstklebende, diffusionsoffenen und emissionsarm: Witterungsschutzbahn zur Bauzeitenabdichtung Ob \u00f6ffentliches Geb\u00e4ude, Mehrfamilienhaus oder Gewerbeobjekt \u2013 allm\u00e4hlich nimmt der Holzelementbau \u00fcberall auch bei grossen Bauvorhaben an Fahrt ...","og_url":"https:\/\/blog.proclima.com\/ch\/2019\/06\/14\/bauzeitenschutz-auf-grossen-holzbaustellen-ist-solitex-adhero-in-ihrem-element\/","og_site_name":"pro clima Schweiz","article_author":"https:\/\/www.facebook.com\/cornelia.laessing","article_published_time":"2019-06-14T08:36:35+00:00","og_image":[{"width":1024,"height":683,"url":"https:\/\/blog.proclima.com\/ch\/files\/2019\/06\/01_Abb01_Verarbeitung-Holzdecke-1024x683.jpg","type":"image\/jpeg"}],"author":"Cornelia L\u00e4ssing","twitter_card":"summary_large_image","twitter_creator":"@connylaessing","twitter_misc":{"Verfasst von":"Cornelia L\u00e4ssing","Gesch\u00e4tzte Lesezeit":"3\u00a0Minuten"},"schema":{"@context":"https:\/\/schema.org","@graph":[{"@type":"Article","@id":"https:\/\/blog.proclima.com\/ch\/2019\/06\/14\/bauzeitenschutz-auf-grossen-holzbaustellen-ist-solitex-adhero-in-ihrem-element\/#article","isPartOf":{"@id":"https:\/\/blog.proclima.com\/ch\/2019\/06\/14\/bauzeitenschutz-auf-grossen-holzbaustellen-ist-solitex-adhero-in-ihrem-element\/"},"author":{"name":"Cornelia L\u00e4ssing","@id":"https:\/\/blog.proclima.com\/ch\/#\/schema\/person\/5537f09a0342a4a72283791f5f8460b1"},"headline":"Bauzeitenschutz: Auf grossen Holzbaustellen ist SOLITEX ADHERO in ihrem Element","datePublished":"2019-06-14T08:36:35+00:00","mainEntityOfPage":{"@id":"https:\/\/blog.proclima.com\/ch\/2019\/06\/14\/bauzeitenschutz-auf-grossen-holzbaustellen-ist-solitex-adhero-in-ihrem-element\/"},"wordCount":603,"commentCount":0,"publisher":{"@id":"https:\/\/blog.proclima.com\/ch\/#organization"},"image":{"@id":"https:\/\/blog.proclima.com\/ch\/2019\/06\/14\/bauzeitenschutz-auf-grossen-holzbaustellen-ist-solitex-adhero-in-ihrem-element\/#primaryimage"},"thumbnailUrl":"https:\/\/blog.proclima.com\/ch\/files\/2019\/06\/01_Abb01_Verarbeitung-Holzdecke.jpg","keywords":["Architekten","Bautr\u00e4ger","Bauzeitenabdichtung","Grossprojekte","Holzbau","Holzelementbau","Luftdichung","Notdach","Objektbau","Solitex Adhero","Witterungsschutzbahn"],"articleSection":{"1":"Pressemitteilung","2":"Produkte"},"inLanguage":"de","potentialAction":[{"@type":"CommentAction","name":"Comment","target":["https:\/\/blog.proclima.com\/ch\/2019\/06\/14\/bauzeitenschutz-auf-grossen-holzbaustellen-ist-solitex-adhero-in-ihrem-element\/#respond"]}]},{"@type":"WebPage","@id":"https:\/\/blog.proclima.com\/ch\/2019\/06\/14\/bauzeitenschutz-auf-grossen-holzbaustellen-ist-solitex-adhero-in-ihrem-element\/","url":"https:\/\/blog.proclima.com\/ch\/2019\/06\/14\/bauzeitenschutz-auf-grossen-holzbaustellen-ist-solitex-adhero-in-ihrem-element\/","name":"Bauzeitenschutz: Auf grossen Holzbaustellen ist SOLITEX ADHERO in ihrem Element - pro clima Schweiz","isPartOf":{"@id":"https:\/\/blog.proclima.com\/ch\/#website"},"primaryImageOfPage":{"@id":"https:\/\/blog.proclima.com\/ch\/2019\/06\/14\/bauzeitenschutz-auf-grossen-holzbaustellen-ist-solitex-adhero-in-ihrem-element\/#primaryimage"},"image":{"@id":"https:\/\/blog.proclima.com\/ch\/2019\/06\/14\/bauzeitenschutz-auf-grossen-holzbaustellen-ist-solitex-adhero-in-ihrem-element\/#primaryimage"},"thumbnailUrl":"https:\/\/blog.proclima.com\/ch\/files\/2019\/06\/01_Abb01_Verarbeitung-Holzdecke.jpg","datePublished":"2019-06-14T08:36:35+00:00","breadcrumb":{"@id":"https:\/\/blog.proclima.com\/ch\/2019\/06\/14\/bauzeitenschutz-auf-grossen-holzbaustellen-ist-solitex-adhero-in-ihrem-element\/#breadcrumb"},"inLanguage":"de","potentialAction":[{"@type":"ReadAction","target":["https:\/\/blog.proclima.com\/ch\/2019\/06\/14\/bauzeitenschutz-auf-grossen-holzbaustellen-ist-solitex-adhero-in-ihrem-element\/"]}]},{"@type":"ImageObject","inLanguage":"de","@id":"https:\/\/blog.proclima.com\/ch\/2019\/06\/14\/bauzeitenschutz-auf-grossen-holzbaustellen-ist-solitex-adhero-in-ihrem-element\/#primaryimage","url":"https:\/\/blog.proclima.com\/ch\/files\/2019\/06\/01_Abb01_Verarbeitung-Holzdecke.jpg","contentUrl":"https:\/\/blog.proclima.com\/ch\/files\/2019\/06\/01_Abb01_Verarbeitung-Holzdecke.jpg","width":4896,"height":3264},{"@type":"BreadcrumbList","@id":"https:\/\/blog.proclima.com\/ch\/2019\/06\/14\/bauzeitenschutz-auf-grossen-holzbaustellen-ist-solitex-adhero-in-ihrem-element\/#breadcrumb","itemListElement":[{"@type":"ListItem","position":1,"name":"Startseite","item":"https:\/\/blog.proclima.com\/ch\/"},{"@type":"ListItem","position":2,"name":"Bauzeitenschutz: Auf grossen Holzbaustellen ist SOLITEX ADHERO in ihrem Element"}]},{"@type":"WebSite","@id":"https:\/\/blog.proclima.com\/ch\/#website","url":"https:\/\/blog.proclima.com\/ch\/","name":"pro clima Schweiz","description":"das Blog","publisher":{"@id":"https:\/\/blog.proclima.com\/ch\/#organization"},"potentialAction":[{"@type":"SearchAction","target":{"@type":"EntryPoint","urlTemplate":"https:\/\/blog.proclima.com\/ch\/?s={search_term_string}"},"query-input":{"@type":"PropertyValueSpecification","valueRequired":true,"valueName":"search_term_string"}}],"inLanguage":"de"},{"@type":"Organization","@id":"https:\/\/blog.proclima.com\/ch\/#organization","name":"pro clima Schweiz","url":"https:\/\/blog.proclima.com\/ch\/","logo":{"@type":"ImageObject","inLanguage":"de","@id":"https:\/\/blog.proclima.com\/ch\/#\/schema\/logo\/image\/","url":"https:\/\/blog.proclima.com\/ch\/files\/2025\/12\/logo_proclima_quadrat.png","contentUrl":"https:\/\/blog.proclima.com\/ch\/files\/2025\/12\/logo_proclima_quadrat.png","width":1200,"height":1200,"caption":"pro clima Schweiz"},"image":{"@id":"https:\/\/blog.proclima.com\/ch\/#\/schema\/logo\/image\/"}},{"@type":"Person","@id":"https:\/\/blog.proclima.com\/ch\/#\/schema\/person\/5537f09a0342a4a72283791f5f8460b1","name":"Cornelia L\u00e4ssing","image":{"@type":"ImageObject","inLanguage":"de","@id":"https:\/\/secure.gravatar.com\/avatar\/797cab3c8246ef86d414c664408795ffee9205370524e3e617dfed8550e0c4ff?s=96&d=blank&r=g","url":"https:\/\/secure.gravatar.com\/avatar\/797cab3c8246ef86d414c664408795ffee9205370524e3e617dfed8550e0c4ff?s=96&d=blank&r=g","contentUrl":"https:\/\/secure.gravatar.com\/avatar\/797cab3c8246ef86d414c664408795ffee9205370524e3e617dfed8550e0c4ff?s=96&d=blank&r=g","caption":"Cornelia L\u00e4ssing"},"description":"Cornelia L\u00e4ssing ist ausgebildete Mediengestalterin und hat sich auf Online-Marketing spezialisiert. Sie betreut u.a. die Social Media Kan\u00e4le von pro clima. Sie ist zudem verantwortlich f\u00fcr die Online-Seminare der pro clima Wissenswerkstatt \u2013 hier wird Bau-Wissen unterhaltsam und einpr\u00e4gend vermittelt.","sameAs":["https:\/\/www.facebook.com\/cornelia.laessing","https:\/\/www.linkedin.com\/in\/cornelia-lssing\/","https:\/\/x.com\/connylaessing"],"url":"https:\/\/blog.proclima.com\/ch\/author\/cornelia\/"}]}},"_links":{"self":[{"href":"https:\/\/blog.proclima.com\/ch\/wp-json\/wp\/v2\/posts\/2295","targetHints":{"allow":["GET"]}}],"collection":[{"href":"https:\/\/blog.proclima.com\/ch\/wp-json\/wp\/v2\/posts"}],"about":[{"href":"https:\/\/blog.proclima.com\/ch\/wp-json\/wp\/v2\/types\/post"}],"author":[{"embeddable":true,"href":"https:\/\/blog.proclima.com\/ch\/wp-json\/wp\/v2\/users\/31"}],"replies":[{"embeddable":true,"href":"https:\/\/blog.proclima.com\/ch\/wp-json\/wp\/v2\/comments?post=2295"}],"version-history":[{"count":4,"href":"https:\/\/blog.proclima.com\/ch\/wp-json\/wp\/v2\/posts\/2295\/revisions"}],"predecessor-version":[{"id":2303,"href":"https:\/\/blog.proclima.com\/ch\/wp-json\/wp\/v2\/posts\/2295\/revisions\/2303"}],"wp:featuredmedia":[{"embeddable":true,"href":"https:\/\/blog.proclima.com\/ch\/wp-json\/wp\/v2\/media\/2297"}],"wp:attachment":[{"href":"https:\/\/blog.proclima.com\/ch\/wp-json\/wp\/v2\/media?parent=2295"}],"wp:term":[{"taxonomy":"category","embeddable":true,"href":"https:\/\/blog.proclima.com\/ch\/wp-json\/wp\/v2\/categories?post=2295"},{"taxonomy":"post_tag","embeddable":true,"href":"https:\/\/blog.proclima.com\/ch\/wp-json\/wp\/v2\/tags?post=2295"}],"curies":[{"name":"wp","href":"https:\/\/api.w.org\/{rel}","templated":true}]}}