
{"id":2272,"date":"2018-12-19T14:58:25","date_gmt":"2018-12-19T13:58:25","guid":{"rendered":"http:\/\/blog.proclima.com\/ch\/?p=2272"},"modified":"2018-12-19T15:01:39","modified_gmt":"2018-12-19T14:01:39","slug":"wie-klebt-ein-klebeband-eigentlich","status":"publish","type":"post","link":"https:\/\/blog.proclima.com\/ch\/2018\/12\/19\/wie-klebt-ein-klebeband-eigentlich\/","title":{"rendered":"Serie Bauphysik einfach erkl\u00e4rt: Wie klebt ein Klebeband eigentlich?"},"content":{"rendered":"<div><em>In dieser Reihe lassen wir pro clima Techniker zu Wort kommen \u2013 aber bitte einfach und verst\u00e4ndlich. Heute haben wir gefragt, wie ein Klebeband klebt.<\/em><\/div>\n<div><\/div>\n<div>Beim Kleben in der Luft- und Winddichtung geht es darum, F\u00fcgepartner dauerhaft fest miteinander zu verbinden, die ohne Verklebungen keine Verbindungen eingehen k\u00f6nnen. Dabei sollen die Verklebungen ein Bauteilleben lang halten. Neben der hohen Klebkraft m\u00fcssen diese Verbindungen entsprechend den Anforderungen der DIN 4108-7 \u00bbdie bau\u00fcblichen Bewegungen aufnehmen k\u00f6nnen\u00ab. Sowohl die Oberfl\u00e4chenbeschaffenheit als auch die sogenannte Oberfl\u00e4chenspannung hat einen entscheidenden Einfluss auf die Qualit\u00e4t der Verklebung. Um diese Materialien miteinander zu verbinden, werden Klebstoffe eingesetzt, die sich fest mit dem Untergrund verbinden (Adh\u00e4sion) und gleichzeitig eine ausreichende innere Festigkeit aufweisen (Koh\u00e4sion).<\/div>\n<div>\n<figure id=\"attachment_5966\" aria-describedby=\"caption-attachment-5966\" style=\"width: 682px\" class=\"wp-caption alignleft\"><a href=\"https:\/\/blog.proclima.com\/de\/files\/2016\/07\/3D-Kleber.png\"><img loading=\"lazy\" decoding=\"async\" class=\"wp-image-5966 size-full\" src=\"https:\/\/blog.proclima.com\/de\/files\/2016\/07\/3D-Kleber.png\" alt=\"3D Kleber\" width=\"682\" height=\"447\" \/><\/a><figcaption id=\"caption-attachment-5966\" class=\"wp-caption-text\">In der Klebefuge wirken verschiedene Kr\u00e4fte: Zum einen die Koh\u00e4sion, die den Kleber in sich zusammenh\u00e4lt und zum anderen die Adh\u00e4sion, die den Kleber am Untergrund h\u00e4lt.<\/figcaption><\/figure>\n<\/div>\n<div><\/div>\n<div><strong>Endfestigkeit ist entscheidend<\/strong><\/div>\n<p><!--more--><\/p>\n<div>Wichtig bei einem guten Kleber ist, dass er eine hohe Endfestigkeit aufweist. Zu weich eingestellte Kleber erm\u00f6glichen eine sehr gute Anfangshaftung, weisen jedoch im Vergleich nur geringe Endfestigkeiten auf. Diese Verbindungen k\u00f6nnen unter langfristig wirkenden geringen Belastungen (z. B. aus dem D\u00e4mmstoffgewicht) versagen. Optimal sind Kleber, die ausreichend klebrig sind, um die Anfangsfestigkeit des Klebebandes auf dem Untergrund zu sichern, und ausreichend z\u00e4h sind, um unvorhergesehene Lasten zu \u00fcbertragen, ohne dass die Luftdichtheit der Geb\u00e4udeh\u00fclle gef\u00e4hrdet ist.<\/div>\n<div><a href=\"https:\/\/blog.proclima.com\/de\/files\/2016\/07\/Grafiken-Klebetechnik2.jpg\"><img loading=\"lazy\" decoding=\"async\" class=\"alignleft size-large wp-image-5967\" src=\"https:\/\/blog.proclima.com\/de\/files\/2016\/07\/Grafiken-Klebetechnik2-1024x819.jpg\" alt=\"klebeprinzip1\" width=\"584\" height=\"467\" \/><\/a><\/div>\n<div>\n<div><\/div>\n<div><strong>Klebkraft auf 100 Jahre getestet und best\u00e4tigt<\/strong><\/div>\n<div>Die GH Kassel hat die pro clima Klebeb\u00e4nder <a href=\"https:\/\/ch.proclima.com\/produkte\/verbindungsmittel\/klebebaender\/tescon-vana\">TESCON VANA<\/a>, <a href=\"https:\/\/ch.proclima.com\/produkte\/verbindungsmittel\/klebebaender\/uni-tape\">UNI TAPE<\/a> und <a href=\"https:\/\/de.proclima.com\/produkte\/verbindungsmittel\/klebebaender\/tescon-1\">TESCON No.1<\/a> getestet und deren Klebkraft best\u00e4tigt: Nach dem unabh\u00e4ngigen Test gew\u00e4hrleisten diese Produkte eine sichere Luftdichtung \u00fcber 100 Jahre.<\/div>\n<\/div>\n<div><a href=\"https:\/\/blog.proclima.com\/de\/files\/2016\/08\/DIG-722_Das-Kaenguru-fragt_Flyer_Nr.3_1.3.pdf\"><strong>Diese Antwort auf die K\u00e4nguru-Frage als PDF &#8211; hier downloaden<\/strong><\/a><\/div>\n<div><\/div>\n<div>\n<div><strong>Mehr zur Funktion von Klebeb\u00e4ndern:<\/strong><\/div>\n<div><a href=\"https:\/\/ch.proclima.com\/media\/downloads\/de_w_System-Anschluesse.pdf\">https:\/\/de.proclima.com\/media\/downloads\/de_w_System-Anschluesse.pdf<\/a><\/div>\n<\/div>\n<div><strong><br \/>\nMehr zum 100 Jahre Klebetest:<\/strong><\/div>\n<div>Mehr zur Pr\u00fcfung 100 Jahre Klebkraft finden Sie hier:<\/div>\n<ul>\n<li><a href=\"https:\/\/ch.proclima.com\/service\/100-jahre-klebkraft\">pro clima TESCON VANA, UNI TAPE und TESCON No.1 von unabh\u00e4ngigem Institut gepr\u00fcft<\/a><\/li>\n<\/ul>\n<p>Jens-L\u00fcder Herms von pro clima slammt zum <strong>Thema &#8222;Die Wunderwelt der Klebstoffe&#8220;<\/strong> auf dem <a href=\"https:\/\/bausl.am\/\">Bauslam 2016<\/a>:<strong><br \/>\n<\/strong><\/p>\n<p><iframe loading=\"lazy\" title=\"Klebetechnik: die Wunderwelt der Klebstoffe\" width=\"1170\" height=\"658\" src=\"https:\/\/www.youtube.com\/embed\/5siquSuHRKg?feature=oembed\" frameborder=\"0\" allow=\"accelerometer; autoplay; clipboard-write; encrypted-media; gyroscope; picture-in-picture\" allowfullscreen><\/iframe><\/p>\n<p><strong>\u00a0<\/strong><\/p>\n<p><a href=\"https:\/\/blog.proclima.com\/de\/files\/2016\/07\/Jens-L\u00fcder-Herms.png\"><img loading=\"lazy\" decoding=\"async\" class=\"wp-image-5887 alignright\" src=\"https:\/\/blog.proclima.com\/de\/files\/2016\/07\/Jens-L\u00fcder-Herms.png\" alt=\"Jens L\u00fcder Herms\" width=\"132\" height=\"134\" \/><\/a><strong>pro clima Technik<\/strong><br \/>\nJens-L\u00fcder Herms aus der pro clima Technik hat diese Frage beantwortet. Die Ingenieure aus Holzbau und Bauwesen helfen schnell, einfach und kompetent und geben L\u00f6sungen zur wirtschaftlichen, sicheren und wohngesunden Ausf\u00fchrung von Konstruktionen.<\/p>\n<p>Die pro clima Technik in der Schweiz steht beratend zur Seite unter:<\/p>\n<ul>\n<li>Tel. +41 (0) 61 511 38 45<br \/>\nT\u00e9l. +41 (0) 22 518 18 98 <em>&#8211; fran\u00e7ais<\/em><strong><br \/>\n<\/strong><\/li>\n<li>E-Mail: technik@proclima.ch<\/li>\n<\/ul>\n<p><span style=\"text-indent: 20px;width: auto;padding: 0px 4px 0px 0px;text-align: center;font: bold 11px\/20px 'Helvetica Neue',Helvetica,sans-serif;color: #ffffff;background: #bd081c no-repeat scroll 3px 50% \/ 14px 14px;cursor: pointer\">Merken<\/span><\/p>\n","protected":false},"excerpt":{"rendered":"<p>In dieser Reihe lassen wir pro clima Techniker zu Wort kommen \u2013 aber bitte einfach und verst\u00e4ndlich. Heute haben wir gefragt, wie ein Klebeband klebt. <a href=\"https:\/\/blog.proclima.com\/ch\/2018\/12\/19\/wie-klebt-ein-klebeband-eigentlich\/\" rel=\"bookmark\">&#8230;<\/a><\/p>\n","protected":false},"author":37,"featured_media":0,"comment_status":"open","ping_status":"open","sticky":false,"template":"","format":"standard","meta":{"footnotes":""},"categories":[1,490],"tags":[24,309,451,122,453],"class_list":["post-2272","post","type-post","status-publish","format-standard","hentry","category-allgemein","category-bauphysik-einfach-erklaert","tag-anschlusskleber","tag-kleber","tag-klebkraft","tag-tescon-vana","tag-uni-tape"],"yoast_head":"<!-- This site is optimized with the Yoast SEO plugin v27.5 - https:\/\/yoast.com\/product\/yoast-seo-wordpress\/ -->\n<title>Serie Bauphysik einfach erkl\u00e4rt: Wie klebt ein Klebeband eigentlich? - pro clima Schweiz<\/title>\n<meta name=\"robots\" content=\"index, follow, max-snippet:-1, max-image-preview:large, max-video-preview:-1\" \/>\n<link rel=\"canonical\" href=\"https:\/\/blog.proclima.com\/ch\/2018\/12\/19\/wie-klebt-ein-klebeband-eigentlich\/\" \/>\n<meta property=\"og:locale\" content=\"de_DE\" \/>\n<meta property=\"og:type\" content=\"article\" \/>\n<meta property=\"og:title\" content=\"Serie Bauphysik einfach erkl\u00e4rt: Wie klebt ein Klebeband eigentlich? - pro clima Schweiz\" \/>\n<meta property=\"og:description\" content=\"In dieser Reihe lassen wir pro clima Techniker zu Wort kommen \u2013 aber bitte einfach und verst\u00e4ndlich. Heute haben wir gefragt, wie ein Klebeband klebt. ...\" \/>\n<meta property=\"og:url\" content=\"https:\/\/blog.proclima.com\/ch\/2018\/12\/19\/wie-klebt-ein-klebeband-eigentlich\/\" \/>\n<meta property=\"og:site_name\" content=\"pro clima Schweiz\" \/>\n<meta property=\"article:published_time\" content=\"2018-12-19T13:58:25+00:00\" \/>\n<meta property=\"article:modified_time\" content=\"2018-12-19T14:01:39+00:00\" \/>\n<meta property=\"og:image\" content=\"https:\/\/blog.proclima.com\/de\/files\/2016\/07\/3D-Kleber.png\" \/>\n<meta name=\"author\" content=\"Daniel Laubscher\" \/>\n<meta name=\"twitter:card\" content=\"summary_large_image\" \/>\n<meta name=\"twitter:label1\" content=\"Verfasst von\" \/>\n\t<meta name=\"twitter:data1\" content=\"Daniel Laubscher\" \/>\n\t<meta name=\"twitter:label2\" content=\"Gesch\u00e4tzte Lesezeit\" \/>\n\t<meta name=\"twitter:data2\" content=\"2\u00a0Minuten\" \/>\n<script type=\"application\/ld+json\" class=\"yoast-schema-graph\">{\"@context\":\"https:\\\/\\\/schema.org\",\"@graph\":[{\"@type\":\"Article\",\"@id\":\"https:\\\/\\\/blog.proclima.com\\\/ch\\\/2018\\\/12\\\/19\\\/wie-klebt-ein-klebeband-eigentlich\\\/#article\",\"isPartOf\":{\"@id\":\"https:\\\/\\\/blog.proclima.com\\\/ch\\\/2018\\\/12\\\/19\\\/wie-klebt-ein-klebeband-eigentlich\\\/\"},\"author\":{\"name\":\"Daniel Laubscher\",\"@id\":\"https:\\\/\\\/blog.proclima.com\\\/ch\\\/#\\\/schema\\\/person\\\/f77d2559426150a69168b2bb42608c5d\"},\"headline\":\"Serie Bauphysik einfach erkl\u00e4rt: Wie klebt ein Klebeband eigentlich?\",\"datePublished\":\"2018-12-19T13:58:25+00:00\",\"dateModified\":\"2018-12-19T14:01:39+00:00\",\"mainEntityOfPage\":{\"@id\":\"https:\\\/\\\/blog.proclima.com\\\/ch\\\/2018\\\/12\\\/19\\\/wie-klebt-ein-klebeband-eigentlich\\\/\"},\"wordCount\":442,\"commentCount\":0,\"publisher\":{\"@id\":\"https:\\\/\\\/blog.proclima.com\\\/ch\\\/#organization\"},\"image\":{\"@id\":\"https:\\\/\\\/blog.proclima.com\\\/ch\\\/2018\\\/12\\\/19\\\/wie-klebt-ein-klebeband-eigentlich\\\/#primaryimage\"},\"thumbnailUrl\":\"https:\\\/\\\/blog.proclima.com\\\/de\\\/files\\\/2016\\\/07\\\/3D-Kleber.png\",\"keywords\":[\"Anschlusskleber\",\"Kleber\",\"Klebkraft\",\"Tescon Vana\",\"Uni Tape\"],\"articleSection\":{\"1\":\"Bauphysik einfach erkl\u00e4rt\"},\"inLanguage\":\"de\",\"potentialAction\":[{\"@type\":\"CommentAction\",\"name\":\"Comment\",\"target\":[\"https:\\\/\\\/blog.proclima.com\\\/ch\\\/2018\\\/12\\\/19\\\/wie-klebt-ein-klebeband-eigentlich\\\/#respond\"]}]},{\"@type\":\"WebPage\",\"@id\":\"https:\\\/\\\/blog.proclima.com\\\/ch\\\/2018\\\/12\\\/19\\\/wie-klebt-ein-klebeband-eigentlich\\\/\",\"url\":\"https:\\\/\\\/blog.proclima.com\\\/ch\\\/2018\\\/12\\\/19\\\/wie-klebt-ein-klebeband-eigentlich\\\/\",\"name\":\"Serie Bauphysik einfach erkl\u00e4rt: Wie klebt ein Klebeband eigentlich? - pro clima Schweiz\",\"isPartOf\":{\"@id\":\"https:\\\/\\\/blog.proclima.com\\\/ch\\\/#website\"},\"primaryImageOfPage\":{\"@id\":\"https:\\\/\\\/blog.proclima.com\\\/ch\\\/2018\\\/12\\\/19\\\/wie-klebt-ein-klebeband-eigentlich\\\/#primaryimage\"},\"image\":{\"@id\":\"https:\\\/\\\/blog.proclima.com\\\/ch\\\/2018\\\/12\\\/19\\\/wie-klebt-ein-klebeband-eigentlich\\\/#primaryimage\"},\"thumbnailUrl\":\"https:\\\/\\\/blog.proclima.com\\\/de\\\/files\\\/2016\\\/07\\\/3D-Kleber.png\",\"datePublished\":\"2018-12-19T13:58:25+00:00\",\"dateModified\":\"2018-12-19T14:01:39+00:00\",\"breadcrumb\":{\"@id\":\"https:\\\/\\\/blog.proclima.com\\\/ch\\\/2018\\\/12\\\/19\\\/wie-klebt-ein-klebeband-eigentlich\\\/#breadcrumb\"},\"inLanguage\":\"de\",\"potentialAction\":[{\"@type\":\"ReadAction\",\"target\":[\"https:\\\/\\\/blog.proclima.com\\\/ch\\\/2018\\\/12\\\/19\\\/wie-klebt-ein-klebeband-eigentlich\\\/\"]}]},{\"@type\":\"ImageObject\",\"inLanguage\":\"de\",\"@id\":\"https:\\\/\\\/blog.proclima.com\\\/ch\\\/2018\\\/12\\\/19\\\/wie-klebt-ein-klebeband-eigentlich\\\/#primaryimage\",\"url\":\"https:\\\/\\\/blog.proclima.com\\\/de\\\/files\\\/2016\\\/07\\\/3D-Kleber.png\",\"contentUrl\":\"https:\\\/\\\/blog.proclima.com\\\/de\\\/files\\\/2016\\\/07\\\/3D-Kleber.png\"},{\"@type\":\"BreadcrumbList\",\"@id\":\"https:\\\/\\\/blog.proclima.com\\\/ch\\\/2018\\\/12\\\/19\\\/wie-klebt-ein-klebeband-eigentlich\\\/#breadcrumb\",\"itemListElement\":[{\"@type\":\"ListItem\",\"position\":1,\"name\":\"Startseite\",\"item\":\"https:\\\/\\\/blog.proclima.com\\\/ch\\\/\"},{\"@type\":\"ListItem\",\"position\":2,\"name\":\"Serie Bauphysik einfach erkl\u00e4rt: Wie klebt ein Klebeband eigentlich?\"}]},{\"@type\":\"WebSite\",\"@id\":\"https:\\\/\\\/blog.proclima.com\\\/ch\\\/#website\",\"url\":\"https:\\\/\\\/blog.proclima.com\\\/ch\\\/\",\"name\":\"pro clima Schweiz\",\"description\":\"das Blog\",\"publisher\":{\"@id\":\"https:\\\/\\\/blog.proclima.com\\\/ch\\\/#organization\"},\"potentialAction\":[{\"@type\":\"SearchAction\",\"target\":{\"@type\":\"EntryPoint\",\"urlTemplate\":\"https:\\\/\\\/blog.proclima.com\\\/ch\\\/?s={search_term_string}\"},\"query-input\":{\"@type\":\"PropertyValueSpecification\",\"valueRequired\":true,\"valueName\":\"search_term_string\"}}],\"inLanguage\":\"de\"},{\"@type\":\"Organization\",\"@id\":\"https:\\\/\\\/blog.proclima.com\\\/ch\\\/#organization\",\"name\":\"pro clima Schweiz\",\"url\":\"https:\\\/\\\/blog.proclima.com\\\/ch\\\/\",\"logo\":{\"@type\":\"ImageObject\",\"inLanguage\":\"de\",\"@id\":\"https:\\\/\\\/blog.proclima.com\\\/ch\\\/#\\\/schema\\\/logo\\\/image\\\/\",\"url\":\"https:\\\/\\\/blog.proclima.com\\\/ch\\\/files\\\/2025\\\/12\\\/logo_proclima_quadrat.png\",\"contentUrl\":\"https:\\\/\\\/blog.proclima.com\\\/ch\\\/files\\\/2025\\\/12\\\/logo_proclima_quadrat.png\",\"width\":1200,\"height\":1200,\"caption\":\"pro clima Schweiz\"},\"image\":{\"@id\":\"https:\\\/\\\/blog.proclima.com\\\/ch\\\/#\\\/schema\\\/logo\\\/image\\\/\"}},{\"@type\":\"Person\",\"@id\":\"https:\\\/\\\/blog.proclima.com\\\/ch\\\/#\\\/schema\\\/person\\\/f77d2559426150a69168b2bb42608c5d\",\"name\":\"Daniel Laubscher\",\"image\":{\"@type\":\"ImageObject\",\"inLanguage\":\"de\",\"@id\":\"https:\\\/\\\/secure.gravatar.com\\\/avatar\\\/b4e0e244386198fef5919d4b90c9e1dfa31f42618a48e9e6a3541f1224d312e8?s=96&d=blank&r=g\",\"url\":\"https:\\\/\\\/secure.gravatar.com\\\/avatar\\\/b4e0e244386198fef5919d4b90c9e1dfa31f42618a48e9e6a3541f1224d312e8?s=96&d=blank&r=g\",\"contentUrl\":\"https:\\\/\\\/secure.gravatar.com\\\/avatar\\\/b4e0e244386198fef5919d4b90c9e1dfa31f42618a48e9e6a3541f1224d312e8?s=96&d=blank&r=g\",\"caption\":\"Daniel Laubscher\"},\"description\":\"Daniel Laubscher hat bei pro clima eine Ausbildung zum Veranstaltungskaufmann absolviert. Er organisiert gr\u00f6\u00dfere Event und Messen von pro clima, wie die internationale BAU in M\u00fcnchen und Schulungstouren. Dabei k\u00fcmmert er sich auch um die Veranstaltungstechnik. Daniel ist auch Teil des Digital Teams. Er ist u.a. Moderator bei den Online-Seminaren der pro clima Wissenswerkstatt, filmt und produziert bei Events und unterst\u00fctzt die Social Media Auftritte.\u00a0 In seiner Freizeit organisiert er Camps f\u00fcr Jugendliche und Treffen, bei denen Jugendliche gest\u00e4rkt werden.\",\"url\":\"https:\\\/\\\/blog.proclima.com\\\/ch\\\/author\\\/daniellaubscher\\\/\"}]}<\/script>\n<!-- \/ Yoast SEO plugin. -->","yoast_head_json":{"title":"Serie Bauphysik einfach erkl\u00e4rt: Wie klebt ein Klebeband eigentlich? - pro clima Schweiz","robots":{"index":"index","follow":"follow","max-snippet":"max-snippet:-1","max-image-preview":"max-image-preview:large","max-video-preview":"max-video-preview:-1"},"canonical":"https:\/\/blog.proclima.com\/ch\/2018\/12\/19\/wie-klebt-ein-klebeband-eigentlich\/","og_locale":"de_DE","og_type":"article","og_title":"Serie Bauphysik einfach erkl\u00e4rt: Wie klebt ein Klebeband eigentlich? - pro clima Schweiz","og_description":"In dieser Reihe lassen wir pro clima Techniker zu Wort kommen \u2013 aber bitte einfach und verst\u00e4ndlich. Heute haben wir gefragt, wie ein Klebeband klebt. ...","og_url":"https:\/\/blog.proclima.com\/ch\/2018\/12\/19\/wie-klebt-ein-klebeband-eigentlich\/","og_site_name":"pro clima Schweiz","article_published_time":"2018-12-19T13:58:25+00:00","article_modified_time":"2018-12-19T14:01:39+00:00","og_image":[{"url":"https:\/\/blog.proclima.com\/de\/files\/2016\/07\/3D-Kleber.png","type":"","width":"","height":""}],"author":"Daniel Laubscher","twitter_card":"summary_large_image","twitter_misc":{"Verfasst von":"Daniel Laubscher","Gesch\u00e4tzte Lesezeit":"2\u00a0Minuten"},"schema":{"@context":"https:\/\/schema.org","@graph":[{"@type":"Article","@id":"https:\/\/blog.proclima.com\/ch\/2018\/12\/19\/wie-klebt-ein-klebeband-eigentlich\/#article","isPartOf":{"@id":"https:\/\/blog.proclima.com\/ch\/2018\/12\/19\/wie-klebt-ein-klebeband-eigentlich\/"},"author":{"name":"Daniel Laubscher","@id":"https:\/\/blog.proclima.com\/ch\/#\/schema\/person\/f77d2559426150a69168b2bb42608c5d"},"headline":"Serie Bauphysik einfach erkl\u00e4rt: Wie klebt ein Klebeband eigentlich?","datePublished":"2018-12-19T13:58:25+00:00","dateModified":"2018-12-19T14:01:39+00:00","mainEntityOfPage":{"@id":"https:\/\/blog.proclima.com\/ch\/2018\/12\/19\/wie-klebt-ein-klebeband-eigentlich\/"},"wordCount":442,"commentCount":0,"publisher":{"@id":"https:\/\/blog.proclima.com\/ch\/#organization"},"image":{"@id":"https:\/\/blog.proclima.com\/ch\/2018\/12\/19\/wie-klebt-ein-klebeband-eigentlich\/#primaryimage"},"thumbnailUrl":"https:\/\/blog.proclima.com\/de\/files\/2016\/07\/3D-Kleber.png","keywords":["Anschlusskleber","Kleber","Klebkraft","Tescon Vana","Uni Tape"],"articleSection":{"1":"Bauphysik einfach erkl\u00e4rt"},"inLanguage":"de","potentialAction":[{"@type":"CommentAction","name":"Comment","target":["https:\/\/blog.proclima.com\/ch\/2018\/12\/19\/wie-klebt-ein-klebeband-eigentlich\/#respond"]}]},{"@type":"WebPage","@id":"https:\/\/blog.proclima.com\/ch\/2018\/12\/19\/wie-klebt-ein-klebeband-eigentlich\/","url":"https:\/\/blog.proclima.com\/ch\/2018\/12\/19\/wie-klebt-ein-klebeband-eigentlich\/","name":"Serie Bauphysik einfach erkl\u00e4rt: Wie klebt ein Klebeband eigentlich? - pro clima Schweiz","isPartOf":{"@id":"https:\/\/blog.proclima.com\/ch\/#website"},"primaryImageOfPage":{"@id":"https:\/\/blog.proclima.com\/ch\/2018\/12\/19\/wie-klebt-ein-klebeband-eigentlich\/#primaryimage"},"image":{"@id":"https:\/\/blog.proclima.com\/ch\/2018\/12\/19\/wie-klebt-ein-klebeband-eigentlich\/#primaryimage"},"thumbnailUrl":"https:\/\/blog.proclima.com\/de\/files\/2016\/07\/3D-Kleber.png","datePublished":"2018-12-19T13:58:25+00:00","dateModified":"2018-12-19T14:01:39+00:00","breadcrumb":{"@id":"https:\/\/blog.proclima.com\/ch\/2018\/12\/19\/wie-klebt-ein-klebeband-eigentlich\/#breadcrumb"},"inLanguage":"de","potentialAction":[{"@type":"ReadAction","target":["https:\/\/blog.proclima.com\/ch\/2018\/12\/19\/wie-klebt-ein-klebeband-eigentlich\/"]}]},{"@type":"ImageObject","inLanguage":"de","@id":"https:\/\/blog.proclima.com\/ch\/2018\/12\/19\/wie-klebt-ein-klebeband-eigentlich\/#primaryimage","url":"https:\/\/blog.proclima.com\/de\/files\/2016\/07\/3D-Kleber.png","contentUrl":"https:\/\/blog.proclima.com\/de\/files\/2016\/07\/3D-Kleber.png"},{"@type":"BreadcrumbList","@id":"https:\/\/blog.proclima.com\/ch\/2018\/12\/19\/wie-klebt-ein-klebeband-eigentlich\/#breadcrumb","itemListElement":[{"@type":"ListItem","position":1,"name":"Startseite","item":"https:\/\/blog.proclima.com\/ch\/"},{"@type":"ListItem","position":2,"name":"Serie Bauphysik einfach erkl\u00e4rt: Wie klebt ein Klebeband eigentlich?"}]},{"@type":"WebSite","@id":"https:\/\/blog.proclima.com\/ch\/#website","url":"https:\/\/blog.proclima.com\/ch\/","name":"pro clima Schweiz","description":"das Blog","publisher":{"@id":"https:\/\/blog.proclima.com\/ch\/#organization"},"potentialAction":[{"@type":"SearchAction","target":{"@type":"EntryPoint","urlTemplate":"https:\/\/blog.proclima.com\/ch\/?s={search_term_string}"},"query-input":{"@type":"PropertyValueSpecification","valueRequired":true,"valueName":"search_term_string"}}],"inLanguage":"de"},{"@type":"Organization","@id":"https:\/\/blog.proclima.com\/ch\/#organization","name":"pro clima Schweiz","url":"https:\/\/blog.proclima.com\/ch\/","logo":{"@type":"ImageObject","inLanguage":"de","@id":"https:\/\/blog.proclima.com\/ch\/#\/schema\/logo\/image\/","url":"https:\/\/blog.proclima.com\/ch\/files\/2025\/12\/logo_proclima_quadrat.png","contentUrl":"https:\/\/blog.proclima.com\/ch\/files\/2025\/12\/logo_proclima_quadrat.png","width":1200,"height":1200,"caption":"pro clima Schweiz"},"image":{"@id":"https:\/\/blog.proclima.com\/ch\/#\/schema\/logo\/image\/"}},{"@type":"Person","@id":"https:\/\/blog.proclima.com\/ch\/#\/schema\/person\/f77d2559426150a69168b2bb42608c5d","name":"Daniel Laubscher","image":{"@type":"ImageObject","inLanguage":"de","@id":"https:\/\/secure.gravatar.com\/avatar\/b4e0e244386198fef5919d4b90c9e1dfa31f42618a48e9e6a3541f1224d312e8?s=96&d=blank&r=g","url":"https:\/\/secure.gravatar.com\/avatar\/b4e0e244386198fef5919d4b90c9e1dfa31f42618a48e9e6a3541f1224d312e8?s=96&d=blank&r=g","contentUrl":"https:\/\/secure.gravatar.com\/avatar\/b4e0e244386198fef5919d4b90c9e1dfa31f42618a48e9e6a3541f1224d312e8?s=96&d=blank&r=g","caption":"Daniel Laubscher"},"description":"Daniel Laubscher hat bei pro clima eine Ausbildung zum Veranstaltungskaufmann absolviert. Er organisiert gr\u00f6\u00dfere Event und Messen von pro clima, wie die internationale BAU in M\u00fcnchen und Schulungstouren. Dabei k\u00fcmmert er sich auch um die Veranstaltungstechnik. Daniel ist auch Teil des Digital Teams. Er ist u.a. Moderator bei den Online-Seminaren der pro clima Wissenswerkstatt, filmt und produziert bei Events und unterst\u00fctzt die Social Media Auftritte.\u00a0 In seiner Freizeit organisiert er Camps f\u00fcr Jugendliche und Treffen, bei denen Jugendliche gest\u00e4rkt werden.","url":"https:\/\/blog.proclima.com\/ch\/author\/daniellaubscher\/"}]}},"_links":{"self":[{"href":"https:\/\/blog.proclima.com\/ch\/wp-json\/wp\/v2\/posts\/2272","targetHints":{"allow":["GET"]}}],"collection":[{"href":"https:\/\/blog.proclima.com\/ch\/wp-json\/wp\/v2\/posts"}],"about":[{"href":"https:\/\/blog.proclima.com\/ch\/wp-json\/wp\/v2\/types\/post"}],"author":[{"embeddable":true,"href":"https:\/\/blog.proclima.com\/ch\/wp-json\/wp\/v2\/users\/37"}],"replies":[{"embeddable":true,"href":"https:\/\/blog.proclima.com\/ch\/wp-json\/wp\/v2\/comments?post=2272"}],"version-history":[{"count":5,"href":"https:\/\/blog.proclima.com\/ch\/wp-json\/wp\/v2\/posts\/2272\/revisions"}],"predecessor-version":[{"id":2283,"href":"https:\/\/blog.proclima.com\/ch\/wp-json\/wp\/v2\/posts\/2272\/revisions\/2283"}],"wp:attachment":[{"href":"https:\/\/blog.proclima.com\/ch\/wp-json\/wp\/v2\/media?parent=2272"}],"wp:term":[{"taxonomy":"category","embeddable":true,"href":"https:\/\/blog.proclima.com\/ch\/wp-json\/wp\/v2\/categories?post=2272"},{"taxonomy":"post_tag","embeddable":true,"href":"https:\/\/blog.proclima.com\/ch\/wp-json\/wp\/v2\/tags?post=2272"}],"curies":[{"name":"wp","href":"https:\/\/api.w.org\/{rel}","templated":true}]}}