
{"id":2260,"date":"2018-10-23T15:32:57","date_gmt":"2018-10-23T13:32:57","guid":{"rendered":"http:\/\/blog.proclima.com\/ch\/?p=2260"},"modified":"2018-10-23T15:32:57","modified_gmt":"2018-10-23T13:32:57","slug":"serie-bauphysik-einfach-erklaert-luftdichtung-warum-ist-die-notwendig","status":"publish","type":"post","link":"https:\/\/blog.proclima.com\/ch\/2018\/10\/23\/serie-bauphysik-einfach-erklaert-luftdichtung-warum-ist-die-notwendig\/","title":{"rendered":"Serie Bauphysik einfach erkl\u00e4rt: Luftdichtung: warum ist die notwendig?"},"content":{"rendered":"<p><em>In unserer neuen Reihe lassen wir pro clima Techniker zu Wort kommen &#8211; aber bitte einfach und verst\u00e4ndlich. Hier kommt der erste Beitrag. Wir haben gefragt, wozu die Luftdichtung notwendig ist.<\/em><\/p>\n<p>Die Luftdichtung hat gro\u00dfe und vielf\u00e4ltige Einfl\u00fcsse auf Geb\u00e4ude. Denn: Bei schlechter Luftdichtung str\u00f6mt ungewollt Luft durch die Geb\u00e4udeh\u00fclle. Dabei k\u00f6nnen Stoffe oder Energie transportiert werden. Das nennt man Konvektion. Es bedeutet, dass W\u00e4rme ungewollt im Winter das Geb\u00e4ude verl\u00e4sst oder im Sommer in die R\u00e4ume eintritt.<\/p>\n<h2>Schlechtere D\u00e4mmleistung durch Leckagen<\/h2>\n<figure id=\"attachment_2262\" aria-describedby=\"caption-attachment-2262\" style=\"width: 300px\" class=\"wp-caption alignleft\"><a href=\"http:\/\/blog.proclima.com\/ch\/files\/2018\/10\/2_Abb_2_Luftdichtung_Fuge.png\"><img loading=\"lazy\" decoding=\"async\" data-size=\"732x531\" class=\"size-medium wp-image-2262\" src=\"http:\/\/blog.proclima.com\/ch\/files\/2018\/10\/2_Abb_2_Luftdichtung_Fuge-300x218.png\" alt=\"\" width=\"300\" height=\"218\" srcset=\"https:\/\/blog.proclima.com\/ch\/files\/2018\/10\/2_Abb_2_Luftdichtung_Fuge-300x218.png 300w, https:\/\/blog.proclima.com\/ch\/files\/2018\/10\/2_Abb_2_Luftdichtung_Fuge-414x300.png 414w, https:\/\/blog.proclima.com\/ch\/files\/2018\/10\/2_Abb_2_Luftdichtung_Fuge.png 732w\" sizes=\"auto, (max-width: 300px) 100vw, 300px\" \/><\/a><figcaption id=\"caption-attachment-2262\" class=\"wp-caption-text\">Bei Neubau und energetischen Sanierung muss ein Luftdichtheitskonzept \u2013 hier ein Ausschnitt \u2013 erstellt werden. Erst auf der Baustelle \u00fcber Luftdichtheit nachzudenken, ist zu sp\u00e4t.<\/figcaption><\/figure>\n<p>Wissenschaftliche Untersuchungen zeigen, dass bei starker Luftdurchstr\u00f6mung (also durch Leckagen), sich die W\u00e4rmed\u00e4mmleistung um bis zu 80 Prozent reduzieren kann. Neben W\u00e4rme kann auch Wasser &#8211; als Luftfeuchte im Innenraum &#8211; \u00fcber Leckagen in der Luftdichtung in die Konstruktion gelangen. Im Winter f\u00e4llt dort die Temperatur ab. Es droht fl\u00fcssiges Kondensat. Das wiederum kann Folgesch\u00e4den wie z.B. Schimmel verursachen.<\/p>\n<p>Ebenso k\u00f6nnen sich nat\u00fcrlich auch Geruchs- oder Schadstoffe unerw\u00fcnscht ausbreiten; und wer will schon riechen, was der Nachbar gerade kocht.<!--more--><span id=\"more-7542\"><\/span><\/p>\n<h2>Gesundheit und Behaglichkeit wird durch Zugluft verschlechtert<\/h2>\n<p>Oft untersch\u00e4tzt wird auch der Aspekt der Behaglichkeit. Durch Luftstr\u00f6mungen k\u00f6nnen unangenehme Zuglufterscheinungen auftreten, z.B. aus der Dr\u00fcckerplatte der Toilette, wenn diese in einer Vorwand vor einer unverputzen Mauer installiert wird.<\/p>\n<figure id=\"attachment_2261\" aria-describedby=\"caption-attachment-2261\" style=\"width: 584px\" class=\"wp-caption aligncenter\"><a href=\"http:\/\/blog.proclima.com\/ch\/files\/2018\/10\/1_Abb_1_Luftdichtheitskonzept_DRUCK.jpg\"><img loading=\"lazy\" decoding=\"async\" data-size=\"1049x951\" class=\"wp-image-2261 size-large\" src=\"http:\/\/blog.proclima.com\/ch\/files\/2018\/10\/1_Abb_1_Luftdichtheitskonzept_DRUCK-1024x928.jpg\" alt=\"\" width=\"584\" height=\"529\" srcset=\"https:\/\/blog.proclima.com\/ch\/files\/2018\/10\/1_Abb_1_Luftdichtheitskonzept_DRUCK-1024x928.jpg 1024w, https:\/\/blog.proclima.com\/ch\/files\/2018\/10\/1_Abb_1_Luftdichtheitskonzept_DRUCK-300x272.jpg 300w, https:\/\/blog.proclima.com\/ch\/files\/2018\/10\/1_Abb_1_Luftdichtheitskonzept_DRUCK-768x696.jpg 768w, https:\/\/blog.proclima.com\/ch\/files\/2018\/10\/1_Abb_1_Luftdichtheitskonzept_DRUCK-331x300.jpg 331w, https:\/\/blog.proclima.com\/ch\/files\/2018\/10\/1_Abb_1_Luftdichtheitskonzept_DRUCK.jpg 1049w\" sizes=\"auto, (max-width: 584px) 100vw, 584px\" \/><\/a><figcaption id=\"caption-attachment-2261\" class=\"wp-caption-text\">Bei Neubau und energetischen Sanierung muss ein Luftdichtheitskonzept \u2013 hier ein Ausschnitt \u2013 erstellt werden. Erst auf der Baustelle \u00fcber Luftdichtheit nachzudenken, ist zu sp\u00e4t.<\/figcaption><\/figure>\n<p>Durch die Einstr\u00f6mung kalter Aussenluft im Winter reduziert sich bei deren Erw\u00e4rmung im Innenraum au\u00dferdem die Luftfeuchte. Das mag zun\u00e4chst positiv klingen, jedoch reizt zu trockene Raumluft die Schleimh\u00e4ute und kann deshalb zu Beschwerden und Erkrankung f\u00fchren.<\/p>\n<h2>Luftdichtheit ist inzwischen Pflicht<\/h2>\n<p>Verordnungen wie die SIA 180 und MuKEn 2014 geben die luftdichte Bauweise vor. Architekten m\u00fcssen entsprechende Planungsleistungen erbringen, die Handwerker dann sorgf\u00e4ltig umsetzen m\u00fcssen. Das luftdichte Bauen ist also Pflicht! Das bedeutet im Umkehrschluss: Bei Nichtbeachtung kann ein Mangel vorliegen, der zu Nachbesserung oder Schadensersatz f\u00fchren kann.<\/p>\n<p>Die Umsetzung der luftdichten Bauweise ist also f\u00fcr alle Baubeteiligen sinnvoll.<\/p>\n<p>Wenn Sie Fragen dazu oder zu einer Konstruktion haben &#8211; rufen Sie unsere <strong>Technik-Hotline<\/strong> an oder schreiben Sie:<\/p>\n<p>Telefon: +41 (0) 52 588 00 79 oder +41 (0) 22 518 18 98 <em>&#8211; fran\u00e7ais<br \/>\n<\/em>E-Mail: <a href=\"mailto:technik@proclima.ch\">technik@proclima.ch<\/a> oder <a href=\"mailto:technique@proclima.ch\">technique@proclima.ch<\/a> &#8211; <em>fran\u00e7ais<\/em><\/p>\n<p><strong>Interview mit Dr. Klaus Vogel \u00fcber die Beurteilung von Leckagen:<\/strong><\/p>\n<p>https:\/\/youtu.be\/oEcvvRl26P0<\/p>\n<h2>Luftdichtungsbahnen von pro clima:<\/h2>\n<p>feuchtevariable Luftdichtungsbahnen von pro clima:<\/p>\n<ul>\n<li><a href=\"https:\/\/ch.proclima.com\/produkte\/dichtung-innen\/intello\">INTELLO <\/a>\u2013\u00a0Hochleistungs-Dampfbrems- und Luftdichtungsbahn<\/li>\n<li><a href=\"https:\/\/ch.proclima.com\/produkte\/dichtung-innen\/intello-plus\">INTELLO PLUS<\/a>\u00a0\u2013 Armierte Hochleistungs-Dampfbrems- und Luftdichtungsbahn<\/li>\n<li><a href=\"https:\/\/de.proclima.com\/produkte\/dichtung-innen\/dbplus\">DB+<\/a>\u00a0\u2013 Armierte Dampfbrems- und Luftdichtungsbahn<\/li>\n<li><a href=\"https:\/\/ch.proclima.com\/produkte\/dichtung-innen\/intesana\">INTESANA<\/a> \/ <a href=\"https:\/\/ch.proclima.com\/produkte\/dichtung-innen\/intesana-connect\">INTESANA connect<\/a>\u00a0\u2013 Hochleistungs-Dampfbrems- und Luftdichtungsbahn<\/li>\n<li><a href=\"https:\/\/ch.proclima.com\/produkte\/dichtung-innen\/dasatop\">DASATOP <\/a>\u2013\u00a0Sanierungs-Dampfbrems- und Luftdichtungsbahn<\/li>\n<\/ul>\n","protected":false},"excerpt":{"rendered":"<p>In unserer neuen Reihe lassen wir pro clima Techniker zu Wort kommen &#8211; aber bitte einfach und verst\u00e4ndlich. Hier kommt der erste Beitrag. Wir haben <a href=\"https:\/\/blog.proclima.com\/ch\/2018\/10\/23\/serie-bauphysik-einfach-erklaert-luftdichtung-warum-ist-die-notwendig\/\" rel=\"bookmark\">&#8230;<\/a><\/p>\n","protected":false},"author":31,"featured_media":0,"comment_status":"open","ping_status":"open","sticky":false,"template":"","format":"standard","meta":{"footnotes":""},"categories":[1,490],"tags":[197,492,58,491,292,221],"class_list":["post-2260","post","type-post","status-publish","format-standard","hentry","category-allgemein","category-bauphysik-einfach-erklaert","tag-blower-door","tag-blowerdoor","tag-intello","tag-leckage","tag-luftdichtheitskonzept","tag-luftdichtung"],"yoast_head":"<!-- This site is optimized with the Yoast SEO plugin v27.5 - https:\/\/yoast.com\/product\/yoast-seo-wordpress\/ -->\n<title>Serie Bauphysik einfach erkl\u00e4rt: Luftdichtung: warum ist die notwendig? - pro clima Schweiz<\/title>\n<meta name=\"robots\" content=\"index, follow, max-snippet:-1, max-image-preview:large, max-video-preview:-1\" \/>\n<link rel=\"canonical\" href=\"https:\/\/blog.proclima.com\/ch\/2018\/10\/23\/serie-bauphysik-einfach-erklaert-luftdichtung-warum-ist-die-notwendig\/\" \/>\n<meta property=\"og:locale\" content=\"de_DE\" \/>\n<meta property=\"og:type\" content=\"article\" \/>\n<meta property=\"og:title\" content=\"Serie Bauphysik einfach erkl\u00e4rt: Luftdichtung: warum ist die notwendig? - pro clima Schweiz\" \/>\n<meta property=\"og:description\" content=\"In unserer neuen Reihe lassen wir pro clima Techniker zu Wort kommen &#8211; aber bitte einfach und verst\u00e4ndlich. Hier kommt der erste Beitrag. Wir haben ...\" \/>\n<meta property=\"og:url\" content=\"https:\/\/blog.proclima.com\/ch\/2018\/10\/23\/serie-bauphysik-einfach-erklaert-luftdichtung-warum-ist-die-notwendig\/\" \/>\n<meta property=\"og:site_name\" content=\"pro clima Schweiz\" \/>\n<meta property=\"article:author\" content=\"https:\/\/www.facebook.com\/cornelia.laessing\" \/>\n<meta property=\"article:published_time\" content=\"2018-10-23T13:32:57+00:00\" \/>\n<meta property=\"og:image\" content=\"http:\/\/blog.proclima.com\/ch\/files\/2018\/10\/2_Abb_2_Luftdichtung_Fuge-300x218.png\" \/>\n<meta name=\"author\" content=\"Cornelia L\u00e4ssing\" \/>\n<meta name=\"twitter:card\" content=\"summary_large_image\" \/>\n<meta name=\"twitter:creator\" content=\"@connylaessing\" \/>\n<meta name=\"twitter:label1\" content=\"Verfasst von\" \/>\n\t<meta name=\"twitter:data1\" content=\"Cornelia L\u00e4ssing\" \/>\n\t<meta name=\"twitter:label2\" content=\"Gesch\u00e4tzte Lesezeit\" \/>\n\t<meta name=\"twitter:data2\" content=\"2\u00a0Minuten\" \/>\n<script type=\"application\/ld+json\" class=\"yoast-schema-graph\">{\"@context\":\"https:\\\/\\\/schema.org\",\"@graph\":[{\"@type\":\"Article\",\"@id\":\"https:\\\/\\\/blog.proclima.com\\\/ch\\\/2018\\\/10\\\/23\\\/serie-bauphysik-einfach-erklaert-luftdichtung-warum-ist-die-notwendig\\\/#article\",\"isPartOf\":{\"@id\":\"https:\\\/\\\/blog.proclima.com\\\/ch\\\/2018\\\/10\\\/23\\\/serie-bauphysik-einfach-erklaert-luftdichtung-warum-ist-die-notwendig\\\/\"},\"author\":{\"name\":\"Cornelia L\u00e4ssing\",\"@id\":\"https:\\\/\\\/blog.proclima.com\\\/ch\\\/#\\\/schema\\\/person\\\/5537f09a0342a4a72283791f5f8460b1\"},\"headline\":\"Serie Bauphysik einfach erkl\u00e4rt: Luftdichtung: warum ist die notwendig?\",\"datePublished\":\"2018-10-23T13:32:57+00:00\",\"mainEntityOfPage\":{\"@id\":\"https:\\\/\\\/blog.proclima.com\\\/ch\\\/2018\\\/10\\\/23\\\/serie-bauphysik-einfach-erklaert-luftdichtung-warum-ist-die-notwendig\\\/\"},\"wordCount\":491,\"commentCount\":1,\"publisher\":{\"@id\":\"https:\\\/\\\/blog.proclima.com\\\/ch\\\/#organization\"},\"image\":{\"@id\":\"https:\\\/\\\/blog.proclima.com\\\/ch\\\/2018\\\/10\\\/23\\\/serie-bauphysik-einfach-erklaert-luftdichtung-warum-ist-die-notwendig\\\/#primaryimage\"},\"thumbnailUrl\":\"http:\\\/\\\/blog.proclima.com\\\/ch\\\/files\\\/2018\\\/10\\\/2_Abb_2_Luftdichtung_Fuge-300x218.png\",\"keywords\":[\"Blower Door\",\"BlowerDoor\",\"intello\",\"Leckage\",\"Luftdichtheitskonzept\",\"Luftdichtung\"],\"articleSection\":{\"1\":\"Bauphysik einfach erkl\u00e4rt\"},\"inLanguage\":\"de\",\"potentialAction\":[{\"@type\":\"CommentAction\",\"name\":\"Comment\",\"target\":[\"https:\\\/\\\/blog.proclima.com\\\/ch\\\/2018\\\/10\\\/23\\\/serie-bauphysik-einfach-erklaert-luftdichtung-warum-ist-die-notwendig\\\/#respond\"]}]},{\"@type\":\"WebPage\",\"@id\":\"https:\\\/\\\/blog.proclima.com\\\/ch\\\/2018\\\/10\\\/23\\\/serie-bauphysik-einfach-erklaert-luftdichtung-warum-ist-die-notwendig\\\/\",\"url\":\"https:\\\/\\\/blog.proclima.com\\\/ch\\\/2018\\\/10\\\/23\\\/serie-bauphysik-einfach-erklaert-luftdichtung-warum-ist-die-notwendig\\\/\",\"name\":\"Serie Bauphysik einfach erkl\u00e4rt: Luftdichtung: warum ist die notwendig? - pro clima Schweiz\",\"isPartOf\":{\"@id\":\"https:\\\/\\\/blog.proclima.com\\\/ch\\\/#website\"},\"primaryImageOfPage\":{\"@id\":\"https:\\\/\\\/blog.proclima.com\\\/ch\\\/2018\\\/10\\\/23\\\/serie-bauphysik-einfach-erklaert-luftdichtung-warum-ist-die-notwendig\\\/#primaryimage\"},\"image\":{\"@id\":\"https:\\\/\\\/blog.proclima.com\\\/ch\\\/2018\\\/10\\\/23\\\/serie-bauphysik-einfach-erklaert-luftdichtung-warum-ist-die-notwendig\\\/#primaryimage\"},\"thumbnailUrl\":\"http:\\\/\\\/blog.proclima.com\\\/ch\\\/files\\\/2018\\\/10\\\/2_Abb_2_Luftdichtung_Fuge-300x218.png\",\"datePublished\":\"2018-10-23T13:32:57+00:00\",\"breadcrumb\":{\"@id\":\"https:\\\/\\\/blog.proclima.com\\\/ch\\\/2018\\\/10\\\/23\\\/serie-bauphysik-einfach-erklaert-luftdichtung-warum-ist-die-notwendig\\\/#breadcrumb\"},\"inLanguage\":\"de\",\"potentialAction\":[{\"@type\":\"ReadAction\",\"target\":[\"https:\\\/\\\/blog.proclima.com\\\/ch\\\/2018\\\/10\\\/23\\\/serie-bauphysik-einfach-erklaert-luftdichtung-warum-ist-die-notwendig\\\/\"]}]},{\"@type\":\"ImageObject\",\"inLanguage\":\"de\",\"@id\":\"https:\\\/\\\/blog.proclima.com\\\/ch\\\/2018\\\/10\\\/23\\\/serie-bauphysik-einfach-erklaert-luftdichtung-warum-ist-die-notwendig\\\/#primaryimage\",\"url\":\"http:\\\/\\\/blog.proclima.com\\\/ch\\\/files\\\/2018\\\/10\\\/2_Abb_2_Luftdichtung_Fuge-300x218.png\",\"contentUrl\":\"http:\\\/\\\/blog.proclima.com\\\/ch\\\/files\\\/2018\\\/10\\\/2_Abb_2_Luftdichtung_Fuge-300x218.png\"},{\"@type\":\"BreadcrumbList\",\"@id\":\"https:\\\/\\\/blog.proclima.com\\\/ch\\\/2018\\\/10\\\/23\\\/serie-bauphysik-einfach-erklaert-luftdichtung-warum-ist-die-notwendig\\\/#breadcrumb\",\"itemListElement\":[{\"@type\":\"ListItem\",\"position\":1,\"name\":\"Startseite\",\"item\":\"https:\\\/\\\/blog.proclima.com\\\/ch\\\/\"},{\"@type\":\"ListItem\",\"position\":2,\"name\":\"Serie Bauphysik einfach erkl\u00e4rt: Luftdichtung: warum ist die notwendig?\"}]},{\"@type\":\"WebSite\",\"@id\":\"https:\\\/\\\/blog.proclima.com\\\/ch\\\/#website\",\"url\":\"https:\\\/\\\/blog.proclima.com\\\/ch\\\/\",\"name\":\"pro clima Schweiz\",\"description\":\"das Blog\",\"publisher\":{\"@id\":\"https:\\\/\\\/blog.proclima.com\\\/ch\\\/#organization\"},\"potentialAction\":[{\"@type\":\"SearchAction\",\"target\":{\"@type\":\"EntryPoint\",\"urlTemplate\":\"https:\\\/\\\/blog.proclima.com\\\/ch\\\/?s={search_term_string}\"},\"query-input\":{\"@type\":\"PropertyValueSpecification\",\"valueRequired\":true,\"valueName\":\"search_term_string\"}}],\"inLanguage\":\"de\"},{\"@type\":\"Organization\",\"@id\":\"https:\\\/\\\/blog.proclima.com\\\/ch\\\/#organization\",\"name\":\"pro clima Schweiz\",\"url\":\"https:\\\/\\\/blog.proclima.com\\\/ch\\\/\",\"logo\":{\"@type\":\"ImageObject\",\"inLanguage\":\"de\",\"@id\":\"https:\\\/\\\/blog.proclima.com\\\/ch\\\/#\\\/schema\\\/logo\\\/image\\\/\",\"url\":\"https:\\\/\\\/blog.proclima.com\\\/ch\\\/files\\\/2025\\\/12\\\/logo_proclima_quadrat.png\",\"contentUrl\":\"https:\\\/\\\/blog.proclima.com\\\/ch\\\/files\\\/2025\\\/12\\\/logo_proclima_quadrat.png\",\"width\":1200,\"height\":1200,\"caption\":\"pro clima Schweiz\"},\"image\":{\"@id\":\"https:\\\/\\\/blog.proclima.com\\\/ch\\\/#\\\/schema\\\/logo\\\/image\\\/\"}},{\"@type\":\"Person\",\"@id\":\"https:\\\/\\\/blog.proclima.com\\\/ch\\\/#\\\/schema\\\/person\\\/5537f09a0342a4a72283791f5f8460b1\",\"name\":\"Cornelia L\u00e4ssing\",\"image\":{\"@type\":\"ImageObject\",\"inLanguage\":\"de\",\"@id\":\"https:\\\/\\\/secure.gravatar.com\\\/avatar\\\/797cab3c8246ef86d414c664408795ffee9205370524e3e617dfed8550e0c4ff?s=96&d=blank&r=g\",\"url\":\"https:\\\/\\\/secure.gravatar.com\\\/avatar\\\/797cab3c8246ef86d414c664408795ffee9205370524e3e617dfed8550e0c4ff?s=96&d=blank&r=g\",\"contentUrl\":\"https:\\\/\\\/secure.gravatar.com\\\/avatar\\\/797cab3c8246ef86d414c664408795ffee9205370524e3e617dfed8550e0c4ff?s=96&d=blank&r=g\",\"caption\":\"Cornelia L\u00e4ssing\"},\"description\":\"Cornelia L\u00e4ssing ist ausgebildete Mediengestalterin und hat sich auf Online-Marketing spezialisiert. Sie betreut u.a. die Social Media Kan\u00e4le von pro clima. Sie ist zudem verantwortlich f\u00fcr die Online-Seminare der pro clima Wissenswerkstatt \u2013 hier wird Bau-Wissen unterhaltsam und einpr\u00e4gend vermittelt.\",\"sameAs\":[\"https:\\\/\\\/www.facebook.com\\\/cornelia.laessing\",\"https:\\\/\\\/www.linkedin.com\\\/in\\\/cornelia-lssing\\\/\",\"https:\\\/\\\/x.com\\\/connylaessing\"],\"url\":\"https:\\\/\\\/blog.proclima.com\\\/ch\\\/author\\\/cornelia\\\/\"}]}<\/script>\n<!-- \/ Yoast SEO plugin. -->","yoast_head_json":{"title":"Serie Bauphysik einfach erkl\u00e4rt: Luftdichtung: warum ist die notwendig? - pro clima Schweiz","robots":{"index":"index","follow":"follow","max-snippet":"max-snippet:-1","max-image-preview":"max-image-preview:large","max-video-preview":"max-video-preview:-1"},"canonical":"https:\/\/blog.proclima.com\/ch\/2018\/10\/23\/serie-bauphysik-einfach-erklaert-luftdichtung-warum-ist-die-notwendig\/","og_locale":"de_DE","og_type":"article","og_title":"Serie Bauphysik einfach erkl\u00e4rt: Luftdichtung: warum ist die notwendig? - pro clima Schweiz","og_description":"In unserer neuen Reihe lassen wir pro clima Techniker zu Wort kommen &#8211; aber bitte einfach und verst\u00e4ndlich. Hier kommt der erste Beitrag. Wir haben ...","og_url":"https:\/\/blog.proclima.com\/ch\/2018\/10\/23\/serie-bauphysik-einfach-erklaert-luftdichtung-warum-ist-die-notwendig\/","og_site_name":"pro clima Schweiz","article_author":"https:\/\/www.facebook.com\/cornelia.laessing","article_published_time":"2018-10-23T13:32:57+00:00","og_image":[{"url":"http:\/\/blog.proclima.com\/ch\/files\/2018\/10\/2_Abb_2_Luftdichtung_Fuge-300x218.png","type":"","width":"","height":""}],"author":"Cornelia L\u00e4ssing","twitter_card":"summary_large_image","twitter_creator":"@connylaessing","twitter_misc":{"Verfasst von":"Cornelia L\u00e4ssing","Gesch\u00e4tzte Lesezeit":"2\u00a0Minuten"},"schema":{"@context":"https:\/\/schema.org","@graph":[{"@type":"Article","@id":"https:\/\/blog.proclima.com\/ch\/2018\/10\/23\/serie-bauphysik-einfach-erklaert-luftdichtung-warum-ist-die-notwendig\/#article","isPartOf":{"@id":"https:\/\/blog.proclima.com\/ch\/2018\/10\/23\/serie-bauphysik-einfach-erklaert-luftdichtung-warum-ist-die-notwendig\/"},"author":{"name":"Cornelia L\u00e4ssing","@id":"https:\/\/blog.proclima.com\/ch\/#\/schema\/person\/5537f09a0342a4a72283791f5f8460b1"},"headline":"Serie Bauphysik einfach erkl\u00e4rt: Luftdichtung: warum ist die notwendig?","datePublished":"2018-10-23T13:32:57+00:00","mainEntityOfPage":{"@id":"https:\/\/blog.proclima.com\/ch\/2018\/10\/23\/serie-bauphysik-einfach-erklaert-luftdichtung-warum-ist-die-notwendig\/"},"wordCount":491,"commentCount":1,"publisher":{"@id":"https:\/\/blog.proclima.com\/ch\/#organization"},"image":{"@id":"https:\/\/blog.proclima.com\/ch\/2018\/10\/23\/serie-bauphysik-einfach-erklaert-luftdichtung-warum-ist-die-notwendig\/#primaryimage"},"thumbnailUrl":"http:\/\/blog.proclima.com\/ch\/files\/2018\/10\/2_Abb_2_Luftdichtung_Fuge-300x218.png","keywords":["Blower Door","BlowerDoor","intello","Leckage","Luftdichtheitskonzept","Luftdichtung"],"articleSection":{"1":"Bauphysik einfach erkl\u00e4rt"},"inLanguage":"de","potentialAction":[{"@type":"CommentAction","name":"Comment","target":["https:\/\/blog.proclima.com\/ch\/2018\/10\/23\/serie-bauphysik-einfach-erklaert-luftdichtung-warum-ist-die-notwendig\/#respond"]}]},{"@type":"WebPage","@id":"https:\/\/blog.proclima.com\/ch\/2018\/10\/23\/serie-bauphysik-einfach-erklaert-luftdichtung-warum-ist-die-notwendig\/","url":"https:\/\/blog.proclima.com\/ch\/2018\/10\/23\/serie-bauphysik-einfach-erklaert-luftdichtung-warum-ist-die-notwendig\/","name":"Serie Bauphysik einfach erkl\u00e4rt: Luftdichtung: warum ist die notwendig? - pro clima Schweiz","isPartOf":{"@id":"https:\/\/blog.proclima.com\/ch\/#website"},"primaryImageOfPage":{"@id":"https:\/\/blog.proclima.com\/ch\/2018\/10\/23\/serie-bauphysik-einfach-erklaert-luftdichtung-warum-ist-die-notwendig\/#primaryimage"},"image":{"@id":"https:\/\/blog.proclima.com\/ch\/2018\/10\/23\/serie-bauphysik-einfach-erklaert-luftdichtung-warum-ist-die-notwendig\/#primaryimage"},"thumbnailUrl":"http:\/\/blog.proclima.com\/ch\/files\/2018\/10\/2_Abb_2_Luftdichtung_Fuge-300x218.png","datePublished":"2018-10-23T13:32:57+00:00","breadcrumb":{"@id":"https:\/\/blog.proclima.com\/ch\/2018\/10\/23\/serie-bauphysik-einfach-erklaert-luftdichtung-warum-ist-die-notwendig\/#breadcrumb"},"inLanguage":"de","potentialAction":[{"@type":"ReadAction","target":["https:\/\/blog.proclima.com\/ch\/2018\/10\/23\/serie-bauphysik-einfach-erklaert-luftdichtung-warum-ist-die-notwendig\/"]}]},{"@type":"ImageObject","inLanguage":"de","@id":"https:\/\/blog.proclima.com\/ch\/2018\/10\/23\/serie-bauphysik-einfach-erklaert-luftdichtung-warum-ist-die-notwendig\/#primaryimage","url":"http:\/\/blog.proclima.com\/ch\/files\/2018\/10\/2_Abb_2_Luftdichtung_Fuge-300x218.png","contentUrl":"http:\/\/blog.proclima.com\/ch\/files\/2018\/10\/2_Abb_2_Luftdichtung_Fuge-300x218.png"},{"@type":"BreadcrumbList","@id":"https:\/\/blog.proclima.com\/ch\/2018\/10\/23\/serie-bauphysik-einfach-erklaert-luftdichtung-warum-ist-die-notwendig\/#breadcrumb","itemListElement":[{"@type":"ListItem","position":1,"name":"Startseite","item":"https:\/\/blog.proclima.com\/ch\/"},{"@type":"ListItem","position":2,"name":"Serie Bauphysik einfach erkl\u00e4rt: Luftdichtung: warum ist die notwendig?"}]},{"@type":"WebSite","@id":"https:\/\/blog.proclima.com\/ch\/#website","url":"https:\/\/blog.proclima.com\/ch\/","name":"pro clima Schweiz","description":"das Blog","publisher":{"@id":"https:\/\/blog.proclima.com\/ch\/#organization"},"potentialAction":[{"@type":"SearchAction","target":{"@type":"EntryPoint","urlTemplate":"https:\/\/blog.proclima.com\/ch\/?s={search_term_string}"},"query-input":{"@type":"PropertyValueSpecification","valueRequired":true,"valueName":"search_term_string"}}],"inLanguage":"de"},{"@type":"Organization","@id":"https:\/\/blog.proclima.com\/ch\/#organization","name":"pro clima Schweiz","url":"https:\/\/blog.proclima.com\/ch\/","logo":{"@type":"ImageObject","inLanguage":"de","@id":"https:\/\/blog.proclima.com\/ch\/#\/schema\/logo\/image\/","url":"https:\/\/blog.proclima.com\/ch\/files\/2025\/12\/logo_proclima_quadrat.png","contentUrl":"https:\/\/blog.proclima.com\/ch\/files\/2025\/12\/logo_proclima_quadrat.png","width":1200,"height":1200,"caption":"pro clima Schweiz"},"image":{"@id":"https:\/\/blog.proclima.com\/ch\/#\/schema\/logo\/image\/"}},{"@type":"Person","@id":"https:\/\/blog.proclima.com\/ch\/#\/schema\/person\/5537f09a0342a4a72283791f5f8460b1","name":"Cornelia L\u00e4ssing","image":{"@type":"ImageObject","inLanguage":"de","@id":"https:\/\/secure.gravatar.com\/avatar\/797cab3c8246ef86d414c664408795ffee9205370524e3e617dfed8550e0c4ff?s=96&d=blank&r=g","url":"https:\/\/secure.gravatar.com\/avatar\/797cab3c8246ef86d414c664408795ffee9205370524e3e617dfed8550e0c4ff?s=96&d=blank&r=g","contentUrl":"https:\/\/secure.gravatar.com\/avatar\/797cab3c8246ef86d414c664408795ffee9205370524e3e617dfed8550e0c4ff?s=96&d=blank&r=g","caption":"Cornelia L\u00e4ssing"},"description":"Cornelia L\u00e4ssing ist ausgebildete Mediengestalterin und hat sich auf Online-Marketing spezialisiert. Sie betreut u.a. die Social Media Kan\u00e4le von pro clima. Sie ist zudem verantwortlich f\u00fcr die Online-Seminare der pro clima Wissenswerkstatt \u2013 hier wird Bau-Wissen unterhaltsam und einpr\u00e4gend vermittelt.","sameAs":["https:\/\/www.facebook.com\/cornelia.laessing","https:\/\/www.linkedin.com\/in\/cornelia-lssing\/","https:\/\/x.com\/connylaessing"],"url":"https:\/\/blog.proclima.com\/ch\/author\/cornelia\/"}]}},"_links":{"self":[{"href":"https:\/\/blog.proclima.com\/ch\/wp-json\/wp\/v2\/posts\/2260","targetHints":{"allow":["GET"]}}],"collection":[{"href":"https:\/\/blog.proclima.com\/ch\/wp-json\/wp\/v2\/posts"}],"about":[{"href":"https:\/\/blog.proclima.com\/ch\/wp-json\/wp\/v2\/types\/post"}],"author":[{"embeddable":true,"href":"https:\/\/blog.proclima.com\/ch\/wp-json\/wp\/v2\/users\/31"}],"replies":[{"embeddable":true,"href":"https:\/\/blog.proclima.com\/ch\/wp-json\/wp\/v2\/comments?post=2260"}],"version-history":[{"count":2,"href":"https:\/\/blog.proclima.com\/ch\/wp-json\/wp\/v2\/posts\/2260\/revisions"}],"predecessor-version":[{"id":2264,"href":"https:\/\/blog.proclima.com\/ch\/wp-json\/wp\/v2\/posts\/2260\/revisions\/2264"}],"wp:attachment":[{"href":"https:\/\/blog.proclima.com\/ch\/wp-json\/wp\/v2\/media?parent=2260"}],"wp:term":[{"taxonomy":"category","embeddable":true,"href":"https:\/\/blog.proclima.com\/ch\/wp-json\/wp\/v2\/categories?post=2260"},{"taxonomy":"post_tag","embeddable":true,"href":"https:\/\/blog.proclima.com\/ch\/wp-json\/wp\/v2\/tags?post=2260"}],"curies":[{"name":"wp","href":"https:\/\/api.w.org\/{rel}","templated":true}]}}