
{"id":2126,"date":"2018-02-13T08:00:14","date_gmt":"2018-02-13T07:00:14","guid":{"rendered":"http:\/\/blog.proclima.com\/ch\/?p=2126"},"modified":"2018-01-12T15:15:28","modified_gmt":"2018-01-12T14:15:28","slug":"durchlueftungsraeume-zwischen-unterdach-und-eindeckung-gemaess-sia-231-1","status":"publish","type":"post","link":"https:\/\/blog.proclima.com\/ch\/2018\/02\/13\/durchlueftungsraeume-zwischen-unterdach-und-eindeckung-gemaess-sia-231-1\/","title":{"rendered":"Durchl\u00fcftungsr\u00e4ume zwischen Unterdach und Eindeckung gem\u00e4ss SIA 231\/1"},"content":{"rendered":"<p>Der minimale Durchl\u00fcftungsraum zwischen Unterdach und Eindeckung ist durch die<br \/>\nSIA 231\/1 geregelt und ist abh\u00e4ngig von der Sparrenl\u00e4nge, der Dachneigung und der Bezugsh\u00f6he.<\/p>\n<p><a href=\"http:\/\/blog.proclima.com\/ch\/files\/2017\/12\/durchlueftungsraeume_unterdach.png\"><img loading=\"lazy\" decoding=\"async\" data-size=\"964x253\" class=\"alignnone wp-image-2127 size-full\" src=\"http:\/\/blog.proclima.com\/ch\/files\/2017\/12\/durchlueftungsraeume_unterdach.png\" alt=\"\" width=\"964\" height=\"253\" srcset=\"https:\/\/blog.proclima.com\/ch\/files\/2017\/12\/durchlueftungsraeume_unterdach.png 964w, https:\/\/blog.proclima.com\/ch\/files\/2017\/12\/durchlueftungsraeume_unterdach-300x79.png 300w, https:\/\/blog.proclima.com\/ch\/files\/2017\/12\/durchlueftungsraeume_unterdach-768x202.png 768w, https:\/\/blog.proclima.com\/ch\/files\/2017\/12\/durchlueftungsraeume_unterdach-500x131.png 500w\" sizes=\"auto, (max-width: 964px) 100vw, 964px\" \/><\/a><\/p>\n<p><!--more-->Die Durchl\u00fcftungsebene zwischen Unterdach und Eindeckung ist wichtig f\u00fcr den sommerlichen W\u00e4rmeschutz. Je besser sie funktioniert, umso weniger W\u00e4rme erreicht<br \/>\ndie Ebene der D\u00e4mmung, wenn sich im Sommer die Ziegel durch die Sonneneinstrahlung aufheizen. Besonders bei integrierten PV-Anlagen ist die W\u00e4meabfuhr entscheidend<br \/>\nf\u00fcr den optimalen Wirkungsgrad der Paneele. Deswegen werden heutzutage h\u00f6here Durchl\u00fcftungsr\u00e4ume bevorzugt. Besonders bei Kehlen und Dachfenstern darf die Durchl\u00fcftung nicht behindert werden. Konterlatten sind dort zur\u00fcckzuschneiden, um die<br \/>\nQuerl\u00fcftung sicherzustellen.<\/p>\n<p><strong>Gute Zu- und Abluft sind wichtig f\u00fcr die W\u00e4rmeabfuhr. \u00dcbliche L\u00fcftungsgitter<\/strong><br \/>\n<strong> vermindern den Querschnitt um maximal 50 %. <\/strong><\/p>\n<p><strong>Die L\u00e4nge des UV-best\u00e4ndigen Bereichs an der Traufe, sollte (nach Empfehlung von Geb\u00e4udeh\u00fclle Schweiz) mindestens das 2,5 fache der Konterlattenh\u00f6he betragen.<\/strong><\/p>\n<figure id=\"attachment_2076\" aria-describedby=\"caption-attachment-2076\" style=\"width: 989px\" class=\"wp-caption aligncenter\"><a href=\"http:\/\/blog.proclima.com\/ch\/files\/2017\/12\/Traufe_Web.jpg\"><img loading=\"lazy\" decoding=\"async\" data-size=\"989x518\" class=\"wp-image-2076 size-full\" src=\"http:\/\/blog.proclima.com\/ch\/files\/2017\/12\/Traufe_Web.jpg\" alt=\"\" width=\"989\" height=\"518\" srcset=\"https:\/\/blog.proclima.com\/ch\/files\/2017\/12\/Traufe_Web.jpg 989w, https:\/\/blog.proclima.com\/ch\/files\/2017\/12\/Traufe_Web-300x157.jpg 300w, https:\/\/blog.proclima.com\/ch\/files\/2017\/12\/Traufe_Web-768x402.jpg 768w, https:\/\/blog.proclima.com\/ch\/files\/2017\/12\/Traufe_Web-500x262.jpg 500w\" sizes=\"auto, (max-width: 989px) 100vw, 989px\" \/><\/a><figcaption id=\"caption-attachment-2076\" class=\"wp-caption-text\">Links: Anschluss Traufe bei normaler und erh\u00f6hter Beanspruchung. Rechts: Anschluss Traufe bei ausserordentlicher Beanspruchung. Das Unterdach wird direkt in die Rinne geleitet (UV-Schutz der Bahn im Traufbereich beachten!)<\/figcaption><\/figure>\n<p>Die Systembrosch\u00fcre &#8222;Das sichere Unterdach&#8220; mit allen wichtigen Infos k\u00f6nnen Sie hier herunterladen: <a href=\"http:\/\/blog.proclima.com\/ch\/files\/2017\/12\/pro-clima-Systembroschuere-Unterdach-CH.pdf\">http:\/\/blog.proclima.com\/ch\/files\/2017\/12\/pro-clima-Systembroschuere-Unterdach-CH.pdf<\/a><\/p>\n<p>Hier finden Sie alle pro clima Systeme f\u00fcr die Aussendichtung:<br \/>\n<a href=\"https:\/\/ch.proclima.com\/systeme\/winddichtung\">https:\/\/ch.proclima.com\/systeme\/winddichtung<\/a><\/p>\n","protected":false},"excerpt":{"rendered":"<p>Der minimale Durchl\u00fcftungsraum zwischen Unterdach und Eindeckung ist durch die SIA 231\/1 geregelt und ist abh\u00e4ngig von der Sparrenl\u00e4nge, der Dachneigung und der Bezugsh\u00f6he.<\/p>\n","protected":false},"author":31,"featured_media":0,"comment_status":"open","ping_status":"open","sticky":false,"template":"","format":"standard","meta":{"footnotes":""},"categories":[1,406],"tags":[456,457,153,458,124],"class_list":["post-2126","post","type-post","status-publish","format-standard","hentry","category-allgemein","category-produkte","tag-durchlueftung","tag-lueftungsgitter","tag-norm","tag-pv-anlagen","tag-unterdach"],"yoast_head":"<!-- This site is optimized with the Yoast SEO plugin v27.5 - https:\/\/yoast.com\/product\/yoast-seo-wordpress\/ -->\n<title>Durchl\u00fcftungsr\u00e4ume zwischen Unterdach und Eindeckung gem\u00e4ss SIA 231\/1 - pro clima Schweiz<\/title>\n<meta name=\"robots\" content=\"index, follow, max-snippet:-1, max-image-preview:large, max-video-preview:-1\" \/>\n<link rel=\"canonical\" href=\"https:\/\/blog.proclima.com\/ch\/2018\/02\/13\/durchlueftungsraeume-zwischen-unterdach-und-eindeckung-gemaess-sia-231-1\/\" \/>\n<meta property=\"og:locale\" content=\"de_DE\" \/>\n<meta property=\"og:type\" content=\"article\" \/>\n<meta property=\"og:title\" content=\"Durchl\u00fcftungsr\u00e4ume zwischen Unterdach und Eindeckung gem\u00e4ss SIA 231\/1 - pro clima Schweiz\" \/>\n<meta property=\"og:description\" content=\"Der minimale Durchl\u00fcftungsraum zwischen Unterdach und Eindeckung ist durch die SIA 231\/1 geregelt und ist abh\u00e4ngig von der Sparrenl\u00e4nge, der Dachneigung und der Bezugsh\u00f6he.\" \/>\n<meta property=\"og:url\" content=\"https:\/\/blog.proclima.com\/ch\/2018\/02\/13\/durchlueftungsraeume-zwischen-unterdach-und-eindeckung-gemaess-sia-231-1\/\" \/>\n<meta property=\"og:site_name\" content=\"pro clima Schweiz\" \/>\n<meta property=\"article:author\" content=\"https:\/\/www.facebook.com\/cornelia.laessing\" \/>\n<meta property=\"article:published_time\" content=\"2018-02-13T07:00:14+00:00\" \/>\n<meta property=\"og:image\" content=\"http:\/\/blog.proclima.com\/ch\/files\/2017\/12\/durchlueftungsraeume_unterdach.png\" \/>\n<meta name=\"author\" content=\"Cornelia L\u00e4ssing\" \/>\n<meta name=\"twitter:card\" content=\"summary_large_image\" \/>\n<meta name=\"twitter:creator\" content=\"@connylaessing\" \/>\n<meta name=\"twitter:label1\" content=\"Verfasst von\" \/>\n\t<meta name=\"twitter:data1\" content=\"Cornelia L\u00e4ssing\" \/>\n\t<meta name=\"twitter:label2\" content=\"Gesch\u00e4tzte Lesezeit\" \/>\n\t<meta name=\"twitter:data2\" content=\"1\u00a0Minute\" \/>\n<script type=\"application\/ld+json\" class=\"yoast-schema-graph\">{\"@context\":\"https:\\\/\\\/schema.org\",\"@graph\":[{\"@type\":\"Article\",\"@id\":\"https:\\\/\\\/blog.proclima.com\\\/ch\\\/2018\\\/02\\\/13\\\/durchlueftungsraeume-zwischen-unterdach-und-eindeckung-gemaess-sia-231-1\\\/#article\",\"isPartOf\":{\"@id\":\"https:\\\/\\\/blog.proclima.com\\\/ch\\\/2018\\\/02\\\/13\\\/durchlueftungsraeume-zwischen-unterdach-und-eindeckung-gemaess-sia-231-1\\\/\"},\"author\":{\"name\":\"Cornelia L\u00e4ssing\",\"@id\":\"https:\\\/\\\/blog.proclima.com\\\/ch\\\/#\\\/schema\\\/person\\\/5537f09a0342a4a72283791f5f8460b1\"},\"headline\":\"Durchl\u00fcftungsr\u00e4ume zwischen Unterdach und Eindeckung gem\u00e4ss SIA 231\\\/1\",\"datePublished\":\"2018-02-13T07:00:14+00:00\",\"mainEntityOfPage\":{\"@id\":\"https:\\\/\\\/blog.proclima.com\\\/ch\\\/2018\\\/02\\\/13\\\/durchlueftungsraeume-zwischen-unterdach-und-eindeckung-gemaess-sia-231-1\\\/\"},\"wordCount\":243,\"commentCount\":3,\"publisher\":{\"@id\":\"https:\\\/\\\/blog.proclima.com\\\/ch\\\/#organization\"},\"image\":{\"@id\":\"https:\\\/\\\/blog.proclima.com\\\/ch\\\/2018\\\/02\\\/13\\\/durchlueftungsraeume-zwischen-unterdach-und-eindeckung-gemaess-sia-231-1\\\/#primaryimage\"},\"thumbnailUrl\":\"http:\\\/\\\/blog.proclima.com\\\/ch\\\/files\\\/2017\\\/12\\\/durchlueftungsraeume_unterdach.png\",\"keywords\":[\"Durchl\u00fcftung\",\"L\u00fcftungsgitter\",\"Norm\",\"PV-Anlagen\",\"Unterdach\"],\"articleSection\":{\"1\":\"Produkte\"},\"inLanguage\":\"de\",\"potentialAction\":[{\"@type\":\"CommentAction\",\"name\":\"Comment\",\"target\":[\"https:\\\/\\\/blog.proclima.com\\\/ch\\\/2018\\\/02\\\/13\\\/durchlueftungsraeume-zwischen-unterdach-und-eindeckung-gemaess-sia-231-1\\\/#respond\"]}]},{\"@type\":\"WebPage\",\"@id\":\"https:\\\/\\\/blog.proclima.com\\\/ch\\\/2018\\\/02\\\/13\\\/durchlueftungsraeume-zwischen-unterdach-und-eindeckung-gemaess-sia-231-1\\\/\",\"url\":\"https:\\\/\\\/blog.proclima.com\\\/ch\\\/2018\\\/02\\\/13\\\/durchlueftungsraeume-zwischen-unterdach-und-eindeckung-gemaess-sia-231-1\\\/\",\"name\":\"Durchl\u00fcftungsr\u00e4ume zwischen Unterdach und Eindeckung gem\u00e4ss SIA 231\\\/1 - pro clima Schweiz\",\"isPartOf\":{\"@id\":\"https:\\\/\\\/blog.proclima.com\\\/ch\\\/#website\"},\"primaryImageOfPage\":{\"@id\":\"https:\\\/\\\/blog.proclima.com\\\/ch\\\/2018\\\/02\\\/13\\\/durchlueftungsraeume-zwischen-unterdach-und-eindeckung-gemaess-sia-231-1\\\/#primaryimage\"},\"image\":{\"@id\":\"https:\\\/\\\/blog.proclima.com\\\/ch\\\/2018\\\/02\\\/13\\\/durchlueftungsraeume-zwischen-unterdach-und-eindeckung-gemaess-sia-231-1\\\/#primaryimage\"},\"thumbnailUrl\":\"http:\\\/\\\/blog.proclima.com\\\/ch\\\/files\\\/2017\\\/12\\\/durchlueftungsraeume_unterdach.png\",\"datePublished\":\"2018-02-13T07:00:14+00:00\",\"breadcrumb\":{\"@id\":\"https:\\\/\\\/blog.proclima.com\\\/ch\\\/2018\\\/02\\\/13\\\/durchlueftungsraeume-zwischen-unterdach-und-eindeckung-gemaess-sia-231-1\\\/#breadcrumb\"},\"inLanguage\":\"de\",\"potentialAction\":[{\"@type\":\"ReadAction\",\"target\":[\"https:\\\/\\\/blog.proclima.com\\\/ch\\\/2018\\\/02\\\/13\\\/durchlueftungsraeume-zwischen-unterdach-und-eindeckung-gemaess-sia-231-1\\\/\"]}]},{\"@type\":\"ImageObject\",\"inLanguage\":\"de\",\"@id\":\"https:\\\/\\\/blog.proclima.com\\\/ch\\\/2018\\\/02\\\/13\\\/durchlueftungsraeume-zwischen-unterdach-und-eindeckung-gemaess-sia-231-1\\\/#primaryimage\",\"url\":\"http:\\\/\\\/blog.proclima.com\\\/ch\\\/files\\\/2017\\\/12\\\/durchlueftungsraeume_unterdach.png\",\"contentUrl\":\"http:\\\/\\\/blog.proclima.com\\\/ch\\\/files\\\/2017\\\/12\\\/durchlueftungsraeume_unterdach.png\"},{\"@type\":\"BreadcrumbList\",\"@id\":\"https:\\\/\\\/blog.proclima.com\\\/ch\\\/2018\\\/02\\\/13\\\/durchlueftungsraeume-zwischen-unterdach-und-eindeckung-gemaess-sia-231-1\\\/#breadcrumb\",\"itemListElement\":[{\"@type\":\"ListItem\",\"position\":1,\"name\":\"Startseite\",\"item\":\"https:\\\/\\\/blog.proclima.com\\\/ch\\\/\"},{\"@type\":\"ListItem\",\"position\":2,\"name\":\"Durchl\u00fcftungsr\u00e4ume zwischen Unterdach und Eindeckung gem\u00e4ss SIA 231\\\/1\"}]},{\"@type\":\"WebSite\",\"@id\":\"https:\\\/\\\/blog.proclima.com\\\/ch\\\/#website\",\"url\":\"https:\\\/\\\/blog.proclima.com\\\/ch\\\/\",\"name\":\"pro clima Schweiz\",\"description\":\"das Blog\",\"publisher\":{\"@id\":\"https:\\\/\\\/blog.proclima.com\\\/ch\\\/#organization\"},\"potentialAction\":[{\"@type\":\"SearchAction\",\"target\":{\"@type\":\"EntryPoint\",\"urlTemplate\":\"https:\\\/\\\/blog.proclima.com\\\/ch\\\/?s={search_term_string}\"},\"query-input\":{\"@type\":\"PropertyValueSpecification\",\"valueRequired\":true,\"valueName\":\"search_term_string\"}}],\"inLanguage\":\"de\"},{\"@type\":\"Organization\",\"@id\":\"https:\\\/\\\/blog.proclima.com\\\/ch\\\/#organization\",\"name\":\"pro clima Schweiz\",\"url\":\"https:\\\/\\\/blog.proclima.com\\\/ch\\\/\",\"logo\":{\"@type\":\"ImageObject\",\"inLanguage\":\"de\",\"@id\":\"https:\\\/\\\/blog.proclima.com\\\/ch\\\/#\\\/schema\\\/logo\\\/image\\\/\",\"url\":\"https:\\\/\\\/blog.proclima.com\\\/ch\\\/files\\\/2025\\\/12\\\/logo_proclima_quadrat.png\",\"contentUrl\":\"https:\\\/\\\/blog.proclima.com\\\/ch\\\/files\\\/2025\\\/12\\\/logo_proclima_quadrat.png\",\"width\":1200,\"height\":1200,\"caption\":\"pro clima Schweiz\"},\"image\":{\"@id\":\"https:\\\/\\\/blog.proclima.com\\\/ch\\\/#\\\/schema\\\/logo\\\/image\\\/\"}},{\"@type\":\"Person\",\"@id\":\"https:\\\/\\\/blog.proclima.com\\\/ch\\\/#\\\/schema\\\/person\\\/5537f09a0342a4a72283791f5f8460b1\",\"name\":\"Cornelia L\u00e4ssing\",\"image\":{\"@type\":\"ImageObject\",\"inLanguage\":\"de\",\"@id\":\"https:\\\/\\\/secure.gravatar.com\\\/avatar\\\/797cab3c8246ef86d414c664408795ffee9205370524e3e617dfed8550e0c4ff?s=96&d=blank&r=g\",\"url\":\"https:\\\/\\\/secure.gravatar.com\\\/avatar\\\/797cab3c8246ef86d414c664408795ffee9205370524e3e617dfed8550e0c4ff?s=96&d=blank&r=g\",\"contentUrl\":\"https:\\\/\\\/secure.gravatar.com\\\/avatar\\\/797cab3c8246ef86d414c664408795ffee9205370524e3e617dfed8550e0c4ff?s=96&d=blank&r=g\",\"caption\":\"Cornelia L\u00e4ssing\"},\"description\":\"Cornelia L\u00e4ssing ist ausgebildete Mediengestalterin und hat sich auf Online-Marketing spezialisiert. Sie betreut u.a. die Social Media Kan\u00e4le von pro clima. Sie ist zudem verantwortlich f\u00fcr die Online-Seminare der pro clima Wissenswerkstatt \u2013 hier wird Bau-Wissen unterhaltsam und einpr\u00e4gend vermittelt.\",\"sameAs\":[\"https:\\\/\\\/www.facebook.com\\\/cornelia.laessing\",\"https:\\\/\\\/www.linkedin.com\\\/in\\\/cornelia-lssing\\\/\",\"https:\\\/\\\/x.com\\\/connylaessing\"],\"url\":\"https:\\\/\\\/blog.proclima.com\\\/ch\\\/author\\\/cornelia\\\/\"}]}<\/script>\n<!-- \/ Yoast SEO plugin. -->","yoast_head_json":{"title":"Durchl\u00fcftungsr\u00e4ume zwischen Unterdach und Eindeckung gem\u00e4ss SIA 231\/1 - pro clima Schweiz","robots":{"index":"index","follow":"follow","max-snippet":"max-snippet:-1","max-image-preview":"max-image-preview:large","max-video-preview":"max-video-preview:-1"},"canonical":"https:\/\/blog.proclima.com\/ch\/2018\/02\/13\/durchlueftungsraeume-zwischen-unterdach-und-eindeckung-gemaess-sia-231-1\/","og_locale":"de_DE","og_type":"article","og_title":"Durchl\u00fcftungsr\u00e4ume zwischen Unterdach und Eindeckung gem\u00e4ss SIA 231\/1 - pro clima Schweiz","og_description":"Der minimale Durchl\u00fcftungsraum zwischen Unterdach und Eindeckung ist durch die SIA 231\/1 geregelt und ist abh\u00e4ngig von der Sparrenl\u00e4nge, der Dachneigung und der Bezugsh\u00f6he.","og_url":"https:\/\/blog.proclima.com\/ch\/2018\/02\/13\/durchlueftungsraeume-zwischen-unterdach-und-eindeckung-gemaess-sia-231-1\/","og_site_name":"pro clima Schweiz","article_author":"https:\/\/www.facebook.com\/cornelia.laessing","article_published_time":"2018-02-13T07:00:14+00:00","og_image":[{"url":"http:\/\/blog.proclima.com\/ch\/files\/2017\/12\/durchlueftungsraeume_unterdach.png","type":"","width":"","height":""}],"author":"Cornelia L\u00e4ssing","twitter_card":"summary_large_image","twitter_creator":"@connylaessing","twitter_misc":{"Verfasst von":"Cornelia L\u00e4ssing","Gesch\u00e4tzte Lesezeit":"1\u00a0Minute"},"schema":{"@context":"https:\/\/schema.org","@graph":[{"@type":"Article","@id":"https:\/\/blog.proclima.com\/ch\/2018\/02\/13\/durchlueftungsraeume-zwischen-unterdach-und-eindeckung-gemaess-sia-231-1\/#article","isPartOf":{"@id":"https:\/\/blog.proclima.com\/ch\/2018\/02\/13\/durchlueftungsraeume-zwischen-unterdach-und-eindeckung-gemaess-sia-231-1\/"},"author":{"name":"Cornelia L\u00e4ssing","@id":"https:\/\/blog.proclima.com\/ch\/#\/schema\/person\/5537f09a0342a4a72283791f5f8460b1"},"headline":"Durchl\u00fcftungsr\u00e4ume zwischen Unterdach und Eindeckung gem\u00e4ss SIA 231\/1","datePublished":"2018-02-13T07:00:14+00:00","mainEntityOfPage":{"@id":"https:\/\/blog.proclima.com\/ch\/2018\/02\/13\/durchlueftungsraeume-zwischen-unterdach-und-eindeckung-gemaess-sia-231-1\/"},"wordCount":243,"commentCount":3,"publisher":{"@id":"https:\/\/blog.proclima.com\/ch\/#organization"},"image":{"@id":"https:\/\/blog.proclima.com\/ch\/2018\/02\/13\/durchlueftungsraeume-zwischen-unterdach-und-eindeckung-gemaess-sia-231-1\/#primaryimage"},"thumbnailUrl":"http:\/\/blog.proclima.com\/ch\/files\/2017\/12\/durchlueftungsraeume_unterdach.png","keywords":["Durchl\u00fcftung","L\u00fcftungsgitter","Norm","PV-Anlagen","Unterdach"],"articleSection":{"1":"Produkte"},"inLanguage":"de","potentialAction":[{"@type":"CommentAction","name":"Comment","target":["https:\/\/blog.proclima.com\/ch\/2018\/02\/13\/durchlueftungsraeume-zwischen-unterdach-und-eindeckung-gemaess-sia-231-1\/#respond"]}]},{"@type":"WebPage","@id":"https:\/\/blog.proclima.com\/ch\/2018\/02\/13\/durchlueftungsraeume-zwischen-unterdach-und-eindeckung-gemaess-sia-231-1\/","url":"https:\/\/blog.proclima.com\/ch\/2018\/02\/13\/durchlueftungsraeume-zwischen-unterdach-und-eindeckung-gemaess-sia-231-1\/","name":"Durchl\u00fcftungsr\u00e4ume zwischen Unterdach und Eindeckung gem\u00e4ss SIA 231\/1 - pro clima Schweiz","isPartOf":{"@id":"https:\/\/blog.proclima.com\/ch\/#website"},"primaryImageOfPage":{"@id":"https:\/\/blog.proclima.com\/ch\/2018\/02\/13\/durchlueftungsraeume-zwischen-unterdach-und-eindeckung-gemaess-sia-231-1\/#primaryimage"},"image":{"@id":"https:\/\/blog.proclima.com\/ch\/2018\/02\/13\/durchlueftungsraeume-zwischen-unterdach-und-eindeckung-gemaess-sia-231-1\/#primaryimage"},"thumbnailUrl":"http:\/\/blog.proclima.com\/ch\/files\/2017\/12\/durchlueftungsraeume_unterdach.png","datePublished":"2018-02-13T07:00:14+00:00","breadcrumb":{"@id":"https:\/\/blog.proclima.com\/ch\/2018\/02\/13\/durchlueftungsraeume-zwischen-unterdach-und-eindeckung-gemaess-sia-231-1\/#breadcrumb"},"inLanguage":"de","potentialAction":[{"@type":"ReadAction","target":["https:\/\/blog.proclima.com\/ch\/2018\/02\/13\/durchlueftungsraeume-zwischen-unterdach-und-eindeckung-gemaess-sia-231-1\/"]}]},{"@type":"ImageObject","inLanguage":"de","@id":"https:\/\/blog.proclima.com\/ch\/2018\/02\/13\/durchlueftungsraeume-zwischen-unterdach-und-eindeckung-gemaess-sia-231-1\/#primaryimage","url":"http:\/\/blog.proclima.com\/ch\/files\/2017\/12\/durchlueftungsraeume_unterdach.png","contentUrl":"http:\/\/blog.proclima.com\/ch\/files\/2017\/12\/durchlueftungsraeume_unterdach.png"},{"@type":"BreadcrumbList","@id":"https:\/\/blog.proclima.com\/ch\/2018\/02\/13\/durchlueftungsraeume-zwischen-unterdach-und-eindeckung-gemaess-sia-231-1\/#breadcrumb","itemListElement":[{"@type":"ListItem","position":1,"name":"Startseite","item":"https:\/\/blog.proclima.com\/ch\/"},{"@type":"ListItem","position":2,"name":"Durchl\u00fcftungsr\u00e4ume zwischen Unterdach und Eindeckung gem\u00e4ss SIA 231\/1"}]},{"@type":"WebSite","@id":"https:\/\/blog.proclima.com\/ch\/#website","url":"https:\/\/blog.proclima.com\/ch\/","name":"pro clima Schweiz","description":"das Blog","publisher":{"@id":"https:\/\/blog.proclima.com\/ch\/#organization"},"potentialAction":[{"@type":"SearchAction","target":{"@type":"EntryPoint","urlTemplate":"https:\/\/blog.proclima.com\/ch\/?s={search_term_string}"},"query-input":{"@type":"PropertyValueSpecification","valueRequired":true,"valueName":"search_term_string"}}],"inLanguage":"de"},{"@type":"Organization","@id":"https:\/\/blog.proclima.com\/ch\/#organization","name":"pro clima Schweiz","url":"https:\/\/blog.proclima.com\/ch\/","logo":{"@type":"ImageObject","inLanguage":"de","@id":"https:\/\/blog.proclima.com\/ch\/#\/schema\/logo\/image\/","url":"https:\/\/blog.proclima.com\/ch\/files\/2025\/12\/logo_proclima_quadrat.png","contentUrl":"https:\/\/blog.proclima.com\/ch\/files\/2025\/12\/logo_proclima_quadrat.png","width":1200,"height":1200,"caption":"pro clima Schweiz"},"image":{"@id":"https:\/\/blog.proclima.com\/ch\/#\/schema\/logo\/image\/"}},{"@type":"Person","@id":"https:\/\/blog.proclima.com\/ch\/#\/schema\/person\/5537f09a0342a4a72283791f5f8460b1","name":"Cornelia L\u00e4ssing","image":{"@type":"ImageObject","inLanguage":"de","@id":"https:\/\/secure.gravatar.com\/avatar\/797cab3c8246ef86d414c664408795ffee9205370524e3e617dfed8550e0c4ff?s=96&d=blank&r=g","url":"https:\/\/secure.gravatar.com\/avatar\/797cab3c8246ef86d414c664408795ffee9205370524e3e617dfed8550e0c4ff?s=96&d=blank&r=g","contentUrl":"https:\/\/secure.gravatar.com\/avatar\/797cab3c8246ef86d414c664408795ffee9205370524e3e617dfed8550e0c4ff?s=96&d=blank&r=g","caption":"Cornelia L\u00e4ssing"},"description":"Cornelia L\u00e4ssing ist ausgebildete Mediengestalterin und hat sich auf Online-Marketing spezialisiert. Sie betreut u.a. die Social Media Kan\u00e4le von pro clima. Sie ist zudem verantwortlich f\u00fcr die Online-Seminare der pro clima Wissenswerkstatt \u2013 hier wird Bau-Wissen unterhaltsam und einpr\u00e4gend vermittelt.","sameAs":["https:\/\/www.facebook.com\/cornelia.laessing","https:\/\/www.linkedin.com\/in\/cornelia-lssing\/","https:\/\/x.com\/connylaessing"],"url":"https:\/\/blog.proclima.com\/ch\/author\/cornelia\/"}]}},"_links":{"self":[{"href":"https:\/\/blog.proclima.com\/ch\/wp-json\/wp\/v2\/posts\/2126","targetHints":{"allow":["GET"]}}],"collection":[{"href":"https:\/\/blog.proclima.com\/ch\/wp-json\/wp\/v2\/posts"}],"about":[{"href":"https:\/\/blog.proclima.com\/ch\/wp-json\/wp\/v2\/types\/post"}],"author":[{"embeddable":true,"href":"https:\/\/blog.proclima.com\/ch\/wp-json\/wp\/v2\/users\/31"}],"replies":[{"embeddable":true,"href":"https:\/\/blog.proclima.com\/ch\/wp-json\/wp\/v2\/comments?post=2126"}],"version-history":[{"count":5,"href":"https:\/\/blog.proclima.com\/ch\/wp-json\/wp\/v2\/posts\/2126\/revisions"}],"predecessor-version":[{"id":2147,"href":"https:\/\/blog.proclima.com\/ch\/wp-json\/wp\/v2\/posts\/2126\/revisions\/2147"}],"wp:attachment":[{"href":"https:\/\/blog.proclima.com\/ch\/wp-json\/wp\/v2\/media?parent=2126"}],"wp:term":[{"taxonomy":"category","embeddable":true,"href":"https:\/\/blog.proclima.com\/ch\/wp-json\/wp\/v2\/categories?post=2126"},{"taxonomy":"post_tag","embeddable":true,"href":"https:\/\/blog.proclima.com\/ch\/wp-json\/wp\/v2\/tags?post=2126"}],"curies":[{"name":"wp","href":"https:\/\/api.w.org\/{rel}","templated":true}]}}