
{"id":2115,"date":"2018-01-11T09:00:26","date_gmt":"2018-01-11T08:00:26","guid":{"rendered":"http:\/\/blog.proclima.com\/ch\/?p=2115"},"modified":"2018-01-11T16:38:53","modified_gmt":"2018-01-11T15:38:53","slug":"unterdachkategorien-nach-sia-232-1-welche-bahn-sollte-bei-welcher-beanspruchung-eingesetzt-werden","status":"publish","type":"post","link":"https:\/\/blog.proclima.com\/ch\/2018\/01\/11\/unterdachkategorien-nach-sia-232-1-welche-bahn-sollte-bei-welcher-beanspruchung-eingesetzt-werden\/","title":{"rendered":"Unterdachkategorien nach SIA 232\/1 \u2013 Welche Bahn sollte bei welcher Beanspruchung eingesetzt werden?"},"content":{"rendered":"<p>Deckungssystem, Bezugsh\u00f6he h0, Neigung und L\u00e4nge eines Daches (Sparrenl\u00e4nge) sowie die \u00e4usseren klimatischen Einfl\u00fcsse stellen unterschiedliche Anforderungen an die Wasserdichtheit des Unterdaches. Nach Material und Ausf\u00fchrung werden unterschieden:<!--more--><\/p>\n<h1>UNTERDACH F\u00dcR NORMALE BEANSPRUCHUNG<\/h1>\n<ul>\n<li>Unterdachbahnen mit \u00fcberlappten oder winddicht verklebten St\u00f6ssen (sowie Unterdachplatten geschuppt oder verfalzt gestossen)<\/li>\n<li>Muss f\u00fcr frei abfliessendes Wasser dicht sein.<\/li>\n<\/ul>\n<figure id=\"attachment_2111\" aria-describedby=\"caption-attachment-2111\" style=\"width: 1015px\" class=\"wp-caption alignnone\"><a href=\"http:\/\/blog.proclima.com\/ch\/files\/2017\/12\/Set_Mento_Plus_web.jpg\"><img loading=\"lazy\" decoding=\"async\" data-size=\"1015x360\" class=\"wp-image-2111 size-full\" src=\"http:\/\/blog.proclima.com\/ch\/files\/2017\/12\/Set_Mento_Plus_web.jpg\" alt=\"\" width=\"1015\" height=\"360\" srcset=\"https:\/\/blog.proclima.com\/ch\/files\/2017\/12\/Set_Mento_Plus_web.jpg 1015w, https:\/\/blog.proclima.com\/ch\/files\/2017\/12\/Set_Mento_Plus_web-300x106.jpg 300w, https:\/\/blog.proclima.com\/ch\/files\/2017\/12\/Set_Mento_Plus_web-768x272.jpg 768w, https:\/\/blog.proclima.com\/ch\/files\/2017\/12\/Set_Mento_Plus_web-500x177.jpg 500w\" sizes=\"auto, (max-width: 1015px) 100vw, 1015px\" \/><\/a><figcaption id=\"caption-attachment-2111\" class=\"wp-caption-text\"><a href=\"https:\/\/ch.proclima.com\/systeme\/winddichtung\/solitex-mento\">SOLITEX MENTO PLUS (auch als connect-Variante erh\u00e4ltlich)<\/a><\/figcaption><\/figure>\n<h1><\/h1>\n<p><!--more--><\/p>\n<h1>UNTERDACH F\u00dcR ERH\u00d6HTE BEANSPRUCHUNG<\/h1>\n<ul>\n<li>Unterdachbahnen oder Unterdachplatten mit wasserdicht verklebten<br \/>\nSt\u00f6ssen oder Fugen<\/li>\n<li>Dicht bei Stauwasser &lt; 50 mm Stauh\u00f6he. Dies ist die am h\u00e4ufigsten<br \/>\ngew\u00e4hlte Beanspruchungsgruppe f\u00fcr D\u00e4cher mit W\u00e4rmed\u00e4mmung z. B. \u00fcber<br \/>\nausgebauten Dachgeschossen.<\/li>\n<li>F\u00fcr die Zulassung zu dieser Kategorie ist zus\u00e4tzlich eine bestandene Nahtpr\u00fcfung<br \/>\nnotwendig. Bei pro clima ist die Stossverklebung sowohl mit der \u2013<br \/>\nconnect-Verbindung als auch mit <a href=\"https:\/\/ch.proclima.com\/produkte\/verbindungsmittel\/klebebaender\/tescon-vana\">TESCON VANA<\/a> zul\u00e4ssig.<\/li>\n<\/ul>\n<figure id=\"attachment_2109\" aria-describedby=\"caption-attachment-2109\" style=\"width: 1015px\" class=\"wp-caption alignnone\"><a href=\"http:\/\/blog.proclima.com\/ch\/files\/2017\/12\/Set_Mento_3000_web.jpg\"><img loading=\"lazy\" decoding=\"async\" data-size=\"1015x360\" class=\"wp-image-2109 size-full\" src=\"http:\/\/blog.proclima.com\/ch\/files\/2017\/12\/Set_Mento_3000_web.jpg\" alt=\"\" width=\"1015\" height=\"360\" srcset=\"https:\/\/blog.proclima.com\/ch\/files\/2017\/12\/Set_Mento_3000_web.jpg 1015w, https:\/\/blog.proclima.com\/ch\/files\/2017\/12\/Set_Mento_3000_web-300x106.jpg 300w, https:\/\/blog.proclima.com\/ch\/files\/2017\/12\/Set_Mento_3000_web-768x272.jpg 768w, https:\/\/blog.proclima.com\/ch\/files\/2017\/12\/Set_Mento_3000_web-500x177.jpg 500w\" sizes=\"auto, (max-width: 1015px) 100vw, 1015px\" \/><\/a><figcaption id=\"caption-attachment-2109\" class=\"wp-caption-text\"><a href=\"https:\/\/ch.proclima.com\/systeme\/winddichtung\/solitex-mento\">SOLITEX MENTO 3000, SOLITEX MENTO 5000 (auch als connect-Variante erh\u00e4ltlich)<\/a><\/figcaption><\/figure>\n<h1>UNTERDACH F\u00dcR AUSSERORDENTLICHE BEANSPRUCHUNG<\/h1>\n<ul>\n<li>Unterdachbahnen homogen verschweisst<\/li>\n<li>Muss bei Stauwasser &gt; 50 mm Stauh\u00f6he gegen den zu erwartenden hohen Wasserdruck dicht sein. Es wird erforderlich bei:<br \/>\n\u2013 Bezugsh\u00f6hen ho &gt; 800 m <a href=\"http:\/\/blog.proclima.com\/ch\/files\/2017\/12\/pro-clima-Systembroschuere-Unterdach-CH.pdf\">(eine Karte mit farbig markierten Bereichen finden Sie in der Unterdachbrosch\u00fcre)<\/a><br \/>\n\u2013 wenig geneigten D\u00e4chern unter 14\u00b0.<br \/>\n\u2013 bei Anschl\u00fcssen an innenliegende Rinnen.<br \/>\n\u2013 auf Teilfl\u00e4chen oberhalb gr\u00f6sserer Dachaufbauten wie z. B. Lukarnen<br \/>\nmit negativem Gef\u00e4lle.<\/li>\n<\/ul>\n<figure id=\"attachment_2114\" aria-describedby=\"caption-attachment-2114\" style=\"width: 859px\" class=\"wp-caption alignnone\"><a href=\"http:\/\/blog.proclima.com\/ch\/files\/2017\/12\/Solitex_weldano_U\u00a6\u00eabersicht_Web.jpg\"><img loading=\"lazy\" decoding=\"async\" data-size=\"859x615\" class=\"wp-image-2114 size-full\" src=\"http:\/\/blog.proclima.com\/ch\/files\/2017\/12\/Solitex_weldano_U\u00a6\u00eabersicht_Web.jpg\" alt=\"\" width=\"859\" height=\"615\" srcset=\"https:\/\/blog.proclima.com\/ch\/files\/2017\/12\/Solitex_weldano_U\u00a6\u00eabersicht_Web.jpg 859w, https:\/\/blog.proclima.com\/ch\/files\/2017\/12\/Solitex_weldano_U\u00a6\u00eabersicht_Web-300x215.jpg 300w, https:\/\/blog.proclima.com\/ch\/files\/2017\/12\/Solitex_weldano_U\u00a6\u00eabersicht_Web-768x550.jpg 768w, https:\/\/blog.proclima.com\/ch\/files\/2017\/12\/Solitex_weldano_U\u00a6\u00eabersicht_Web-419x300.jpg 419w\" sizes=\"auto, (max-width: 859px) 100vw, 859px\" \/><\/a><figcaption id=\"caption-attachment-2114\" class=\"wp-caption-text\"><a href=\"https:\/\/ch.proclima.com\/systeme\/winddichtung\/solitex-weldano\">SOLITEX WELDANO<\/a><\/figcaption><\/figure>\n<p>F\u00fcr Bezugsh\u00f6hen ho&lt; 800 m und Sparrenl\u00e4ngen bis 8,0 m gilt die unten abgebildete Tabelle aus SIA 232 Anhang D, Tabelle 15. Sie ist als weitere Entscheidungsgrundlage f\u00fcr Unterdachsysteme gedacht. Basis sind die am h\u00e4ufigsten verwendeten Materialien.<\/p>\n<p>Hinweis: Der Einsatz der Deckungsmaterialien ist h\u00f6henabh\u00e4ngig. Bei Bezugsh\u00f6hen \u00fcber 800 m sind die \u00f6rtlichen und klimatischen Bedingungen objektbezogen zu ber\u00fccksichtigen.<\/p>\n<p><a href=\"http:\/\/blog.proclima.com\/ch\/files\/2017\/12\/tab_bezugshoehen_unterdach.png\"><img loading=\"lazy\" decoding=\"async\" data-size=\"2136x2493\" class=\"aligncenter wp-image-2122 size-full\" src=\"http:\/\/blog.proclima.com\/ch\/files\/2017\/12\/tab_bezugshoehen_unterdach.png\" alt=\"\" width=\"2136\" height=\"2493\" srcset=\"https:\/\/blog.proclima.com\/ch\/files\/2017\/12\/tab_bezugshoehen_unterdach.png 2136w, https:\/\/blog.proclima.com\/ch\/files\/2017\/12\/tab_bezugshoehen_unterdach-257x300.png 257w, https:\/\/blog.proclima.com\/ch\/files\/2017\/12\/tab_bezugshoehen_unterdach-768x896.png 768w, https:\/\/blog.proclima.com\/ch\/files\/2017\/12\/tab_bezugshoehen_unterdach-877x1024.png 877w\" sizes=\"auto, (max-width: 2136px) 100vw, 2136px\" \/><\/a>Die Systembrosch\u00fcre &#8222;Das sichere Unterdach&#8220; mit allen wichtigen Infos k\u00f6nnen Sie hier herunterladen: <a href=\"http:\/\/blog.proclima.com\/ch\/files\/2017\/12\/pro-clima-Systembroschuere-Unterdach-CH.pdf\">http:\/\/blog.proclima.com\/ch\/files\/2017\/12\/pro-clima-Systembroschuere-Unterdach-CH.pdf<\/a><\/p>\n<p>Hier finden Sie alle pro clima Systeme f\u00fcr die Aussendichtung:<br \/>\n<a href=\"https:\/\/ch.proclima.com\/systeme\/winddichtung\">https:\/\/ch.proclima.com\/systeme\/winddichtung<\/a><\/p>\n","protected":false},"excerpt":{"rendered":"<p>Deckungssystem, Bezugsh\u00f6he h0, Neigung und L\u00e4nge eines Daches (Sparrenl\u00e4nge) sowie die \u00e4usseren klimatischen Einfl\u00fcsse stellen unterschiedliche Anforderungen an die Wasserdichtheit des Unterdaches. Nach Material und <a href=\"https:\/\/blog.proclima.com\/ch\/2018\/01\/11\/unterdachkategorien-nach-sia-232-1-welche-bahn-sollte-bei-welcher-beanspruchung-eingesetzt-werden\/\" rel=\"bookmark\">&#8230;<\/a><\/p>\n","protected":false},"author":31,"featured_media":2114,"comment_status":"open","ping_status":"open","sticky":false,"template":"","format":"standard","meta":{"footnotes":""},"categories":[1],"tags":[151,82,124,454,455],"class_list":["post-2115","post","type-post","status-publish","format-standard","has-post-thumbnail","hentry","category-allgemein","tag-sia-2321","tag-solitex","tag-unterdach","tag-unterdachbahn","tag-unterdachkategorien"],"yoast_head":"<!-- This site is optimized with the Yoast SEO plugin v27.5 - https:\/\/yoast.com\/product\/yoast-seo-wordpress\/ -->\n<title>Unterdachkategorien nach SIA 232\/1 \u2013 Welche Bahn sollte bei welcher Beanspruchung eingesetzt werden? - pro clima Schweiz<\/title>\n<meta name=\"robots\" content=\"index, follow, max-snippet:-1, max-image-preview:large, max-video-preview:-1\" \/>\n<link rel=\"canonical\" href=\"https:\/\/blog.proclima.com\/ch\/2018\/01\/11\/unterdachkategorien-nach-sia-232-1-welche-bahn-sollte-bei-welcher-beanspruchung-eingesetzt-werden\/\" \/>\n<meta property=\"og:locale\" content=\"de_DE\" \/>\n<meta property=\"og:type\" content=\"article\" \/>\n<meta property=\"og:title\" content=\"Unterdachkategorien nach SIA 232\/1 \u2013 Welche Bahn sollte bei welcher Beanspruchung eingesetzt werden? - pro clima Schweiz\" \/>\n<meta property=\"og:description\" content=\"Deckungssystem, Bezugsh\u00f6he h0, Neigung und L\u00e4nge eines Daches (Sparrenl\u00e4nge) sowie die \u00e4usseren klimatischen Einfl\u00fcsse stellen unterschiedliche Anforderungen an die Wasserdichtheit des Unterdaches. Nach Material und ...\" \/>\n<meta property=\"og:url\" content=\"https:\/\/blog.proclima.com\/ch\/2018\/01\/11\/unterdachkategorien-nach-sia-232-1-welche-bahn-sollte-bei-welcher-beanspruchung-eingesetzt-werden\/\" \/>\n<meta property=\"og:site_name\" content=\"pro clima Schweiz\" \/>\n<meta property=\"article:author\" content=\"https:\/\/www.facebook.com\/cornelia.laessing\" \/>\n<meta property=\"article:published_time\" content=\"2018-01-11T08:00:26+00:00\" \/>\n<meta property=\"article:modified_time\" content=\"2018-01-11T15:38:53+00:00\" \/>\n<meta property=\"og:image\" content=\"https:\/\/blog.proclima.com\/ch\/files\/2017\/12\/Solitex_weldano_U\u00a6\u00eabersicht_Web.jpg\" \/>\n\t<meta property=\"og:image:width\" content=\"859\" \/>\n\t<meta property=\"og:image:height\" content=\"615\" \/>\n\t<meta property=\"og:image:type\" content=\"image\/jpeg\" \/>\n<meta name=\"author\" content=\"Cornelia L\u00e4ssing\" \/>\n<meta name=\"twitter:card\" content=\"summary_large_image\" \/>\n<meta name=\"twitter:creator\" content=\"@connylaessing\" \/>\n<meta name=\"twitter:label1\" content=\"Verfasst von\" \/>\n\t<meta name=\"twitter:data1\" content=\"Cornelia L\u00e4ssing\" \/>\n\t<meta name=\"twitter:label2\" content=\"Gesch\u00e4tzte Lesezeit\" \/>\n\t<meta name=\"twitter:data2\" content=\"2\u00a0Minuten\" \/>\n<script type=\"application\/ld+json\" class=\"yoast-schema-graph\">{\"@context\":\"https:\\\/\\\/schema.org\",\"@graph\":[{\"@type\":\"Article\",\"@id\":\"https:\\\/\\\/blog.proclima.com\\\/ch\\\/2018\\\/01\\\/11\\\/unterdachkategorien-nach-sia-232-1-welche-bahn-sollte-bei-welcher-beanspruchung-eingesetzt-werden\\\/#article\",\"isPartOf\":{\"@id\":\"https:\\\/\\\/blog.proclima.com\\\/ch\\\/2018\\\/01\\\/11\\\/unterdachkategorien-nach-sia-232-1-welche-bahn-sollte-bei-welcher-beanspruchung-eingesetzt-werden\\\/\"},\"author\":{\"name\":\"Cornelia L\u00e4ssing\",\"@id\":\"https:\\\/\\\/blog.proclima.com\\\/ch\\\/#\\\/schema\\\/person\\\/5537f09a0342a4a72283791f5f8460b1\"},\"headline\":\"Unterdachkategorien nach SIA 232\\\/1 \u2013 Welche Bahn sollte bei welcher Beanspruchung eingesetzt werden?\",\"datePublished\":\"2018-01-11T08:00:26+00:00\",\"dateModified\":\"2018-01-11T15:38:53+00:00\",\"mainEntityOfPage\":{\"@id\":\"https:\\\/\\\/blog.proclima.com\\\/ch\\\/2018\\\/01\\\/11\\\/unterdachkategorien-nach-sia-232-1-welche-bahn-sollte-bei-welcher-beanspruchung-eingesetzt-werden\\\/\"},\"wordCount\":361,\"commentCount\":0,\"publisher\":{\"@id\":\"https:\\\/\\\/blog.proclima.com\\\/ch\\\/#organization\"},\"image\":{\"@id\":\"https:\\\/\\\/blog.proclima.com\\\/ch\\\/2018\\\/01\\\/11\\\/unterdachkategorien-nach-sia-232-1-welche-bahn-sollte-bei-welcher-beanspruchung-eingesetzt-werden\\\/#primaryimage\"},\"thumbnailUrl\":\"https:\\\/\\\/blog.proclima.com\\\/ch\\\/files\\\/2017\\\/12\\\/Solitex_weldano_U\u00a6\u00eabersicht_Web.jpg\",\"keywords\":[\"SIA 232\\\/1\",\"solitex\",\"Unterdach\",\"Unterdachbahn\",\"Unterdachkategorien\"],\"inLanguage\":\"de\",\"potentialAction\":[{\"@type\":\"CommentAction\",\"name\":\"Comment\",\"target\":[\"https:\\\/\\\/blog.proclima.com\\\/ch\\\/2018\\\/01\\\/11\\\/unterdachkategorien-nach-sia-232-1-welche-bahn-sollte-bei-welcher-beanspruchung-eingesetzt-werden\\\/#respond\"]}]},{\"@type\":\"WebPage\",\"@id\":\"https:\\\/\\\/blog.proclima.com\\\/ch\\\/2018\\\/01\\\/11\\\/unterdachkategorien-nach-sia-232-1-welche-bahn-sollte-bei-welcher-beanspruchung-eingesetzt-werden\\\/\",\"url\":\"https:\\\/\\\/blog.proclima.com\\\/ch\\\/2018\\\/01\\\/11\\\/unterdachkategorien-nach-sia-232-1-welche-bahn-sollte-bei-welcher-beanspruchung-eingesetzt-werden\\\/\",\"name\":\"Unterdachkategorien nach SIA 232\\\/1 \u2013 Welche Bahn sollte bei welcher Beanspruchung eingesetzt werden? - pro clima Schweiz\",\"isPartOf\":{\"@id\":\"https:\\\/\\\/blog.proclima.com\\\/ch\\\/#website\"},\"primaryImageOfPage\":{\"@id\":\"https:\\\/\\\/blog.proclima.com\\\/ch\\\/2018\\\/01\\\/11\\\/unterdachkategorien-nach-sia-232-1-welche-bahn-sollte-bei-welcher-beanspruchung-eingesetzt-werden\\\/#primaryimage\"},\"image\":{\"@id\":\"https:\\\/\\\/blog.proclima.com\\\/ch\\\/2018\\\/01\\\/11\\\/unterdachkategorien-nach-sia-232-1-welche-bahn-sollte-bei-welcher-beanspruchung-eingesetzt-werden\\\/#primaryimage\"},\"thumbnailUrl\":\"https:\\\/\\\/blog.proclima.com\\\/ch\\\/files\\\/2017\\\/12\\\/Solitex_weldano_U\u00a6\u00eabersicht_Web.jpg\",\"datePublished\":\"2018-01-11T08:00:26+00:00\",\"dateModified\":\"2018-01-11T15:38:53+00:00\",\"breadcrumb\":{\"@id\":\"https:\\\/\\\/blog.proclima.com\\\/ch\\\/2018\\\/01\\\/11\\\/unterdachkategorien-nach-sia-232-1-welche-bahn-sollte-bei-welcher-beanspruchung-eingesetzt-werden\\\/#breadcrumb\"},\"inLanguage\":\"de\",\"potentialAction\":[{\"@type\":\"ReadAction\",\"target\":[\"https:\\\/\\\/blog.proclima.com\\\/ch\\\/2018\\\/01\\\/11\\\/unterdachkategorien-nach-sia-232-1-welche-bahn-sollte-bei-welcher-beanspruchung-eingesetzt-werden\\\/\"]}]},{\"@type\":\"ImageObject\",\"inLanguage\":\"de\",\"@id\":\"https:\\\/\\\/blog.proclima.com\\\/ch\\\/2018\\\/01\\\/11\\\/unterdachkategorien-nach-sia-232-1-welche-bahn-sollte-bei-welcher-beanspruchung-eingesetzt-werden\\\/#primaryimage\",\"url\":\"https:\\\/\\\/blog.proclima.com\\\/ch\\\/files\\\/2017\\\/12\\\/Solitex_weldano_U\u00a6\u00eabersicht_Web.jpg\",\"contentUrl\":\"https:\\\/\\\/blog.proclima.com\\\/ch\\\/files\\\/2017\\\/12\\\/Solitex_weldano_U\u00a6\u00eabersicht_Web.jpg\",\"width\":859,\"height\":615},{\"@type\":\"BreadcrumbList\",\"@id\":\"https:\\\/\\\/blog.proclima.com\\\/ch\\\/2018\\\/01\\\/11\\\/unterdachkategorien-nach-sia-232-1-welche-bahn-sollte-bei-welcher-beanspruchung-eingesetzt-werden\\\/#breadcrumb\",\"itemListElement\":[{\"@type\":\"ListItem\",\"position\":1,\"name\":\"Startseite\",\"item\":\"https:\\\/\\\/blog.proclima.com\\\/ch\\\/\"},{\"@type\":\"ListItem\",\"position\":2,\"name\":\"Unterdachkategorien nach SIA 232\\\/1 \u2013 Welche Bahn sollte bei welcher Beanspruchung eingesetzt werden?\"}]},{\"@type\":\"WebSite\",\"@id\":\"https:\\\/\\\/blog.proclima.com\\\/ch\\\/#website\",\"url\":\"https:\\\/\\\/blog.proclima.com\\\/ch\\\/\",\"name\":\"pro clima Schweiz\",\"description\":\"das Blog\",\"publisher\":{\"@id\":\"https:\\\/\\\/blog.proclima.com\\\/ch\\\/#organization\"},\"potentialAction\":[{\"@type\":\"SearchAction\",\"target\":{\"@type\":\"EntryPoint\",\"urlTemplate\":\"https:\\\/\\\/blog.proclima.com\\\/ch\\\/?s={search_term_string}\"},\"query-input\":{\"@type\":\"PropertyValueSpecification\",\"valueRequired\":true,\"valueName\":\"search_term_string\"}}],\"inLanguage\":\"de\"},{\"@type\":\"Organization\",\"@id\":\"https:\\\/\\\/blog.proclima.com\\\/ch\\\/#organization\",\"name\":\"pro clima Schweiz\",\"url\":\"https:\\\/\\\/blog.proclima.com\\\/ch\\\/\",\"logo\":{\"@type\":\"ImageObject\",\"inLanguage\":\"de\",\"@id\":\"https:\\\/\\\/blog.proclima.com\\\/ch\\\/#\\\/schema\\\/logo\\\/image\\\/\",\"url\":\"https:\\\/\\\/blog.proclima.com\\\/ch\\\/files\\\/2025\\\/12\\\/logo_proclima_quadrat.png\",\"contentUrl\":\"https:\\\/\\\/blog.proclima.com\\\/ch\\\/files\\\/2025\\\/12\\\/logo_proclima_quadrat.png\",\"width\":1200,\"height\":1200,\"caption\":\"pro clima Schweiz\"},\"image\":{\"@id\":\"https:\\\/\\\/blog.proclima.com\\\/ch\\\/#\\\/schema\\\/logo\\\/image\\\/\"}},{\"@type\":\"Person\",\"@id\":\"https:\\\/\\\/blog.proclima.com\\\/ch\\\/#\\\/schema\\\/person\\\/5537f09a0342a4a72283791f5f8460b1\",\"name\":\"Cornelia L\u00e4ssing\",\"image\":{\"@type\":\"ImageObject\",\"inLanguage\":\"de\",\"@id\":\"https:\\\/\\\/secure.gravatar.com\\\/avatar\\\/797cab3c8246ef86d414c664408795ffee9205370524e3e617dfed8550e0c4ff?s=96&d=blank&r=g\",\"url\":\"https:\\\/\\\/secure.gravatar.com\\\/avatar\\\/797cab3c8246ef86d414c664408795ffee9205370524e3e617dfed8550e0c4ff?s=96&d=blank&r=g\",\"contentUrl\":\"https:\\\/\\\/secure.gravatar.com\\\/avatar\\\/797cab3c8246ef86d414c664408795ffee9205370524e3e617dfed8550e0c4ff?s=96&d=blank&r=g\",\"caption\":\"Cornelia L\u00e4ssing\"},\"description\":\"Cornelia L\u00e4ssing ist ausgebildete Mediengestalterin und hat sich auf Online-Marketing spezialisiert. Sie betreut u.a. die Social Media Kan\u00e4le von pro clima. Sie ist zudem verantwortlich f\u00fcr die Online-Seminare der pro clima Wissenswerkstatt \u2013 hier wird Bau-Wissen unterhaltsam und einpr\u00e4gend vermittelt.\",\"sameAs\":[\"https:\\\/\\\/www.facebook.com\\\/cornelia.laessing\",\"https:\\\/\\\/www.linkedin.com\\\/in\\\/cornelia-lssing\\\/\",\"https:\\\/\\\/x.com\\\/connylaessing\"],\"url\":\"https:\\\/\\\/blog.proclima.com\\\/ch\\\/author\\\/cornelia\\\/\"}]}<\/script>\n<!-- \/ Yoast SEO plugin. -->","yoast_head_json":{"title":"Unterdachkategorien nach SIA 232\/1 \u2013 Welche Bahn sollte bei welcher Beanspruchung eingesetzt werden? - pro clima Schweiz","robots":{"index":"index","follow":"follow","max-snippet":"max-snippet:-1","max-image-preview":"max-image-preview:large","max-video-preview":"max-video-preview:-1"},"canonical":"https:\/\/blog.proclima.com\/ch\/2018\/01\/11\/unterdachkategorien-nach-sia-232-1-welche-bahn-sollte-bei-welcher-beanspruchung-eingesetzt-werden\/","og_locale":"de_DE","og_type":"article","og_title":"Unterdachkategorien nach SIA 232\/1 \u2013 Welche Bahn sollte bei welcher Beanspruchung eingesetzt werden? - pro clima Schweiz","og_description":"Deckungssystem, Bezugsh\u00f6he h0, Neigung und L\u00e4nge eines Daches (Sparrenl\u00e4nge) sowie die \u00e4usseren klimatischen Einfl\u00fcsse stellen unterschiedliche Anforderungen an die Wasserdichtheit des Unterdaches. Nach Material und ...","og_url":"https:\/\/blog.proclima.com\/ch\/2018\/01\/11\/unterdachkategorien-nach-sia-232-1-welche-bahn-sollte-bei-welcher-beanspruchung-eingesetzt-werden\/","og_site_name":"pro clima Schweiz","article_author":"https:\/\/www.facebook.com\/cornelia.laessing","article_published_time":"2018-01-11T08:00:26+00:00","article_modified_time":"2018-01-11T15:38:53+00:00","og_image":[{"width":859,"height":615,"url":"https:\/\/blog.proclima.com\/ch\/files\/2017\/12\/Solitex_weldano_U\u00a6\u00eabersicht_Web.jpg","type":"image\/jpeg"}],"author":"Cornelia L\u00e4ssing","twitter_card":"summary_large_image","twitter_creator":"@connylaessing","twitter_misc":{"Verfasst von":"Cornelia L\u00e4ssing","Gesch\u00e4tzte Lesezeit":"2\u00a0Minuten"},"schema":{"@context":"https:\/\/schema.org","@graph":[{"@type":"Article","@id":"https:\/\/blog.proclima.com\/ch\/2018\/01\/11\/unterdachkategorien-nach-sia-232-1-welche-bahn-sollte-bei-welcher-beanspruchung-eingesetzt-werden\/#article","isPartOf":{"@id":"https:\/\/blog.proclima.com\/ch\/2018\/01\/11\/unterdachkategorien-nach-sia-232-1-welche-bahn-sollte-bei-welcher-beanspruchung-eingesetzt-werden\/"},"author":{"name":"Cornelia L\u00e4ssing","@id":"https:\/\/blog.proclima.com\/ch\/#\/schema\/person\/5537f09a0342a4a72283791f5f8460b1"},"headline":"Unterdachkategorien nach SIA 232\/1 \u2013 Welche Bahn sollte bei welcher Beanspruchung eingesetzt werden?","datePublished":"2018-01-11T08:00:26+00:00","dateModified":"2018-01-11T15:38:53+00:00","mainEntityOfPage":{"@id":"https:\/\/blog.proclima.com\/ch\/2018\/01\/11\/unterdachkategorien-nach-sia-232-1-welche-bahn-sollte-bei-welcher-beanspruchung-eingesetzt-werden\/"},"wordCount":361,"commentCount":0,"publisher":{"@id":"https:\/\/blog.proclima.com\/ch\/#organization"},"image":{"@id":"https:\/\/blog.proclima.com\/ch\/2018\/01\/11\/unterdachkategorien-nach-sia-232-1-welche-bahn-sollte-bei-welcher-beanspruchung-eingesetzt-werden\/#primaryimage"},"thumbnailUrl":"https:\/\/blog.proclima.com\/ch\/files\/2017\/12\/Solitex_weldano_U\u00a6\u00eabersicht_Web.jpg","keywords":["SIA 232\/1","solitex","Unterdach","Unterdachbahn","Unterdachkategorien"],"inLanguage":"de","potentialAction":[{"@type":"CommentAction","name":"Comment","target":["https:\/\/blog.proclima.com\/ch\/2018\/01\/11\/unterdachkategorien-nach-sia-232-1-welche-bahn-sollte-bei-welcher-beanspruchung-eingesetzt-werden\/#respond"]}]},{"@type":"WebPage","@id":"https:\/\/blog.proclima.com\/ch\/2018\/01\/11\/unterdachkategorien-nach-sia-232-1-welche-bahn-sollte-bei-welcher-beanspruchung-eingesetzt-werden\/","url":"https:\/\/blog.proclima.com\/ch\/2018\/01\/11\/unterdachkategorien-nach-sia-232-1-welche-bahn-sollte-bei-welcher-beanspruchung-eingesetzt-werden\/","name":"Unterdachkategorien nach SIA 232\/1 \u2013 Welche Bahn sollte bei welcher Beanspruchung eingesetzt werden? - pro clima Schweiz","isPartOf":{"@id":"https:\/\/blog.proclima.com\/ch\/#website"},"primaryImageOfPage":{"@id":"https:\/\/blog.proclima.com\/ch\/2018\/01\/11\/unterdachkategorien-nach-sia-232-1-welche-bahn-sollte-bei-welcher-beanspruchung-eingesetzt-werden\/#primaryimage"},"image":{"@id":"https:\/\/blog.proclima.com\/ch\/2018\/01\/11\/unterdachkategorien-nach-sia-232-1-welche-bahn-sollte-bei-welcher-beanspruchung-eingesetzt-werden\/#primaryimage"},"thumbnailUrl":"https:\/\/blog.proclima.com\/ch\/files\/2017\/12\/Solitex_weldano_U\u00a6\u00eabersicht_Web.jpg","datePublished":"2018-01-11T08:00:26+00:00","dateModified":"2018-01-11T15:38:53+00:00","breadcrumb":{"@id":"https:\/\/blog.proclima.com\/ch\/2018\/01\/11\/unterdachkategorien-nach-sia-232-1-welche-bahn-sollte-bei-welcher-beanspruchung-eingesetzt-werden\/#breadcrumb"},"inLanguage":"de","potentialAction":[{"@type":"ReadAction","target":["https:\/\/blog.proclima.com\/ch\/2018\/01\/11\/unterdachkategorien-nach-sia-232-1-welche-bahn-sollte-bei-welcher-beanspruchung-eingesetzt-werden\/"]}]},{"@type":"ImageObject","inLanguage":"de","@id":"https:\/\/blog.proclima.com\/ch\/2018\/01\/11\/unterdachkategorien-nach-sia-232-1-welche-bahn-sollte-bei-welcher-beanspruchung-eingesetzt-werden\/#primaryimage","url":"https:\/\/blog.proclima.com\/ch\/files\/2017\/12\/Solitex_weldano_U\u00a6\u00eabersicht_Web.jpg","contentUrl":"https:\/\/blog.proclima.com\/ch\/files\/2017\/12\/Solitex_weldano_U\u00a6\u00eabersicht_Web.jpg","width":859,"height":615},{"@type":"BreadcrumbList","@id":"https:\/\/blog.proclima.com\/ch\/2018\/01\/11\/unterdachkategorien-nach-sia-232-1-welche-bahn-sollte-bei-welcher-beanspruchung-eingesetzt-werden\/#breadcrumb","itemListElement":[{"@type":"ListItem","position":1,"name":"Startseite","item":"https:\/\/blog.proclima.com\/ch\/"},{"@type":"ListItem","position":2,"name":"Unterdachkategorien nach SIA 232\/1 \u2013 Welche Bahn sollte bei welcher Beanspruchung eingesetzt werden?"}]},{"@type":"WebSite","@id":"https:\/\/blog.proclima.com\/ch\/#website","url":"https:\/\/blog.proclima.com\/ch\/","name":"pro clima Schweiz","description":"das Blog","publisher":{"@id":"https:\/\/blog.proclima.com\/ch\/#organization"},"potentialAction":[{"@type":"SearchAction","target":{"@type":"EntryPoint","urlTemplate":"https:\/\/blog.proclima.com\/ch\/?s={search_term_string}"},"query-input":{"@type":"PropertyValueSpecification","valueRequired":true,"valueName":"search_term_string"}}],"inLanguage":"de"},{"@type":"Organization","@id":"https:\/\/blog.proclima.com\/ch\/#organization","name":"pro clima Schweiz","url":"https:\/\/blog.proclima.com\/ch\/","logo":{"@type":"ImageObject","inLanguage":"de","@id":"https:\/\/blog.proclima.com\/ch\/#\/schema\/logo\/image\/","url":"https:\/\/blog.proclima.com\/ch\/files\/2025\/12\/logo_proclima_quadrat.png","contentUrl":"https:\/\/blog.proclima.com\/ch\/files\/2025\/12\/logo_proclima_quadrat.png","width":1200,"height":1200,"caption":"pro clima Schweiz"},"image":{"@id":"https:\/\/blog.proclima.com\/ch\/#\/schema\/logo\/image\/"}},{"@type":"Person","@id":"https:\/\/blog.proclima.com\/ch\/#\/schema\/person\/5537f09a0342a4a72283791f5f8460b1","name":"Cornelia L\u00e4ssing","image":{"@type":"ImageObject","inLanguage":"de","@id":"https:\/\/secure.gravatar.com\/avatar\/797cab3c8246ef86d414c664408795ffee9205370524e3e617dfed8550e0c4ff?s=96&d=blank&r=g","url":"https:\/\/secure.gravatar.com\/avatar\/797cab3c8246ef86d414c664408795ffee9205370524e3e617dfed8550e0c4ff?s=96&d=blank&r=g","contentUrl":"https:\/\/secure.gravatar.com\/avatar\/797cab3c8246ef86d414c664408795ffee9205370524e3e617dfed8550e0c4ff?s=96&d=blank&r=g","caption":"Cornelia L\u00e4ssing"},"description":"Cornelia L\u00e4ssing ist ausgebildete Mediengestalterin und hat sich auf Online-Marketing spezialisiert. Sie betreut u.a. die Social Media Kan\u00e4le von pro clima. Sie ist zudem verantwortlich f\u00fcr die Online-Seminare der pro clima Wissenswerkstatt \u2013 hier wird Bau-Wissen unterhaltsam und einpr\u00e4gend vermittelt.","sameAs":["https:\/\/www.facebook.com\/cornelia.laessing","https:\/\/www.linkedin.com\/in\/cornelia-lssing\/","https:\/\/x.com\/connylaessing"],"url":"https:\/\/blog.proclima.com\/ch\/author\/cornelia\/"}]}},"_links":{"self":[{"href":"https:\/\/blog.proclima.com\/ch\/wp-json\/wp\/v2\/posts\/2115","targetHints":{"allow":["GET"]}}],"collection":[{"href":"https:\/\/blog.proclima.com\/ch\/wp-json\/wp\/v2\/posts"}],"about":[{"href":"https:\/\/blog.proclima.com\/ch\/wp-json\/wp\/v2\/types\/post"}],"author":[{"embeddable":true,"href":"https:\/\/blog.proclima.com\/ch\/wp-json\/wp\/v2\/users\/31"}],"replies":[{"embeddable":true,"href":"https:\/\/blog.proclima.com\/ch\/wp-json\/wp\/v2\/comments?post=2115"}],"version-history":[{"count":9,"href":"https:\/\/blog.proclima.com\/ch\/wp-json\/wp\/v2\/posts\/2115\/revisions"}],"predecessor-version":[{"id":2138,"href":"https:\/\/blog.proclima.com\/ch\/wp-json\/wp\/v2\/posts\/2115\/revisions\/2138"}],"wp:featuredmedia":[{"embeddable":true,"href":"https:\/\/blog.proclima.com\/ch\/wp-json\/wp\/v2\/media\/2114"}],"wp:attachment":[{"href":"https:\/\/blog.proclima.com\/ch\/wp-json\/wp\/v2\/media?parent=2115"}],"wp:term":[{"taxonomy":"category","embeddable":true,"href":"https:\/\/blog.proclima.com\/ch\/wp-json\/wp\/v2\/categories?post=2115"},{"taxonomy":"post_tag","embeddable":true,"href":"https:\/\/blog.proclima.com\/ch\/wp-json\/wp\/v2\/tags?post=2115"}],"curies":[{"name":"wp","href":"https:\/\/api.w.org\/{rel}","templated":true}]}}