
{"id":1812,"date":"2017-01-12T11:50:12","date_gmt":"2017-01-12T10:50:12","guid":{"rendered":"http:\/\/blog.proclima.com\/ch\/?p=1812"},"modified":"2017-01-12T12:34:21","modified_gmt":"2017-01-12T11:34:21","slug":"orcon-multibond","status":"publish","type":"post","link":"https:\/\/blog.proclima.com\/ch\/2017\/01\/12\/orcon-multibond\/","title":{"rendered":"BAU 2017: pro clima pr\u00e4sentiert neuen Superkleber f\u00fcr die Geb\u00e4udeh\u00fclle &#8211; Auch bei Minusgraden: Anschlusskleber ORCON MULTIBOND zeigt sofort extreme Klebekraft"},"content":{"rendered":"<p>Er haftet sofort auf mineralischen Untergr\u00fcnden, selbst Minustemperaturen auf Baustellen machen ihm nichts aus: Der neue Anschlusskleber ORCON MULTIBOND unterst\u00fctzt Handwerker bei der schnellen, sauberen und sicheren Umsetzung der Anschl\u00fcsse f\u00fcr die dichte Geb\u00e4udeh\u00fclle. Der Kleber von der Rolle enth\u00e4lt die patentierte SOLID-Kleber-Technik von pro clima.<\/p>\n<figure id=\"attachment_1814\" aria-describedby=\"caption-attachment-1814\" style=\"width: 4230px\" class=\"wp-caption alignleft\"><a href=\"http:\/\/blog.proclima.com\/ch\/files\/2017\/01\/p_orcon_multibond_eine_ebene_RGB.jpg\"><img loading=\"lazy\" decoding=\"async\" data-size=\"4230x2495\" class=\"size-full wp-image-1814\" src=\"http:\/\/blog.proclima.com\/ch\/files\/2017\/01\/p_orcon_multibond_eine_ebene_RGB.jpg\" alt=\"\" width=\"4230\" height=\"2495\" srcset=\"https:\/\/blog.proclima.com\/ch\/files\/2017\/01\/p_orcon_multibond_eine_ebene_RGB.jpg 4230w, https:\/\/blog.proclima.com\/ch\/files\/2017\/01\/p_orcon_multibond_eine_ebene_RGB-300x177.jpg 300w, https:\/\/blog.proclima.com\/ch\/files\/2017\/01\/p_orcon_multibond_eine_ebene_RGB-768x453.jpg 768w, https:\/\/blog.proclima.com\/ch\/files\/2017\/01\/p_orcon_multibond_eine_ebene_RGB-1024x604.jpg 1024w, https:\/\/blog.proclima.com\/ch\/files\/2017\/01\/p_orcon_multibond_eine_ebene_RGB-500x295.jpg 500w\" sizes=\"auto, (max-width: 4230px) 100vw, 4230px\" \/><\/a><figcaption id=\"caption-attachment-1814\" class=\"wp-caption-text\">Der neue Anschlusskleber von der Rolle f\u00fcr innen und au\u00dfen: ORCON MULTIBOND<br \/>Bildquelle: MOLL pro clima<\/figcaption><\/figure>\n<p>\u201eORCON MULTIBOND ist wasserfest, frei von Weichmachern sowie anderen sch\u00e4dlichen Inhaltsstoffen und hat beste Werte im Schadstofftest. Wir achten darauf, dass unsere Produkte nicht nur sehr gut kleben, sondern auch unbedenklich f\u00fcr Verarbeiter und Bewohner sind\u201c, sagt Dipl.-Ing. (FH) Jens-L\u00fcder Herms von der pro clima Forschung und Entwicklung.<\/p>\n<p>F\u00fcr Verarbeiter ist ORCON MULTIBOND besonders praktisch, da der Anschlusskleber sowohl f\u00fcr die Luftdichtung innen als auch f\u00fcr die Winddichtung au\u00dfen verwendet werden kann. Die Verarbeitung ist bereits ab Minus 15\u00b0C m\u00f6glich. Auch bei hohen Temperaturen wird die Qualit\u00e4t der Anschlussverklebung nicht beeintr\u00e4chtigt.<\/p>\n<p><a href=\"http:\/\/blog.proclima.com\/ch\/files\/2017\/01\/v_orcon_multibond_8548_rgb_fein.jpg\"><img loading=\"lazy\" decoding=\"async\" data-size=\"5616x3744\" class=\"alignleft size-full wp-image-1813\" src=\"http:\/\/blog.proclima.com\/ch\/files\/2017\/01\/v_orcon_multibond_8548_rgb_fein.jpg\" alt=\"\" width=\"5616\" height=\"3744\" srcset=\"https:\/\/blog.proclima.com\/ch\/files\/2017\/01\/v_orcon_multibond_8548_rgb_fein.jpg 5616w, https:\/\/blog.proclima.com\/ch\/files\/2017\/01\/v_orcon_multibond_8548_rgb_fein-300x200.jpg 300w, https:\/\/blog.proclima.com\/ch\/files\/2017\/01\/v_orcon_multibond_8548_rgb_fein-768x512.jpg 768w, https:\/\/blog.proclima.com\/ch\/files\/2017\/01\/v_orcon_multibond_8548_rgb_fein-1024x683.jpg 1024w, https:\/\/blog.proclima.com\/ch\/files\/2017\/01\/v_orcon_multibond_8548_rgb_fein-450x300.jpg 450w\" sizes=\"auto, (max-width: 5616px) 100vw, 5616px\" \/><\/a><\/p>\n<p>pro clima pr\u00e4sentiert ORCON MULTIBOND und weitere Produktneuheiten vom 16. bis 21. Januar 2017 auf der BAU in M\u00fcnchen. Standbesucher k\u00f6nnen die pro clima Produkte direkt am Messestand 200 in Halle B6 auf einer Aktionsfl\u00e4che mit vielen 1:1-\u00dcbungsmodellen ausprobieren.<\/p>\n<p><strong>Weitere Infos:<\/strong><\/p>\n<p align=\"left\"><strong>Die Technische Daten <\/strong><strong>zu ORCON MULTIBOND:<\/strong><br \/>\n<a class=\"western\" href=\"https:\/\/blog.proclima.com\/de\/files\/2017\/01\/datenblatt.pdf\">https:\/\/blog.proclima.com\/de\/files\/2017\/01\/datenblatt.pdf<\/a><\/p>\n<p align=\"justify\"><strong>Fotos zur Pressemitteilung zum kostenfreien Download ohne Anmeldung:<\/strong><br \/>\n<a href=\"https:\/\/picasso.moll-group.eu\/gallary\/main.php\/v\/pub\/presse\/2017\/orcon+multibond\/\">https:\/\/picasso.moll-group.eu\/gallary\/main.php\/v\/pub\/presse\/2017\/orcon+multibond\/<\/a><\/p>\n<p><strong>Fotos der Neuheit auf flickr:<\/strong><br \/>\n<a href=\"https:\/\/www.flickr.com\/photos\/proclima\/albums\/72157679056577155\">https:\/\/www.flickr.com\/photos\/proclima\/albums\/72157679056577155<\/a><\/p>\n<p><strong>Bildquelle<\/strong>:<br \/>\nMOLL pro clima<\/p>\n<p><strong>Pressemitteilung als PDF:<\/strong><br \/>\n<a href=\"https:\/\/blog.proclima.com\/de\/files\/2017\/01\/2017_01_PM_ORCON-MULTIBOND-Neuheit.pdf\">2017_01_PM_ORCON MULTIBOND Neuheit<\/a><\/p>\n<p><strong>Pressekontakt:<\/strong><br \/>\nHeide Gentner<br \/>\n06202\/2782-56<br \/>\n<a href=\"mailto:heide.gentner@proclima.de\">heide.gentner@proclima.de<\/a><\/p>\n<p>&nbsp;<\/p>\n","protected":false},"excerpt":{"rendered":"<p>Er haftet sofort auf mineralischen Untergr\u00fcnden, selbst Minustemperaturen auf Baustellen machen ihm nichts aus: Der neue Anschlusskleber ORCON MULTIBOND unterst\u00fctzt Handwerker bei der schnellen, sauberen <a href=\"https:\/\/blog.proclima.com\/ch\/2017\/01\/12\/orcon-multibond\/\" rel=\"bookmark\">&#8230;<\/a><\/p>\n","protected":false},"author":18,"featured_media":1813,"comment_status":"open","ping_status":"open","sticky":false,"template":"","format":"standard","meta":{"footnotes":""},"categories":[329],"tags":[373,372],"class_list":["post-1812","post","type-post","status-publish","format-standard","has-post-thumbnail","hentry","category-pressemitteilung","tag-orcon-multibond","tag-produktneuheit"],"yoast_head":"<!-- This site is optimized with the Yoast SEO plugin v27.5 - https:\/\/yoast.com\/product\/yoast-seo-wordpress\/ -->\n<title>BAU 2017: pro clima pr\u00e4sentiert neuen Superkleber f\u00fcr die Geb\u00e4udeh\u00fclle - Auch bei Minusgraden: Anschlusskleber ORCON MULTIBOND zeigt sofort extreme Klebekraft - pro clima Schweiz<\/title>\n<meta name=\"robots\" content=\"index, follow, max-snippet:-1, max-image-preview:large, max-video-preview:-1\" \/>\n<link rel=\"canonical\" href=\"https:\/\/blog.proclima.com\/ch\/2017\/01\/12\/orcon-multibond\/\" \/>\n<meta property=\"og:locale\" content=\"de_DE\" \/>\n<meta property=\"og:type\" content=\"article\" \/>\n<meta property=\"og:title\" content=\"BAU 2017: pro clima pr\u00e4sentiert neuen Superkleber f\u00fcr die Geb\u00e4udeh\u00fclle - Auch bei Minusgraden: Anschlusskleber ORCON MULTIBOND zeigt sofort extreme Klebekraft - pro clima Schweiz\" \/>\n<meta property=\"og:description\" content=\"Er haftet sofort auf mineralischen Untergr\u00fcnden, selbst Minustemperaturen auf Baustellen machen ihm nichts aus: Der neue Anschlusskleber ORCON MULTIBOND unterst\u00fctzt Handwerker bei der schnellen, sauberen ...\" \/>\n<meta property=\"og:url\" content=\"https:\/\/blog.proclima.com\/ch\/2017\/01\/12\/orcon-multibond\/\" \/>\n<meta property=\"og:site_name\" content=\"pro clima Schweiz\" \/>\n<meta property=\"article:published_time\" content=\"2017-01-12T10:50:12+00:00\" \/>\n<meta property=\"article:modified_time\" content=\"2017-01-12T11:34:21+00:00\" \/>\n<meta property=\"og:image\" content=\"https:\/\/blog.proclima.com\/ch\/files\/2017\/01\/v_orcon_multibond_8548_rgb_fein-1024x683.jpg\" \/>\n\t<meta property=\"og:image:width\" content=\"1024\" \/>\n\t<meta property=\"og:image:height\" content=\"683\" \/>\n\t<meta property=\"og:image:type\" content=\"image\/jpeg\" \/>\n<meta name=\"author\" content=\"Heide Merkel\" \/>\n<meta name=\"twitter:card\" content=\"summary_large_image\" \/>\n<meta name=\"twitter:label1\" content=\"Verfasst von\" \/>\n\t<meta name=\"twitter:data1\" content=\"Heide Merkel\" \/>\n\t<meta name=\"twitter:label2\" content=\"Gesch\u00e4tzte Lesezeit\" \/>\n\t<meta name=\"twitter:data2\" content=\"1\u00a0Minute\" \/>\n<script type=\"application\/ld+json\" class=\"yoast-schema-graph\">{\"@context\":\"https:\\\/\\\/schema.org\",\"@graph\":[{\"@type\":\"Article\",\"@id\":\"https:\\\/\\\/blog.proclima.com\\\/ch\\\/2017\\\/01\\\/12\\\/orcon-multibond\\\/#article\",\"isPartOf\":{\"@id\":\"https:\\\/\\\/blog.proclima.com\\\/ch\\\/2017\\\/01\\\/12\\\/orcon-multibond\\\/\"},\"author\":{\"name\":\"Heide Merkel\",\"@id\":\"https:\\\/\\\/blog.proclima.com\\\/ch\\\/#\\\/schema\\\/person\\\/b3490e20200d5d45b8d56f555ceffc21\"},\"headline\":\"BAU 2017: pro clima pr\u00e4sentiert neuen Superkleber f\u00fcr die Geb\u00e4udeh\u00fclle &#8211; Auch bei Minusgraden: Anschlusskleber ORCON MULTIBOND zeigt sofort extreme Klebekraft\",\"datePublished\":\"2017-01-12T10:50:12+00:00\",\"dateModified\":\"2017-01-12T11:34:21+00:00\",\"mainEntityOfPage\":{\"@id\":\"https:\\\/\\\/blog.proclima.com\\\/ch\\\/2017\\\/01\\\/12\\\/orcon-multibond\\\/\"},\"wordCount\":311,\"commentCount\":0,\"publisher\":{\"@id\":\"https:\\\/\\\/blog.proclima.com\\\/ch\\\/#organization\"},\"image\":{\"@id\":\"https:\\\/\\\/blog.proclima.com\\\/ch\\\/2017\\\/01\\\/12\\\/orcon-multibond\\\/#primaryimage\"},\"thumbnailUrl\":\"https:\\\/\\\/blog.proclima.com\\\/ch\\\/files\\\/2017\\\/01\\\/v_orcon_multibond_8548_rgb_fein.jpg\",\"keywords\":[\"ORCON MULTIBOND\",\"Produktneuheit\"],\"articleSection\":[\"Pressemitteilung\"],\"inLanguage\":\"de\",\"potentialAction\":[{\"@type\":\"CommentAction\",\"name\":\"Comment\",\"target\":[\"https:\\\/\\\/blog.proclima.com\\\/ch\\\/2017\\\/01\\\/12\\\/orcon-multibond\\\/#respond\"]}]},{\"@type\":\"WebPage\",\"@id\":\"https:\\\/\\\/blog.proclima.com\\\/ch\\\/2017\\\/01\\\/12\\\/orcon-multibond\\\/\",\"url\":\"https:\\\/\\\/blog.proclima.com\\\/ch\\\/2017\\\/01\\\/12\\\/orcon-multibond\\\/\",\"name\":\"BAU 2017: pro clima pr\u00e4sentiert neuen Superkleber f\u00fcr die Geb\u00e4udeh\u00fclle - Auch bei Minusgraden: Anschlusskleber ORCON MULTIBOND zeigt sofort extreme Klebekraft - pro clima Schweiz\",\"isPartOf\":{\"@id\":\"https:\\\/\\\/blog.proclima.com\\\/ch\\\/#website\"},\"primaryImageOfPage\":{\"@id\":\"https:\\\/\\\/blog.proclima.com\\\/ch\\\/2017\\\/01\\\/12\\\/orcon-multibond\\\/#primaryimage\"},\"image\":{\"@id\":\"https:\\\/\\\/blog.proclima.com\\\/ch\\\/2017\\\/01\\\/12\\\/orcon-multibond\\\/#primaryimage\"},\"thumbnailUrl\":\"https:\\\/\\\/blog.proclima.com\\\/ch\\\/files\\\/2017\\\/01\\\/v_orcon_multibond_8548_rgb_fein.jpg\",\"datePublished\":\"2017-01-12T10:50:12+00:00\",\"dateModified\":\"2017-01-12T11:34:21+00:00\",\"breadcrumb\":{\"@id\":\"https:\\\/\\\/blog.proclima.com\\\/ch\\\/2017\\\/01\\\/12\\\/orcon-multibond\\\/#breadcrumb\"},\"inLanguage\":\"de\",\"potentialAction\":[{\"@type\":\"ReadAction\",\"target\":[\"https:\\\/\\\/blog.proclima.com\\\/ch\\\/2017\\\/01\\\/12\\\/orcon-multibond\\\/\"]}]},{\"@type\":\"ImageObject\",\"inLanguage\":\"de\",\"@id\":\"https:\\\/\\\/blog.proclima.com\\\/ch\\\/2017\\\/01\\\/12\\\/orcon-multibond\\\/#primaryimage\",\"url\":\"https:\\\/\\\/blog.proclima.com\\\/ch\\\/files\\\/2017\\\/01\\\/v_orcon_multibond_8548_rgb_fein.jpg\",\"contentUrl\":\"https:\\\/\\\/blog.proclima.com\\\/ch\\\/files\\\/2017\\\/01\\\/v_orcon_multibond_8548_rgb_fein.jpg\",\"width\":5616,\"height\":3744},{\"@type\":\"BreadcrumbList\",\"@id\":\"https:\\\/\\\/blog.proclima.com\\\/ch\\\/2017\\\/01\\\/12\\\/orcon-multibond\\\/#breadcrumb\",\"itemListElement\":[{\"@type\":\"ListItem\",\"position\":1,\"name\":\"Startseite\",\"item\":\"https:\\\/\\\/blog.proclima.com\\\/ch\\\/\"},{\"@type\":\"ListItem\",\"position\":2,\"name\":\"BAU 2017: pro clima pr\u00e4sentiert neuen Superkleber f\u00fcr die Geb\u00e4udeh\u00fclle &#8211; Auch bei Minusgraden: Anschlusskleber ORCON MULTIBOND zeigt sofort extreme Klebekraft\"}]},{\"@type\":\"WebSite\",\"@id\":\"https:\\\/\\\/blog.proclima.com\\\/ch\\\/#website\",\"url\":\"https:\\\/\\\/blog.proclima.com\\\/ch\\\/\",\"name\":\"pro clima Schweiz\",\"description\":\"das Blog\",\"publisher\":{\"@id\":\"https:\\\/\\\/blog.proclima.com\\\/ch\\\/#organization\"},\"potentialAction\":[{\"@type\":\"SearchAction\",\"target\":{\"@type\":\"EntryPoint\",\"urlTemplate\":\"https:\\\/\\\/blog.proclima.com\\\/ch\\\/?s={search_term_string}\"},\"query-input\":{\"@type\":\"PropertyValueSpecification\",\"valueRequired\":true,\"valueName\":\"search_term_string\"}}],\"inLanguage\":\"de\"},{\"@type\":\"Organization\",\"@id\":\"https:\\\/\\\/blog.proclima.com\\\/ch\\\/#organization\",\"name\":\"pro clima Schweiz\",\"url\":\"https:\\\/\\\/blog.proclima.com\\\/ch\\\/\",\"logo\":{\"@type\":\"ImageObject\",\"inLanguage\":\"de\",\"@id\":\"https:\\\/\\\/blog.proclima.com\\\/ch\\\/#\\\/schema\\\/logo\\\/image\\\/\",\"url\":\"https:\\\/\\\/blog.proclima.com\\\/ch\\\/files\\\/2025\\\/12\\\/logo_proclima_quadrat.png\",\"contentUrl\":\"https:\\\/\\\/blog.proclima.com\\\/ch\\\/files\\\/2025\\\/12\\\/logo_proclima_quadrat.png\",\"width\":1200,\"height\":1200,\"caption\":\"pro clima Schweiz\"},\"image\":{\"@id\":\"https:\\\/\\\/blog.proclima.com\\\/ch\\\/#\\\/schema\\\/logo\\\/image\\\/\"}},{\"@type\":\"Person\",\"@id\":\"https:\\\/\\\/blog.proclima.com\\\/ch\\\/#\\\/schema\\\/person\\\/b3490e20200d5d45b8d56f555ceffc21\",\"name\":\"Heide Merkel\",\"image\":{\"@type\":\"ImageObject\",\"inLanguage\":\"de\",\"@id\":\"https:\\\/\\\/secure.gravatar.com\\\/avatar\\\/a4a1c909701780173c0b7a635fb539f21128c8d654b77311c92e724657788582?s=96&d=blank&r=g\",\"url\":\"https:\\\/\\\/secure.gravatar.com\\\/avatar\\\/a4a1c909701780173c0b7a635fb539f21128c8d654b77311c92e724657788582?s=96&d=blank&r=g\",\"contentUrl\":\"https:\\\/\\\/secure.gravatar.com\\\/avatar\\\/a4a1c909701780173c0b7a635fb539f21128c8d654b77311c92e724657788582?s=96&d=blank&r=g\",\"caption\":\"Heide Merkel\"},\"description\":\"Fachjournalistin, Referentin, Steuerung Presse &amp; Digitale Medien bei Moll bau\u00f6kologische Produkte GmbH (pro clima). Als Japanologin und ausgebildete Redakteurin ist Heide eher zuf\u00e4llig in der Baubranche gelandet. Seit 2011 arbeitet sie f\u00fcr pro clima. Ihr Wissen zu effektiver Kommunikation gibt sie in Seminaren, Artikeln und Vortr\u00e4gen weiter. F\u00fcr den pro clima Blog, proclima.tv und das pro clima Bauradio interviewt sie interessante Menschen aus der Baubranche. Auf\u00a0 luftdichtheit-gepr\u00fcft.de bloggt Heide \u00fcber Leckagen, Luftdichtung und Qualit\u00e4ts\u00fcberpr\u00fcfung mit Blower-Door-Tests. Ihre Freizeit verbringt sie u.a. in den Vogesen, wo sie seit mehr als f\u00fcnf Jahren ein altes Bauernhaus saniert. Ihr neuestes Projekt:\u00a0 www.besser-als-marketing.de Hier gibt es Tipps, wie Unternehmen in der Baubranche ihre Sichtbarkeit erh\u00f6hen k\u00f6nnen. Die ersten Videos sind bereits online im Youtube Channel Wer mehr \u00fcber Heide Merkel erfahren m\u00f6chte, findet sie auf den g\u00e4ngigen Social Media Plattformen.\",\"url\":\"https:\\\/\\\/blog.proclima.com\\\/ch\\\/author\\\/gentner\\\/\"}]}<\/script>\n<!-- \/ Yoast SEO plugin. -->","yoast_head_json":{"title":"BAU 2017: pro clima pr\u00e4sentiert neuen Superkleber f\u00fcr die Geb\u00e4udeh\u00fclle - Auch bei Minusgraden: Anschlusskleber ORCON MULTIBOND zeigt sofort extreme Klebekraft - pro clima Schweiz","robots":{"index":"index","follow":"follow","max-snippet":"max-snippet:-1","max-image-preview":"max-image-preview:large","max-video-preview":"max-video-preview:-1"},"canonical":"https:\/\/blog.proclima.com\/ch\/2017\/01\/12\/orcon-multibond\/","og_locale":"de_DE","og_type":"article","og_title":"BAU 2017: pro clima pr\u00e4sentiert neuen Superkleber f\u00fcr die Geb\u00e4udeh\u00fclle - Auch bei Minusgraden: Anschlusskleber ORCON MULTIBOND zeigt sofort extreme Klebekraft - pro clima Schweiz","og_description":"Er haftet sofort auf mineralischen Untergr\u00fcnden, selbst Minustemperaturen auf Baustellen machen ihm nichts aus: Der neue Anschlusskleber ORCON MULTIBOND unterst\u00fctzt Handwerker bei der schnellen, sauberen ...","og_url":"https:\/\/blog.proclima.com\/ch\/2017\/01\/12\/orcon-multibond\/","og_site_name":"pro clima Schweiz","article_published_time":"2017-01-12T10:50:12+00:00","article_modified_time":"2017-01-12T11:34:21+00:00","og_image":[{"width":1024,"height":683,"url":"https:\/\/blog.proclima.com\/ch\/files\/2017\/01\/v_orcon_multibond_8548_rgb_fein-1024x683.jpg","type":"image\/jpeg"}],"author":"Heide Merkel","twitter_card":"summary_large_image","twitter_misc":{"Verfasst von":"Heide Merkel","Gesch\u00e4tzte Lesezeit":"1\u00a0Minute"},"schema":{"@context":"https:\/\/schema.org","@graph":[{"@type":"Article","@id":"https:\/\/blog.proclima.com\/ch\/2017\/01\/12\/orcon-multibond\/#article","isPartOf":{"@id":"https:\/\/blog.proclima.com\/ch\/2017\/01\/12\/orcon-multibond\/"},"author":{"name":"Heide Merkel","@id":"https:\/\/blog.proclima.com\/ch\/#\/schema\/person\/b3490e20200d5d45b8d56f555ceffc21"},"headline":"BAU 2017: pro clima pr\u00e4sentiert neuen Superkleber f\u00fcr die Geb\u00e4udeh\u00fclle &#8211; Auch bei Minusgraden: Anschlusskleber ORCON MULTIBOND zeigt sofort extreme Klebekraft","datePublished":"2017-01-12T10:50:12+00:00","dateModified":"2017-01-12T11:34:21+00:00","mainEntityOfPage":{"@id":"https:\/\/blog.proclima.com\/ch\/2017\/01\/12\/orcon-multibond\/"},"wordCount":311,"commentCount":0,"publisher":{"@id":"https:\/\/blog.proclima.com\/ch\/#organization"},"image":{"@id":"https:\/\/blog.proclima.com\/ch\/2017\/01\/12\/orcon-multibond\/#primaryimage"},"thumbnailUrl":"https:\/\/blog.proclima.com\/ch\/files\/2017\/01\/v_orcon_multibond_8548_rgb_fein.jpg","keywords":["ORCON MULTIBOND","Produktneuheit"],"articleSection":["Pressemitteilung"],"inLanguage":"de","potentialAction":[{"@type":"CommentAction","name":"Comment","target":["https:\/\/blog.proclima.com\/ch\/2017\/01\/12\/orcon-multibond\/#respond"]}]},{"@type":"WebPage","@id":"https:\/\/blog.proclima.com\/ch\/2017\/01\/12\/orcon-multibond\/","url":"https:\/\/blog.proclima.com\/ch\/2017\/01\/12\/orcon-multibond\/","name":"BAU 2017: pro clima pr\u00e4sentiert neuen Superkleber f\u00fcr die Geb\u00e4udeh\u00fclle - Auch bei Minusgraden: Anschlusskleber ORCON MULTIBOND zeigt sofort extreme Klebekraft - pro clima Schweiz","isPartOf":{"@id":"https:\/\/blog.proclima.com\/ch\/#website"},"primaryImageOfPage":{"@id":"https:\/\/blog.proclima.com\/ch\/2017\/01\/12\/orcon-multibond\/#primaryimage"},"image":{"@id":"https:\/\/blog.proclima.com\/ch\/2017\/01\/12\/orcon-multibond\/#primaryimage"},"thumbnailUrl":"https:\/\/blog.proclima.com\/ch\/files\/2017\/01\/v_orcon_multibond_8548_rgb_fein.jpg","datePublished":"2017-01-12T10:50:12+00:00","dateModified":"2017-01-12T11:34:21+00:00","breadcrumb":{"@id":"https:\/\/blog.proclima.com\/ch\/2017\/01\/12\/orcon-multibond\/#breadcrumb"},"inLanguage":"de","potentialAction":[{"@type":"ReadAction","target":["https:\/\/blog.proclima.com\/ch\/2017\/01\/12\/orcon-multibond\/"]}]},{"@type":"ImageObject","inLanguage":"de","@id":"https:\/\/blog.proclima.com\/ch\/2017\/01\/12\/orcon-multibond\/#primaryimage","url":"https:\/\/blog.proclima.com\/ch\/files\/2017\/01\/v_orcon_multibond_8548_rgb_fein.jpg","contentUrl":"https:\/\/blog.proclima.com\/ch\/files\/2017\/01\/v_orcon_multibond_8548_rgb_fein.jpg","width":5616,"height":3744},{"@type":"BreadcrumbList","@id":"https:\/\/blog.proclima.com\/ch\/2017\/01\/12\/orcon-multibond\/#breadcrumb","itemListElement":[{"@type":"ListItem","position":1,"name":"Startseite","item":"https:\/\/blog.proclima.com\/ch\/"},{"@type":"ListItem","position":2,"name":"BAU 2017: pro clima pr\u00e4sentiert neuen Superkleber f\u00fcr die Geb\u00e4udeh\u00fclle &#8211; Auch bei Minusgraden: Anschlusskleber ORCON MULTIBOND zeigt sofort extreme Klebekraft"}]},{"@type":"WebSite","@id":"https:\/\/blog.proclima.com\/ch\/#website","url":"https:\/\/blog.proclima.com\/ch\/","name":"pro clima Schweiz","description":"das Blog","publisher":{"@id":"https:\/\/blog.proclima.com\/ch\/#organization"},"potentialAction":[{"@type":"SearchAction","target":{"@type":"EntryPoint","urlTemplate":"https:\/\/blog.proclima.com\/ch\/?s={search_term_string}"},"query-input":{"@type":"PropertyValueSpecification","valueRequired":true,"valueName":"search_term_string"}}],"inLanguage":"de"},{"@type":"Organization","@id":"https:\/\/blog.proclima.com\/ch\/#organization","name":"pro clima Schweiz","url":"https:\/\/blog.proclima.com\/ch\/","logo":{"@type":"ImageObject","inLanguage":"de","@id":"https:\/\/blog.proclima.com\/ch\/#\/schema\/logo\/image\/","url":"https:\/\/blog.proclima.com\/ch\/files\/2025\/12\/logo_proclima_quadrat.png","contentUrl":"https:\/\/blog.proclima.com\/ch\/files\/2025\/12\/logo_proclima_quadrat.png","width":1200,"height":1200,"caption":"pro clima Schweiz"},"image":{"@id":"https:\/\/blog.proclima.com\/ch\/#\/schema\/logo\/image\/"}},{"@type":"Person","@id":"https:\/\/blog.proclima.com\/ch\/#\/schema\/person\/b3490e20200d5d45b8d56f555ceffc21","name":"Heide Merkel","image":{"@type":"ImageObject","inLanguage":"de","@id":"https:\/\/secure.gravatar.com\/avatar\/a4a1c909701780173c0b7a635fb539f21128c8d654b77311c92e724657788582?s=96&d=blank&r=g","url":"https:\/\/secure.gravatar.com\/avatar\/a4a1c909701780173c0b7a635fb539f21128c8d654b77311c92e724657788582?s=96&d=blank&r=g","contentUrl":"https:\/\/secure.gravatar.com\/avatar\/a4a1c909701780173c0b7a635fb539f21128c8d654b77311c92e724657788582?s=96&d=blank&r=g","caption":"Heide Merkel"},"description":"Fachjournalistin, Referentin, Steuerung Presse &amp; Digitale Medien bei Moll bau\u00f6kologische Produkte GmbH (pro clima). Als Japanologin und ausgebildete Redakteurin ist Heide eher zuf\u00e4llig in der Baubranche gelandet. Seit 2011 arbeitet sie f\u00fcr pro clima. Ihr Wissen zu effektiver Kommunikation gibt sie in Seminaren, Artikeln und Vortr\u00e4gen weiter. F\u00fcr den pro clima Blog, proclima.tv und das pro clima Bauradio interviewt sie interessante Menschen aus der Baubranche. Auf\u00a0 luftdichtheit-gepr\u00fcft.de bloggt Heide \u00fcber Leckagen, Luftdichtung und Qualit\u00e4ts\u00fcberpr\u00fcfung mit Blower-Door-Tests. Ihre Freizeit verbringt sie u.a. in den Vogesen, wo sie seit mehr als f\u00fcnf Jahren ein altes Bauernhaus saniert. Ihr neuestes Projekt:\u00a0 www.besser-als-marketing.de Hier gibt es Tipps, wie Unternehmen in der Baubranche ihre Sichtbarkeit erh\u00f6hen k\u00f6nnen. Die ersten Videos sind bereits online im Youtube Channel Wer mehr \u00fcber Heide Merkel erfahren m\u00f6chte, findet sie auf den g\u00e4ngigen Social Media Plattformen.","url":"https:\/\/blog.proclima.com\/ch\/author\/gentner\/"}]}},"_links":{"self":[{"href":"https:\/\/blog.proclima.com\/ch\/wp-json\/wp\/v2\/posts\/1812","targetHints":{"allow":["GET"]}}],"collection":[{"href":"https:\/\/blog.proclima.com\/ch\/wp-json\/wp\/v2\/posts"}],"about":[{"href":"https:\/\/blog.proclima.com\/ch\/wp-json\/wp\/v2\/types\/post"}],"author":[{"embeddable":true,"href":"https:\/\/blog.proclima.com\/ch\/wp-json\/wp\/v2\/users\/18"}],"replies":[{"embeddable":true,"href":"https:\/\/blog.proclima.com\/ch\/wp-json\/wp\/v2\/comments?post=1812"}],"version-history":[{"count":3,"href":"https:\/\/blog.proclima.com\/ch\/wp-json\/wp\/v2\/posts\/1812\/revisions"}],"predecessor-version":[{"id":1817,"href":"https:\/\/blog.proclima.com\/ch\/wp-json\/wp\/v2\/posts\/1812\/revisions\/1817"}],"wp:featuredmedia":[{"embeddable":true,"href":"https:\/\/blog.proclima.com\/ch\/wp-json\/wp\/v2\/media\/1813"}],"wp:attachment":[{"href":"https:\/\/blog.proclima.com\/ch\/wp-json\/wp\/v2\/media?parent=1812"}],"wp:term":[{"taxonomy":"category","embeddable":true,"href":"https:\/\/blog.proclima.com\/ch\/wp-json\/wp\/v2\/categories?post=1812"},{"taxonomy":"post_tag","embeddable":true,"href":"https:\/\/blog.proclima.com\/ch\/wp-json\/wp\/v2\/tags?post=1812"}],"curies":[{"name":"wp","href":"https:\/\/api.w.org\/{rel}","templated":true}]}}