
{"id":1702,"date":"2016-01-11T17:25:44","date_gmt":"2016-01-11T16:25:44","guid":{"rendered":"http:\/\/blog.proclima.com\/ch\/?p=1702"},"modified":"2016-01-11T18:01:04","modified_gmt":"2016-01-11T17:01:04","slug":"swissbau-2016","status":"publish","type":"post","link":"https:\/\/blog.proclima.com\/ch\/2016\/01\/11\/swissbau-2016\/","title":{"rendered":"pro clima auf der Swissbau: 12. Januar bis 16.01.2016 &#8211; Halle 1.0 D41"},"content":{"rendered":"<p><a href=\"http:\/\/www.swissbau.ch\/\" target=\"_blank\" rel=\"attachment wp-att-1703\"><img loading=\"lazy\" decoding=\"async\" data-size=\"942x656\" class=\"alignleft wp-image-1703 size-medium\" src=\"http:\/\/blog.proclima.com\/ch\/files\/2016\/01\/Bildschirmfoto-2016-01-11-um-17.30.16-300x209.png\" alt=\"Bildschirmfoto 2016-01-11 um 17.30.16\" width=\"300\" height=\"209\" srcset=\"https:\/\/blog.proclima.com\/ch\/files\/2016\/01\/Bildschirmfoto-2016-01-11-um-17.30.16-300x209.png 300w, https:\/\/blog.proclima.com\/ch\/files\/2016\/01\/Bildschirmfoto-2016-01-11-um-17.30.16-768x535.png 768w, https:\/\/blog.proclima.com\/ch\/files\/2016\/01\/Bildschirmfoto-2016-01-11-um-17.30.16-431x300.png 431w, https:\/\/blog.proclima.com\/ch\/files\/2016\/01\/Bildschirmfoto-2016-01-11-um-17.30.16.png 942w\" sizes=\"auto, (max-width: 300px) 100vw, 300px\" \/><\/a>Die Siwssbau, Leitmesse der Bauwirtschaft in der Schweiz, ist heute gestartet. Auch das pro clima Team ist mit Stand und spannenden neuen Produkten dabei: Schauen Sie vorbei in Halle 1.0 D41.<\/p>\n<p>&nbsp;<\/p>\n","protected":false},"excerpt":{"rendered":"<p>Die Siwssbau, Leitmesse der Bauwirtschaft in der Schweiz, ist heute gestartet. Auch das pro clima Team ist mit Stand und spannenden neuen Produkten dabei: Schauen <a href=\"https:\/\/blog.proclima.com\/ch\/2016\/01\/11\/swissbau-2016\/\" rel=\"bookmark\">&#8230;<\/a><\/p>\n","protected":false},"author":18,"featured_media":0,"comment_status":"open","ping_status":"open","sticky":false,"template":"","format":"standard","meta":{"footnotes":""},"categories":[1],"tags":[360,359],"class_list":["post-1702","post","type-post","status-publish","format-standard","hentry","category-allgemein","tag-swissbau","tag-swissbau-2016"],"yoast_head":"<!-- This site is optimized with the Yoast SEO plugin v27.5 - https:\/\/yoast.com\/product\/yoast-seo-wordpress\/ -->\n<title>pro clima auf der Swissbau: 12. Januar bis 16.01.2016 - Halle 1.0 D41 - pro clima Schweiz<\/title>\n<meta name=\"robots\" content=\"index, follow, max-snippet:-1, max-image-preview:large, max-video-preview:-1\" \/>\n<link rel=\"canonical\" href=\"https:\/\/blog.proclima.com\/ch\/2016\/01\/11\/swissbau-2016\/\" \/>\n<meta property=\"og:locale\" content=\"de_DE\" \/>\n<meta property=\"og:type\" content=\"article\" \/>\n<meta property=\"og:title\" content=\"pro clima auf der Swissbau: 12. Januar bis 16.01.2016 - Halle 1.0 D41 - pro clima Schweiz\" \/>\n<meta property=\"og:description\" content=\"Die Siwssbau, Leitmesse der Bauwirtschaft in der Schweiz, ist heute gestartet. Auch das pro clima Team ist mit Stand und spannenden neuen Produkten dabei: Schauen ...\" \/>\n<meta property=\"og:url\" content=\"https:\/\/blog.proclima.com\/ch\/2016\/01\/11\/swissbau-2016\/\" \/>\n<meta property=\"og:site_name\" content=\"pro clima Schweiz\" \/>\n<meta property=\"article:published_time\" content=\"2016-01-11T16:25:44+00:00\" \/>\n<meta property=\"article:modified_time\" content=\"2016-01-11T17:01:04+00:00\" \/>\n<meta property=\"og:image\" content=\"http:\/\/blog.proclima.com\/ch\/files\/2016\/01\/Bildschirmfoto-2016-01-11-um-17.30.16-300x209.png\" \/>\n<meta name=\"author\" content=\"Heide Merkel\" \/>\n<meta name=\"twitter:card\" content=\"summary_large_image\" \/>\n<meta name=\"twitter:label1\" content=\"Verfasst von\" \/>\n\t<meta name=\"twitter:data1\" content=\"Heide Merkel\" \/>\n<script type=\"application\/ld+json\" class=\"yoast-schema-graph\">{\"@context\":\"https:\\\/\\\/schema.org\",\"@graph\":[{\"@type\":\"Article\",\"@id\":\"https:\\\/\\\/blog.proclima.com\\\/ch\\\/2016\\\/01\\\/11\\\/swissbau-2016\\\/#article\",\"isPartOf\":{\"@id\":\"https:\\\/\\\/blog.proclima.com\\\/ch\\\/2016\\\/01\\\/11\\\/swissbau-2016\\\/\"},\"author\":{\"name\":\"Heide Merkel\",\"@id\":\"https:\\\/\\\/blog.proclima.com\\\/ch\\\/#\\\/schema\\\/person\\\/b3490e20200d5d45b8d56f555ceffc21\"},\"headline\":\"pro clima auf der Swissbau: 12. Januar bis 16.01.2016 &#8211; Halle 1.0 D41\",\"datePublished\":\"2016-01-11T16:25:44+00:00\",\"dateModified\":\"2016-01-11T17:01:04+00:00\",\"mainEntityOfPage\":{\"@id\":\"https:\\\/\\\/blog.proclima.com\\\/ch\\\/2016\\\/01\\\/11\\\/swissbau-2016\\\/\"},\"wordCount\":41,\"commentCount\":0,\"publisher\":{\"@id\":\"https:\\\/\\\/blog.proclima.com\\\/ch\\\/#organization\"},\"image\":{\"@id\":\"https:\\\/\\\/blog.proclima.com\\\/ch\\\/2016\\\/01\\\/11\\\/swissbau-2016\\\/#primaryimage\"},\"thumbnailUrl\":\"http:\\\/\\\/blog.proclima.com\\\/ch\\\/files\\\/2016\\\/01\\\/Bildschirmfoto-2016-01-11-um-17.30.16-300x209.png\",\"keywords\":[\"Swissbau\",\"Swissbau 2016\"],\"inLanguage\":\"de\",\"potentialAction\":[{\"@type\":\"CommentAction\",\"name\":\"Comment\",\"target\":[\"https:\\\/\\\/blog.proclima.com\\\/ch\\\/2016\\\/01\\\/11\\\/swissbau-2016\\\/#respond\"]}]},{\"@type\":\"WebPage\",\"@id\":\"https:\\\/\\\/blog.proclima.com\\\/ch\\\/2016\\\/01\\\/11\\\/swissbau-2016\\\/\",\"url\":\"https:\\\/\\\/blog.proclima.com\\\/ch\\\/2016\\\/01\\\/11\\\/swissbau-2016\\\/\",\"name\":\"pro clima auf der Swissbau: 12. Januar bis 16.01.2016 - Halle 1.0 D41 - pro clima Schweiz\",\"isPartOf\":{\"@id\":\"https:\\\/\\\/blog.proclima.com\\\/ch\\\/#website\"},\"primaryImageOfPage\":{\"@id\":\"https:\\\/\\\/blog.proclima.com\\\/ch\\\/2016\\\/01\\\/11\\\/swissbau-2016\\\/#primaryimage\"},\"image\":{\"@id\":\"https:\\\/\\\/blog.proclima.com\\\/ch\\\/2016\\\/01\\\/11\\\/swissbau-2016\\\/#primaryimage\"},\"thumbnailUrl\":\"http:\\\/\\\/blog.proclima.com\\\/ch\\\/files\\\/2016\\\/01\\\/Bildschirmfoto-2016-01-11-um-17.30.16-300x209.png\",\"datePublished\":\"2016-01-11T16:25:44+00:00\",\"dateModified\":\"2016-01-11T17:01:04+00:00\",\"breadcrumb\":{\"@id\":\"https:\\\/\\\/blog.proclima.com\\\/ch\\\/2016\\\/01\\\/11\\\/swissbau-2016\\\/#breadcrumb\"},\"inLanguage\":\"de\",\"potentialAction\":[{\"@type\":\"ReadAction\",\"target\":[\"https:\\\/\\\/blog.proclima.com\\\/ch\\\/2016\\\/01\\\/11\\\/swissbau-2016\\\/\"]}]},{\"@type\":\"ImageObject\",\"inLanguage\":\"de\",\"@id\":\"https:\\\/\\\/blog.proclima.com\\\/ch\\\/2016\\\/01\\\/11\\\/swissbau-2016\\\/#primaryimage\",\"url\":\"http:\\\/\\\/blog.proclima.com\\\/ch\\\/files\\\/2016\\\/01\\\/Bildschirmfoto-2016-01-11-um-17.30.16-300x209.png\",\"contentUrl\":\"http:\\\/\\\/blog.proclima.com\\\/ch\\\/files\\\/2016\\\/01\\\/Bildschirmfoto-2016-01-11-um-17.30.16-300x209.png\"},{\"@type\":\"BreadcrumbList\",\"@id\":\"https:\\\/\\\/blog.proclima.com\\\/ch\\\/2016\\\/01\\\/11\\\/swissbau-2016\\\/#breadcrumb\",\"itemListElement\":[{\"@type\":\"ListItem\",\"position\":1,\"name\":\"Startseite\",\"item\":\"https:\\\/\\\/blog.proclima.com\\\/ch\\\/\"},{\"@type\":\"ListItem\",\"position\":2,\"name\":\"pro clima auf der Swissbau: 12. Januar bis 16.01.2016 &#8211; Halle 1.0 D41\"}]},{\"@type\":\"WebSite\",\"@id\":\"https:\\\/\\\/blog.proclima.com\\\/ch\\\/#website\",\"url\":\"https:\\\/\\\/blog.proclima.com\\\/ch\\\/\",\"name\":\"pro clima Schweiz\",\"description\":\"das Blog\",\"publisher\":{\"@id\":\"https:\\\/\\\/blog.proclima.com\\\/ch\\\/#organization\"},\"potentialAction\":[{\"@type\":\"SearchAction\",\"target\":{\"@type\":\"EntryPoint\",\"urlTemplate\":\"https:\\\/\\\/blog.proclima.com\\\/ch\\\/?s={search_term_string}\"},\"query-input\":{\"@type\":\"PropertyValueSpecification\",\"valueRequired\":true,\"valueName\":\"search_term_string\"}}],\"inLanguage\":\"de\"},{\"@type\":\"Organization\",\"@id\":\"https:\\\/\\\/blog.proclima.com\\\/ch\\\/#organization\",\"name\":\"pro clima Schweiz\",\"url\":\"https:\\\/\\\/blog.proclima.com\\\/ch\\\/\",\"logo\":{\"@type\":\"ImageObject\",\"inLanguage\":\"de\",\"@id\":\"https:\\\/\\\/blog.proclima.com\\\/ch\\\/#\\\/schema\\\/logo\\\/image\\\/\",\"url\":\"https:\\\/\\\/blog.proclima.com\\\/ch\\\/files\\\/2025\\\/12\\\/logo_proclima_quadrat.png\",\"contentUrl\":\"https:\\\/\\\/blog.proclima.com\\\/ch\\\/files\\\/2025\\\/12\\\/logo_proclima_quadrat.png\",\"width\":1200,\"height\":1200,\"caption\":\"pro clima Schweiz\"},\"image\":{\"@id\":\"https:\\\/\\\/blog.proclima.com\\\/ch\\\/#\\\/schema\\\/logo\\\/image\\\/\"}},{\"@type\":\"Person\",\"@id\":\"https:\\\/\\\/blog.proclima.com\\\/ch\\\/#\\\/schema\\\/person\\\/b3490e20200d5d45b8d56f555ceffc21\",\"name\":\"Heide Merkel\",\"image\":{\"@type\":\"ImageObject\",\"inLanguage\":\"de\",\"@id\":\"https:\\\/\\\/secure.gravatar.com\\\/avatar\\\/a4a1c909701780173c0b7a635fb539f21128c8d654b77311c92e724657788582?s=96&d=blank&r=g\",\"url\":\"https:\\\/\\\/secure.gravatar.com\\\/avatar\\\/a4a1c909701780173c0b7a635fb539f21128c8d654b77311c92e724657788582?s=96&d=blank&r=g\",\"contentUrl\":\"https:\\\/\\\/secure.gravatar.com\\\/avatar\\\/a4a1c909701780173c0b7a635fb539f21128c8d654b77311c92e724657788582?s=96&d=blank&r=g\",\"caption\":\"Heide Merkel\"},\"description\":\"Fachjournalistin, Referentin, Steuerung Presse &amp; Digitale Medien bei Moll bau\u00f6kologische Produkte GmbH (pro clima). Als Japanologin und ausgebildete Redakteurin ist Heide eher zuf\u00e4llig in der Baubranche gelandet. Seit 2011 arbeitet sie f\u00fcr pro clima. Ihr Wissen zu effektiver Kommunikation gibt sie in Seminaren, Artikeln und Vortr\u00e4gen weiter. F\u00fcr den pro clima Blog, proclima.tv und das pro clima Bauradio interviewt sie interessante Menschen aus der Baubranche. Auf\u00a0 luftdichtheit-gepr\u00fcft.de bloggt Heide \u00fcber Leckagen, Luftdichtung und Qualit\u00e4ts\u00fcberpr\u00fcfung mit Blower-Door-Tests. Ihre Freizeit verbringt sie u.a. in den Vogesen, wo sie seit mehr als f\u00fcnf Jahren ein altes Bauernhaus saniert. Ihr neuestes Projekt:\u00a0 www.besser-als-marketing.de Hier gibt es Tipps, wie Unternehmen in der Baubranche ihre Sichtbarkeit erh\u00f6hen k\u00f6nnen. Die ersten Videos sind bereits online im Youtube Channel Wer mehr \u00fcber Heide Merkel erfahren m\u00f6chte, findet sie auf den g\u00e4ngigen Social Media Plattformen.\",\"url\":\"https:\\\/\\\/blog.proclima.com\\\/ch\\\/author\\\/gentner\\\/\"}]}<\/script>\n<!-- \/ Yoast SEO plugin. -->","yoast_head_json":{"title":"pro clima auf der Swissbau: 12. Januar bis 16.01.2016 - Halle 1.0 D41 - pro clima Schweiz","robots":{"index":"index","follow":"follow","max-snippet":"max-snippet:-1","max-image-preview":"max-image-preview:large","max-video-preview":"max-video-preview:-1"},"canonical":"https:\/\/blog.proclima.com\/ch\/2016\/01\/11\/swissbau-2016\/","og_locale":"de_DE","og_type":"article","og_title":"pro clima auf der Swissbau: 12. Januar bis 16.01.2016 - Halle 1.0 D41 - pro clima Schweiz","og_description":"Die Siwssbau, Leitmesse der Bauwirtschaft in der Schweiz, ist heute gestartet. Auch das pro clima Team ist mit Stand und spannenden neuen Produkten dabei: Schauen ...","og_url":"https:\/\/blog.proclima.com\/ch\/2016\/01\/11\/swissbau-2016\/","og_site_name":"pro clima Schweiz","article_published_time":"2016-01-11T16:25:44+00:00","article_modified_time":"2016-01-11T17:01:04+00:00","og_image":[{"url":"http:\/\/blog.proclima.com\/ch\/files\/2016\/01\/Bildschirmfoto-2016-01-11-um-17.30.16-300x209.png","type":"","width":"","height":""}],"author":"Heide Merkel","twitter_card":"summary_large_image","twitter_misc":{"Verfasst von":"Heide Merkel"},"schema":{"@context":"https:\/\/schema.org","@graph":[{"@type":"Article","@id":"https:\/\/blog.proclima.com\/ch\/2016\/01\/11\/swissbau-2016\/#article","isPartOf":{"@id":"https:\/\/blog.proclima.com\/ch\/2016\/01\/11\/swissbau-2016\/"},"author":{"name":"Heide Merkel","@id":"https:\/\/blog.proclima.com\/ch\/#\/schema\/person\/b3490e20200d5d45b8d56f555ceffc21"},"headline":"pro clima auf der Swissbau: 12. Januar bis 16.01.2016 &#8211; Halle 1.0 D41","datePublished":"2016-01-11T16:25:44+00:00","dateModified":"2016-01-11T17:01:04+00:00","mainEntityOfPage":{"@id":"https:\/\/blog.proclima.com\/ch\/2016\/01\/11\/swissbau-2016\/"},"wordCount":41,"commentCount":0,"publisher":{"@id":"https:\/\/blog.proclima.com\/ch\/#organization"},"image":{"@id":"https:\/\/blog.proclima.com\/ch\/2016\/01\/11\/swissbau-2016\/#primaryimage"},"thumbnailUrl":"http:\/\/blog.proclima.com\/ch\/files\/2016\/01\/Bildschirmfoto-2016-01-11-um-17.30.16-300x209.png","keywords":["Swissbau","Swissbau 2016"],"inLanguage":"de","potentialAction":[{"@type":"CommentAction","name":"Comment","target":["https:\/\/blog.proclima.com\/ch\/2016\/01\/11\/swissbau-2016\/#respond"]}]},{"@type":"WebPage","@id":"https:\/\/blog.proclima.com\/ch\/2016\/01\/11\/swissbau-2016\/","url":"https:\/\/blog.proclima.com\/ch\/2016\/01\/11\/swissbau-2016\/","name":"pro clima auf der Swissbau: 12. Januar bis 16.01.2016 - Halle 1.0 D41 - pro clima Schweiz","isPartOf":{"@id":"https:\/\/blog.proclima.com\/ch\/#website"},"primaryImageOfPage":{"@id":"https:\/\/blog.proclima.com\/ch\/2016\/01\/11\/swissbau-2016\/#primaryimage"},"image":{"@id":"https:\/\/blog.proclima.com\/ch\/2016\/01\/11\/swissbau-2016\/#primaryimage"},"thumbnailUrl":"http:\/\/blog.proclima.com\/ch\/files\/2016\/01\/Bildschirmfoto-2016-01-11-um-17.30.16-300x209.png","datePublished":"2016-01-11T16:25:44+00:00","dateModified":"2016-01-11T17:01:04+00:00","breadcrumb":{"@id":"https:\/\/blog.proclima.com\/ch\/2016\/01\/11\/swissbau-2016\/#breadcrumb"},"inLanguage":"de","potentialAction":[{"@type":"ReadAction","target":["https:\/\/blog.proclima.com\/ch\/2016\/01\/11\/swissbau-2016\/"]}]},{"@type":"ImageObject","inLanguage":"de","@id":"https:\/\/blog.proclima.com\/ch\/2016\/01\/11\/swissbau-2016\/#primaryimage","url":"http:\/\/blog.proclima.com\/ch\/files\/2016\/01\/Bildschirmfoto-2016-01-11-um-17.30.16-300x209.png","contentUrl":"http:\/\/blog.proclima.com\/ch\/files\/2016\/01\/Bildschirmfoto-2016-01-11-um-17.30.16-300x209.png"},{"@type":"BreadcrumbList","@id":"https:\/\/blog.proclima.com\/ch\/2016\/01\/11\/swissbau-2016\/#breadcrumb","itemListElement":[{"@type":"ListItem","position":1,"name":"Startseite","item":"https:\/\/blog.proclima.com\/ch\/"},{"@type":"ListItem","position":2,"name":"pro clima auf der Swissbau: 12. Januar bis 16.01.2016 &#8211; Halle 1.0 D41"}]},{"@type":"WebSite","@id":"https:\/\/blog.proclima.com\/ch\/#website","url":"https:\/\/blog.proclima.com\/ch\/","name":"pro clima Schweiz","description":"das Blog","publisher":{"@id":"https:\/\/blog.proclima.com\/ch\/#organization"},"potentialAction":[{"@type":"SearchAction","target":{"@type":"EntryPoint","urlTemplate":"https:\/\/blog.proclima.com\/ch\/?s={search_term_string}"},"query-input":{"@type":"PropertyValueSpecification","valueRequired":true,"valueName":"search_term_string"}}],"inLanguage":"de"},{"@type":"Organization","@id":"https:\/\/blog.proclima.com\/ch\/#organization","name":"pro clima Schweiz","url":"https:\/\/blog.proclima.com\/ch\/","logo":{"@type":"ImageObject","inLanguage":"de","@id":"https:\/\/blog.proclima.com\/ch\/#\/schema\/logo\/image\/","url":"https:\/\/blog.proclima.com\/ch\/files\/2025\/12\/logo_proclima_quadrat.png","contentUrl":"https:\/\/blog.proclima.com\/ch\/files\/2025\/12\/logo_proclima_quadrat.png","width":1200,"height":1200,"caption":"pro clima Schweiz"},"image":{"@id":"https:\/\/blog.proclima.com\/ch\/#\/schema\/logo\/image\/"}},{"@type":"Person","@id":"https:\/\/blog.proclima.com\/ch\/#\/schema\/person\/b3490e20200d5d45b8d56f555ceffc21","name":"Heide Merkel","image":{"@type":"ImageObject","inLanguage":"de","@id":"https:\/\/secure.gravatar.com\/avatar\/a4a1c909701780173c0b7a635fb539f21128c8d654b77311c92e724657788582?s=96&d=blank&r=g","url":"https:\/\/secure.gravatar.com\/avatar\/a4a1c909701780173c0b7a635fb539f21128c8d654b77311c92e724657788582?s=96&d=blank&r=g","contentUrl":"https:\/\/secure.gravatar.com\/avatar\/a4a1c909701780173c0b7a635fb539f21128c8d654b77311c92e724657788582?s=96&d=blank&r=g","caption":"Heide Merkel"},"description":"Fachjournalistin, Referentin, Steuerung Presse &amp; Digitale Medien bei Moll bau\u00f6kologische Produkte GmbH (pro clima). Als Japanologin und ausgebildete Redakteurin ist Heide eher zuf\u00e4llig in der Baubranche gelandet. Seit 2011 arbeitet sie f\u00fcr pro clima. Ihr Wissen zu effektiver Kommunikation gibt sie in Seminaren, Artikeln und Vortr\u00e4gen weiter. F\u00fcr den pro clima Blog, proclima.tv und das pro clima Bauradio interviewt sie interessante Menschen aus der Baubranche. Auf\u00a0 luftdichtheit-gepr\u00fcft.de bloggt Heide \u00fcber Leckagen, Luftdichtung und Qualit\u00e4ts\u00fcberpr\u00fcfung mit Blower-Door-Tests. Ihre Freizeit verbringt sie u.a. in den Vogesen, wo sie seit mehr als f\u00fcnf Jahren ein altes Bauernhaus saniert. Ihr neuestes Projekt:\u00a0 www.besser-als-marketing.de Hier gibt es Tipps, wie Unternehmen in der Baubranche ihre Sichtbarkeit erh\u00f6hen k\u00f6nnen. Die ersten Videos sind bereits online im Youtube Channel Wer mehr \u00fcber Heide Merkel erfahren m\u00f6chte, findet sie auf den g\u00e4ngigen Social Media Plattformen.","url":"https:\/\/blog.proclima.com\/ch\/author\/gentner\/"}]}},"_links":{"self":[{"href":"https:\/\/blog.proclima.com\/ch\/wp-json\/wp\/v2\/posts\/1702","targetHints":{"allow":["GET"]}}],"collection":[{"href":"https:\/\/blog.proclima.com\/ch\/wp-json\/wp\/v2\/posts"}],"about":[{"href":"https:\/\/blog.proclima.com\/ch\/wp-json\/wp\/v2\/types\/post"}],"author":[{"embeddable":true,"href":"https:\/\/blog.proclima.com\/ch\/wp-json\/wp\/v2\/users\/18"}],"replies":[{"embeddable":true,"href":"https:\/\/blog.proclima.com\/ch\/wp-json\/wp\/v2\/comments?post=1702"}],"version-history":[{"count":2,"href":"https:\/\/blog.proclima.com\/ch\/wp-json\/wp\/v2\/posts\/1702\/revisions"}],"predecessor-version":[{"id":1705,"href":"https:\/\/blog.proclima.com\/ch\/wp-json\/wp\/v2\/posts\/1702\/revisions\/1705"}],"wp:attachment":[{"href":"https:\/\/blog.proclima.com\/ch\/wp-json\/wp\/v2\/media?parent=1702"}],"wp:term":[{"taxonomy":"category","embeddable":true,"href":"https:\/\/blog.proclima.com\/ch\/wp-json\/wp\/v2\/categories?post=1702"},{"taxonomy":"post_tag","embeddable":true,"href":"https:\/\/blog.proclima.com\/ch\/wp-json\/wp\/v2\/tags?post=1702"}],"curies":[{"name":"wp","href":"https:\/\/api.w.org\/{rel}","templated":true}]}}