
{"id":1684,"date":"2015-11-13T11:35:42","date_gmt":"2015-11-13T10:35:42","guid":{"rendered":"http:\/\/blog.proclima.com\/ch\/?p=1684"},"modified":"2015-11-13T11:53:14","modified_gmt":"2015-11-13T10:53:14","slug":"pm-solitex-weldano","status":"publish","type":"post","link":"https:\/\/blog.proclima.com\/ch\/2015\/11\/13\/pm-solitex-weldano\/","title":{"rendered":"Schlagregendicht, reissfest, homogen verschweissbar: die neue Unterdachbahn SOLITEX WELDANO f\u00fcr extreme Situationen"},"content":{"rendered":"<p>Das neue pro clima Unterdachsystem <a href=\"http:\/\/ch.proclima.com\/produkte\/dichtung-aussen\/solitex-weldano\">SOLITEX WELDANO<\/a> verbessert die fachgerechte, sichere Ausf\u00fchrung von Unterd\u00e4chern. Die SOLITEX WELDANO ist mit zwei monolithischen Funktionsschichten ausgestattet. Dadurch ist sie wasserdicht, diffusionsoffen und homogen verschweissbar. Ihr Material ist besonders reissfest und erf\u00fcllt als Unterdach h\u00f6chste Sicherheitsanforderungen.<\/p>\n<figure id=\"attachment_1686\" aria-describedby=\"caption-attachment-1686\" style=\"width: 900px\" class=\"wp-caption alignnone\"><a href=\"http:\/\/blog.proclima.com\/ch\/files\/2015\/11\/p_solitex_weldano_5819_900x900px_rgb.jpg\"><img loading=\"lazy\" decoding=\"async\" data-size=\"900x900\" class=\"size-full wp-image-1686\" src=\"http:\/\/blog.proclima.com\/ch\/files\/2015\/11\/p_solitex_weldano_5819_900x900px_rgb.jpg\" alt=\"Neu: SOLITEX WELDANO \u2013 die diffusionsoffene, homogen verschwei\u00dfbare Unterdachbahn\" width=\"900\" height=\"900\" srcset=\"https:\/\/blog.proclima.com\/ch\/files\/2015\/11\/p_solitex_weldano_5819_900x900px_rgb.jpg 900w, https:\/\/blog.proclima.com\/ch\/files\/2015\/11\/p_solitex_weldano_5819_900x900px_rgb-150x150.jpg 150w, https:\/\/blog.proclima.com\/ch\/files\/2015\/11\/p_solitex_weldano_5819_900x900px_rgb-300x300.jpg 300w\" sizes=\"auto, (max-width: 900px) 100vw, 900px\" \/><\/a><figcaption id=\"caption-attachment-1686\" class=\"wp-caption-text\">Neu: SOLITEX WELDANO \u2013 die diffusionsoffene, homogen verschweissbare Unterdachbahn<\/figcaption><\/figure>\n<p>Verschweisst wird die Bahn mit dem passend dazu entwickelten <a href=\"http:\/\/ch.proclima.com\/produkte\/verbindungsmittel\/detailloesungen\/weldano-turga\">Quellschweissmittel <\/a>oder mit Heissluft. So entsteht eine komplett materialhomogene, dichte Dachfl\u00e4che. Die Oberfl\u00e4che der Dachbahn ist rutsch- und abriebfest und angenehm zu verarbeiten.<\/p>\n<figure id=\"attachment_1687\" aria-describedby=\"caption-attachment-1687\" style=\"width: 900px\" class=\"wp-caption alignnone\"><a href=\"http:\/\/blog.proclima.com\/ch\/files\/2015\/11\/v_solitex_weldano_4265_900x600px_rgb.jpg\"><img loading=\"lazy\" decoding=\"async\" data-size=\"900x600\" class=\"size-full wp-image-1687\" src=\"http:\/\/blog.proclima.com\/ch\/files\/2015\/11\/v_solitex_weldano_4265_900x600px_rgb.jpg\" alt=\"Die SOLITEX WELDANO ist homogen verschwei\u00dfbar mit Quellschwei\u00dfmittel oder Hei\u00dfluft\" width=\"900\" height=\"600\" srcset=\"https:\/\/blog.proclima.com\/ch\/files\/2015\/11\/v_solitex_weldano_4265_900x600px_rgb.jpg 900w, https:\/\/blog.proclima.com\/ch\/files\/2015\/11\/v_solitex_weldano_4265_900x600px_rgb-300x200.jpg 300w, https:\/\/blog.proclima.com\/ch\/files\/2015\/11\/v_solitex_weldano_4265_900x600px_rgb-450x300.jpg 450w\" sizes=\"auto, (max-width: 900px) 100vw, 900px\" \/><\/a><figcaption id=\"caption-attachment-1687\" class=\"wp-caption-text\">Die SOLITEX WELDANO ist homogen verschweissbar mit Quellschweissmittel oder Hei\u00dfluft<\/figcaption><\/figure>\n<p>SOLITEX WELDANO ist speziell f\u00fcr den Einsatz bei flachgeneigten D\u00e4chern entwickelt und erg\u00e4nzt die pro clima Au\u00dfendichtungssysteme. Passende Systemteile f\u00fcr saubere Anschl\u00fcsse und Durchdringungen, sowie Quellschweissmittel sind im System enthalten.<\/p>\n<p><!--more--><\/p>\n<p><strong>Weitere Infos:<\/strong><\/p>\n<p><strong>Technisches Datenblatt:<\/strong><br \/>\n<a href=\"http:\/\/blog.proclima.com\/ch\/files\/2015\/11\/Datenblatt-SOLITEX-WELDANO-1.pdf\">Datenblatt SOLITEX WELDANO<\/a><\/p>\n<p><strong>Verarbeitungshinweise:<\/strong><br \/>\n<a href=\"http:\/\/ch.proclima.com\/systeme\/winddichtung\/solitex-weldano\"> http:\/\/ch.proclima.com\/systeme\/winddichtung\/solitex-weldano<\/a><\/p>\n<p><strong>Verarbeitungsvideo:<br \/>\n<\/strong><a href=\"https:\/\/youtu.be\/c0Uslgj_YY4\">https:\/\/youtu.be\/c0Uslgj_YY4<\/a><\/p>\n<p><iframe loading=\"lazy\" title=\"SOLITEX WELDANO - Produktvorstellung\" width=\"1170\" height=\"658\" src=\"https:\/\/www.youtube.com\/embed\/c0Uslgj_YY4?feature=oembed\" frameborder=\"0\" allow=\"accelerometer; autoplay; clipboard-write; encrypted-media; gyroscope; picture-in-picture\" allowfullscreen><\/iframe><\/p>\n<p><strong>SOLITEX WELDANO System<\/strong><\/p>\n<p>\u2013 SOLITEX WELDANO in 1,5 und 3,00m Breite: <a href=\"http:\/\/ch.proclima.com\/produkte\/dichtung-aussen\/solitex-weldano\">http:\/\/ch.proclima.com\/produkte\/dichtung-aussen\/solitex-weldano<\/a><\/p>\n<p>\u2013 WELDANO-S Anschlussstreifen in 37,5cm Breite: <a href=\"http:\/\/ch.proclima.com\/produkte\/dichtung-aussen\/solitex-weldano-s\">http:\/\/ch.proclima.com\/produkte\/dichtung-aussen\/solitex-weldano-s<\/a><\/p>\n<p>\u2013 WELDANO ROFLEX \u2013 zum Einbinden von Rohrdurchf\u00fchrungen:<a href=\"http:\/\/ch.proclima.com\/produkte\/verbindungsmittel\/detailloesungen\/weldano-roflex\"> http:\/\/ch.proclima.com\/produkte\/verbindungsmittel\/detailloesungen\/weldano-roflex <\/a><\/p>\n<p>\u2013 WELDANO INVEX \u2013 vorkonfektionierte Au\u00dfenecke: <a href=\"http:\/\/ch.proclima.com\/produkte\/verbindungsmittel\/detailloesungen\/weldano-invex\">http:\/\/ch.proclima.com\/produkte\/verbindungsmittel\/detailloesungen\/weldano-invex<\/a><\/p>\n<p>\u2013 WELDANO INCAV \u2013 vorkonfektionierte Innenecke:<a href=\"http:\/\/ch.proclima.com\/produkte\/verbindungsmittel\/detailloesungen\/weldano-incav\">http:\/\/ch.proclima.com\/produkte\/verbindungsmittel\/detailloesungen\/weldano-incav<\/a><\/p>\n<p>\u2013 WELDANO TURGA \u2013 Quellschweissmittel: <a href=\"http:\/\/ch.proclima.com\/produkte\/verbindungsmittel\/detailloesungen\/weldano-turga\">http:\/\/ch.proclima.com\/produkte\/verbindungsmittel\/detailloesungen\/weldano-turga<\/a><\/p>\n<p>\u2013 WELDANO ROLLFIX \u2013 zum festen Anpressen der zu verschweissenden Bereiche: <a href=\"http:\/\/ch.proclima.com\/produkte\/zubehoer\/rollfix\">http:\/\/ch.proclima.com\/produkte\/zubehoer\/rollfix<\/a><\/p>\n<p>\u2013 WELDANO Pinselflasche \u2013 zum leichten Auftragen des Quellschweissmittels: <a href=\"http:\/\/ch.proclima.com\/produkte\/zubehoer\/pinselflasche\">http:\/\/ch.proclima.com\/produkte\/zubehoer\/pinselflasche<\/a><\/p>\n<p><strong>Weitere Infos:<br \/>\nFotos zur Pressemitteilung:<br \/>\n<\/strong><a href=\"http:\/\/procli.ma\/fjvt\">http:\/\/procli.ma\/fjvt<\/a><\/p>\n<p><strong>Fotos zu allen pro clima Neuheiten \u2013 f\u00fcr Web (Quelle: MOLL pro clima)<br \/>\n<\/strong><a href=\"http:\/\/procli.ma\/vzva\">http:\/\/procli.ma\/vzva<\/a><\/p>\n<p><strong>Fotos zu allen pro clima Neuheiten \u2013 f\u00fcr Druck und Web (Quelle: MOLL pro clima)<br \/>\n<\/strong><a href=\"http:\/\/procli.ma\/mepp\">http:\/\/procli.ma\/mepp<\/a><\/p>\n<p><strong>Alle pro clima Neuheiten 2015:<br \/>\n<\/strong><a href=\"http:\/\/ch.proclima.com\/produkte\/neuheiten\">http:\/\/ch.proclima.com\/produkte\/neuheiten<\/a><\/p>\n<p><strong>Die Pressemitteilung als PDF:<br \/>\n<\/strong><a href=\"http:\/\/blog.proclima.com\/ch\/files\/2015\/11\/2015_CH_PM_SOLITEX-WELDANO-Neuheiten.pdf\">2015_CH_PM_SOLITEX WELDANO Neuheiten<\/a><\/p>\n<p><strong>Pressekontakt:<br \/>\n<\/strong>Heide Gentner<br \/>\npresse@proclima.ch<\/p>\n","protected":false},"excerpt":{"rendered":"<p>Das neue pro clima Unterdachsystem SOLITEX WELDANO verbessert die fachgerechte, sichere Ausf\u00fchrung von Unterd\u00e4chern. Die SOLITEX WELDANO ist mit zwei monolithischen Funktionsschichten ausgestattet. Dadurch ist <a href=\"https:\/\/blog.proclima.com\/ch\/2015\/11\/13\/pm-solitex-weldano\/\" rel=\"bookmark\">&#8230;<\/a><\/p>\n","protected":false},"author":17,"featured_media":0,"comment_status":"open","ping_status":"open","sticky":false,"template":"","format":"standard","meta":{"footnotes":""},"categories":[329],"tags":[356,358,354,355,357],"class_list":["post-1684","post","type-post","status-publish","format-standard","hentry","category-pressemitteilung","tag-neuheiten","tag-produkte","tag-solitex-weldano","tag-weldano","tag-weldano-system"],"yoast_head":"<!-- This site is optimized with the Yoast SEO plugin v27.5 - https:\/\/yoast.com\/product\/yoast-seo-wordpress\/ -->\n<title>Schlagregendicht, reissfest, homogen verschweissbar: die neue Unterdachbahn SOLITEX WELDANO f\u00fcr extreme Situationen - pro clima Schweiz<\/title>\n<meta name=\"robots\" content=\"index, follow, max-snippet:-1, max-image-preview:large, max-video-preview:-1\" \/>\n<link rel=\"canonical\" href=\"https:\/\/blog.proclima.com\/ch\/2015\/11\/13\/pm-solitex-weldano\/\" \/>\n<meta property=\"og:locale\" content=\"de_DE\" \/>\n<meta property=\"og:type\" content=\"article\" \/>\n<meta property=\"og:title\" content=\"Schlagregendicht, reissfest, homogen verschweissbar: die neue Unterdachbahn SOLITEX WELDANO f\u00fcr extreme Situationen - pro clima Schweiz\" \/>\n<meta property=\"og:description\" content=\"Das neue pro clima Unterdachsystem SOLITEX WELDANO verbessert die fachgerechte, sichere Ausf\u00fchrung von Unterd\u00e4chern. Die SOLITEX WELDANO ist mit zwei monolithischen Funktionsschichten ausgestattet. Dadurch ist ...\" \/>\n<meta property=\"og:url\" content=\"https:\/\/blog.proclima.com\/ch\/2015\/11\/13\/pm-solitex-weldano\/\" \/>\n<meta property=\"og:site_name\" content=\"pro clima Schweiz\" \/>\n<meta property=\"article:published_time\" content=\"2015-11-13T10:35:42+00:00\" \/>\n<meta property=\"article:modified_time\" content=\"2015-11-13T10:53:14+00:00\" \/>\n<meta property=\"og:image\" content=\"http:\/\/blog.proclima.com\/ch\/files\/2015\/11\/p_solitex_weldano_5819_900x900px_rgb.jpg\" \/>\n<meta name=\"author\" content=\"Julia Metzger\" \/>\n<meta name=\"twitter:card\" content=\"summary_large_image\" \/>\n<meta name=\"twitter:label1\" content=\"Verfasst von\" \/>\n\t<meta name=\"twitter:data1\" content=\"Julia Metzger\" \/>\n\t<meta name=\"twitter:label2\" content=\"Gesch\u00e4tzte Lesezeit\" \/>\n\t<meta name=\"twitter:data2\" content=\"2\u00a0Minuten\" \/>\n<script type=\"application\/ld+json\" class=\"yoast-schema-graph\">{\"@context\":\"https:\\\/\\\/schema.org\",\"@graph\":[{\"@type\":\"Article\",\"@id\":\"https:\\\/\\\/blog.proclima.com\\\/ch\\\/2015\\\/11\\\/13\\\/pm-solitex-weldano\\\/#article\",\"isPartOf\":{\"@id\":\"https:\\\/\\\/blog.proclima.com\\\/ch\\\/2015\\\/11\\\/13\\\/pm-solitex-weldano\\\/\"},\"author\":{\"name\":\"Julia Metzger\",\"@id\":\"https:\\\/\\\/blog.proclima.com\\\/ch\\\/#\\\/schema\\\/person\\\/2cc86d57b4e91b6c23ab77b2ada44b16\"},\"headline\":\"Schlagregendicht, reissfest, homogen verschweissbar: die neue Unterdachbahn SOLITEX WELDANO f\u00fcr extreme Situationen\",\"datePublished\":\"2015-11-13T10:35:42+00:00\",\"dateModified\":\"2015-11-13T10:53:14+00:00\",\"mainEntityOfPage\":{\"@id\":\"https:\\\/\\\/blog.proclima.com\\\/ch\\\/2015\\\/11\\\/13\\\/pm-solitex-weldano\\\/\"},\"wordCount\":376,\"commentCount\":0,\"publisher\":{\"@id\":\"https:\\\/\\\/blog.proclima.com\\\/ch\\\/#organization\"},\"image\":{\"@id\":\"https:\\\/\\\/blog.proclima.com\\\/ch\\\/2015\\\/11\\\/13\\\/pm-solitex-weldano\\\/#primaryimage\"},\"thumbnailUrl\":\"http:\\\/\\\/blog.proclima.com\\\/ch\\\/files\\\/2015\\\/11\\\/p_solitex_weldano_5819_900x900px_rgb.jpg\",\"keywords\":[\"Neuheiten\",\"Produkte\",\"Solitex weldano\",\"weldano\",\"Weldano System\"],\"articleSection\":[\"Pressemitteilung\"],\"inLanguage\":\"de\",\"potentialAction\":[{\"@type\":\"CommentAction\",\"name\":\"Comment\",\"target\":[\"https:\\\/\\\/blog.proclima.com\\\/ch\\\/2015\\\/11\\\/13\\\/pm-solitex-weldano\\\/#respond\"]}]},{\"@type\":\"WebPage\",\"@id\":\"https:\\\/\\\/blog.proclima.com\\\/ch\\\/2015\\\/11\\\/13\\\/pm-solitex-weldano\\\/\",\"url\":\"https:\\\/\\\/blog.proclima.com\\\/ch\\\/2015\\\/11\\\/13\\\/pm-solitex-weldano\\\/\",\"name\":\"Schlagregendicht, reissfest, homogen verschweissbar: die neue Unterdachbahn SOLITEX WELDANO f\u00fcr extreme Situationen - pro clima Schweiz\",\"isPartOf\":{\"@id\":\"https:\\\/\\\/blog.proclima.com\\\/ch\\\/#website\"},\"primaryImageOfPage\":{\"@id\":\"https:\\\/\\\/blog.proclima.com\\\/ch\\\/2015\\\/11\\\/13\\\/pm-solitex-weldano\\\/#primaryimage\"},\"image\":{\"@id\":\"https:\\\/\\\/blog.proclima.com\\\/ch\\\/2015\\\/11\\\/13\\\/pm-solitex-weldano\\\/#primaryimage\"},\"thumbnailUrl\":\"http:\\\/\\\/blog.proclima.com\\\/ch\\\/files\\\/2015\\\/11\\\/p_solitex_weldano_5819_900x900px_rgb.jpg\",\"datePublished\":\"2015-11-13T10:35:42+00:00\",\"dateModified\":\"2015-11-13T10:53:14+00:00\",\"breadcrumb\":{\"@id\":\"https:\\\/\\\/blog.proclima.com\\\/ch\\\/2015\\\/11\\\/13\\\/pm-solitex-weldano\\\/#breadcrumb\"},\"inLanguage\":\"de\",\"potentialAction\":[{\"@type\":\"ReadAction\",\"target\":[\"https:\\\/\\\/blog.proclima.com\\\/ch\\\/2015\\\/11\\\/13\\\/pm-solitex-weldano\\\/\"]}]},{\"@type\":\"ImageObject\",\"inLanguage\":\"de\",\"@id\":\"https:\\\/\\\/blog.proclima.com\\\/ch\\\/2015\\\/11\\\/13\\\/pm-solitex-weldano\\\/#primaryimage\",\"url\":\"http:\\\/\\\/blog.proclima.com\\\/ch\\\/files\\\/2015\\\/11\\\/p_solitex_weldano_5819_900x900px_rgb.jpg\",\"contentUrl\":\"http:\\\/\\\/blog.proclima.com\\\/ch\\\/files\\\/2015\\\/11\\\/p_solitex_weldano_5819_900x900px_rgb.jpg\"},{\"@type\":\"BreadcrumbList\",\"@id\":\"https:\\\/\\\/blog.proclima.com\\\/ch\\\/2015\\\/11\\\/13\\\/pm-solitex-weldano\\\/#breadcrumb\",\"itemListElement\":[{\"@type\":\"ListItem\",\"position\":1,\"name\":\"Startseite\",\"item\":\"https:\\\/\\\/blog.proclima.com\\\/ch\\\/\"},{\"@type\":\"ListItem\",\"position\":2,\"name\":\"Schlagregendicht, reissfest, homogen verschweissbar: die neue Unterdachbahn SOLITEX WELDANO f\u00fcr extreme Situationen\"}]},{\"@type\":\"WebSite\",\"@id\":\"https:\\\/\\\/blog.proclima.com\\\/ch\\\/#website\",\"url\":\"https:\\\/\\\/blog.proclima.com\\\/ch\\\/\",\"name\":\"pro clima Schweiz\",\"description\":\"das Blog\",\"publisher\":{\"@id\":\"https:\\\/\\\/blog.proclima.com\\\/ch\\\/#organization\"},\"potentialAction\":[{\"@type\":\"SearchAction\",\"target\":{\"@type\":\"EntryPoint\",\"urlTemplate\":\"https:\\\/\\\/blog.proclima.com\\\/ch\\\/?s={search_term_string}\"},\"query-input\":{\"@type\":\"PropertyValueSpecification\",\"valueRequired\":true,\"valueName\":\"search_term_string\"}}],\"inLanguage\":\"de\"},{\"@type\":\"Organization\",\"@id\":\"https:\\\/\\\/blog.proclima.com\\\/ch\\\/#organization\",\"name\":\"pro clima Schweiz\",\"url\":\"https:\\\/\\\/blog.proclima.com\\\/ch\\\/\",\"logo\":{\"@type\":\"ImageObject\",\"inLanguage\":\"de\",\"@id\":\"https:\\\/\\\/blog.proclima.com\\\/ch\\\/#\\\/schema\\\/logo\\\/image\\\/\",\"url\":\"https:\\\/\\\/blog.proclima.com\\\/ch\\\/files\\\/2025\\\/12\\\/logo_proclima_quadrat.png\",\"contentUrl\":\"https:\\\/\\\/blog.proclima.com\\\/ch\\\/files\\\/2025\\\/12\\\/logo_proclima_quadrat.png\",\"width\":1200,\"height\":1200,\"caption\":\"pro clima Schweiz\"},\"image\":{\"@id\":\"https:\\\/\\\/blog.proclima.com\\\/ch\\\/#\\\/schema\\\/logo\\\/image\\\/\"}},{\"@type\":\"Person\",\"@id\":\"https:\\\/\\\/blog.proclima.com\\\/ch\\\/#\\\/schema\\\/person\\\/2cc86d57b4e91b6c23ab77b2ada44b16\",\"name\":\"Julia Metzger\",\"image\":{\"@type\":\"ImageObject\",\"inLanguage\":\"de\",\"@id\":\"https:\\\/\\\/secure.gravatar.com\\\/avatar\\\/ebe3faa71c6c282123235ab4d03f9d3eb74ca98f95f4d577b0a868da8fb88f2d?s=96&d=blank&r=g\",\"url\":\"https:\\\/\\\/secure.gravatar.com\\\/avatar\\\/ebe3faa71c6c282123235ab4d03f9d3eb74ca98f95f4d577b0a868da8fb88f2d?s=96&d=blank&r=g\",\"contentUrl\":\"https:\\\/\\\/secure.gravatar.com\\\/avatar\\\/ebe3faa71c6c282123235ab4d03f9d3eb74ca98f95f4d577b0a868da8fb88f2d?s=96&d=blank&r=g\",\"caption\":\"Julia Metzger\"},\"url\":\"https:\\\/\\\/blog.proclima.com\\\/ch\\\/author\\\/metzger\\\/\"}]}<\/script>\n<!-- \/ Yoast SEO plugin. -->","yoast_head_json":{"title":"Schlagregendicht, reissfest, homogen verschweissbar: die neue Unterdachbahn SOLITEX WELDANO f\u00fcr extreme Situationen - pro clima Schweiz","robots":{"index":"index","follow":"follow","max-snippet":"max-snippet:-1","max-image-preview":"max-image-preview:large","max-video-preview":"max-video-preview:-1"},"canonical":"https:\/\/blog.proclima.com\/ch\/2015\/11\/13\/pm-solitex-weldano\/","og_locale":"de_DE","og_type":"article","og_title":"Schlagregendicht, reissfest, homogen verschweissbar: die neue Unterdachbahn SOLITEX WELDANO f\u00fcr extreme Situationen - pro clima Schweiz","og_description":"Das neue pro clima Unterdachsystem SOLITEX WELDANO verbessert die fachgerechte, sichere Ausf\u00fchrung von Unterd\u00e4chern. Die SOLITEX WELDANO ist mit zwei monolithischen Funktionsschichten ausgestattet. Dadurch ist ...","og_url":"https:\/\/blog.proclima.com\/ch\/2015\/11\/13\/pm-solitex-weldano\/","og_site_name":"pro clima Schweiz","article_published_time":"2015-11-13T10:35:42+00:00","article_modified_time":"2015-11-13T10:53:14+00:00","og_image":[{"url":"http:\/\/blog.proclima.com\/ch\/files\/2015\/11\/p_solitex_weldano_5819_900x900px_rgb.jpg","type":"","width":"","height":""}],"author":"Julia Metzger","twitter_card":"summary_large_image","twitter_misc":{"Verfasst von":"Julia Metzger","Gesch\u00e4tzte Lesezeit":"2\u00a0Minuten"},"schema":{"@context":"https:\/\/schema.org","@graph":[{"@type":"Article","@id":"https:\/\/blog.proclima.com\/ch\/2015\/11\/13\/pm-solitex-weldano\/#article","isPartOf":{"@id":"https:\/\/blog.proclima.com\/ch\/2015\/11\/13\/pm-solitex-weldano\/"},"author":{"name":"Julia Metzger","@id":"https:\/\/blog.proclima.com\/ch\/#\/schema\/person\/2cc86d57b4e91b6c23ab77b2ada44b16"},"headline":"Schlagregendicht, reissfest, homogen verschweissbar: die neue Unterdachbahn SOLITEX WELDANO f\u00fcr extreme Situationen","datePublished":"2015-11-13T10:35:42+00:00","dateModified":"2015-11-13T10:53:14+00:00","mainEntityOfPage":{"@id":"https:\/\/blog.proclima.com\/ch\/2015\/11\/13\/pm-solitex-weldano\/"},"wordCount":376,"commentCount":0,"publisher":{"@id":"https:\/\/blog.proclima.com\/ch\/#organization"},"image":{"@id":"https:\/\/blog.proclima.com\/ch\/2015\/11\/13\/pm-solitex-weldano\/#primaryimage"},"thumbnailUrl":"http:\/\/blog.proclima.com\/ch\/files\/2015\/11\/p_solitex_weldano_5819_900x900px_rgb.jpg","keywords":["Neuheiten","Produkte","Solitex weldano","weldano","Weldano System"],"articleSection":["Pressemitteilung"],"inLanguage":"de","potentialAction":[{"@type":"CommentAction","name":"Comment","target":["https:\/\/blog.proclima.com\/ch\/2015\/11\/13\/pm-solitex-weldano\/#respond"]}]},{"@type":"WebPage","@id":"https:\/\/blog.proclima.com\/ch\/2015\/11\/13\/pm-solitex-weldano\/","url":"https:\/\/blog.proclima.com\/ch\/2015\/11\/13\/pm-solitex-weldano\/","name":"Schlagregendicht, reissfest, homogen verschweissbar: die neue Unterdachbahn SOLITEX WELDANO f\u00fcr extreme Situationen - pro clima Schweiz","isPartOf":{"@id":"https:\/\/blog.proclima.com\/ch\/#website"},"primaryImageOfPage":{"@id":"https:\/\/blog.proclima.com\/ch\/2015\/11\/13\/pm-solitex-weldano\/#primaryimage"},"image":{"@id":"https:\/\/blog.proclima.com\/ch\/2015\/11\/13\/pm-solitex-weldano\/#primaryimage"},"thumbnailUrl":"http:\/\/blog.proclima.com\/ch\/files\/2015\/11\/p_solitex_weldano_5819_900x900px_rgb.jpg","datePublished":"2015-11-13T10:35:42+00:00","dateModified":"2015-11-13T10:53:14+00:00","breadcrumb":{"@id":"https:\/\/blog.proclima.com\/ch\/2015\/11\/13\/pm-solitex-weldano\/#breadcrumb"},"inLanguage":"de","potentialAction":[{"@type":"ReadAction","target":["https:\/\/blog.proclima.com\/ch\/2015\/11\/13\/pm-solitex-weldano\/"]}]},{"@type":"ImageObject","inLanguage":"de","@id":"https:\/\/blog.proclima.com\/ch\/2015\/11\/13\/pm-solitex-weldano\/#primaryimage","url":"http:\/\/blog.proclima.com\/ch\/files\/2015\/11\/p_solitex_weldano_5819_900x900px_rgb.jpg","contentUrl":"http:\/\/blog.proclima.com\/ch\/files\/2015\/11\/p_solitex_weldano_5819_900x900px_rgb.jpg"},{"@type":"BreadcrumbList","@id":"https:\/\/blog.proclima.com\/ch\/2015\/11\/13\/pm-solitex-weldano\/#breadcrumb","itemListElement":[{"@type":"ListItem","position":1,"name":"Startseite","item":"https:\/\/blog.proclima.com\/ch\/"},{"@type":"ListItem","position":2,"name":"Schlagregendicht, reissfest, homogen verschweissbar: die neue Unterdachbahn SOLITEX WELDANO f\u00fcr extreme Situationen"}]},{"@type":"WebSite","@id":"https:\/\/blog.proclima.com\/ch\/#website","url":"https:\/\/blog.proclima.com\/ch\/","name":"pro clima Schweiz","description":"das Blog","publisher":{"@id":"https:\/\/blog.proclima.com\/ch\/#organization"},"potentialAction":[{"@type":"SearchAction","target":{"@type":"EntryPoint","urlTemplate":"https:\/\/blog.proclima.com\/ch\/?s={search_term_string}"},"query-input":{"@type":"PropertyValueSpecification","valueRequired":true,"valueName":"search_term_string"}}],"inLanguage":"de"},{"@type":"Organization","@id":"https:\/\/blog.proclima.com\/ch\/#organization","name":"pro clima Schweiz","url":"https:\/\/blog.proclima.com\/ch\/","logo":{"@type":"ImageObject","inLanguage":"de","@id":"https:\/\/blog.proclima.com\/ch\/#\/schema\/logo\/image\/","url":"https:\/\/blog.proclima.com\/ch\/files\/2025\/12\/logo_proclima_quadrat.png","contentUrl":"https:\/\/blog.proclima.com\/ch\/files\/2025\/12\/logo_proclima_quadrat.png","width":1200,"height":1200,"caption":"pro clima Schweiz"},"image":{"@id":"https:\/\/blog.proclima.com\/ch\/#\/schema\/logo\/image\/"}},{"@type":"Person","@id":"https:\/\/blog.proclima.com\/ch\/#\/schema\/person\/2cc86d57b4e91b6c23ab77b2ada44b16","name":"Julia Metzger","image":{"@type":"ImageObject","inLanguage":"de","@id":"https:\/\/secure.gravatar.com\/avatar\/ebe3faa71c6c282123235ab4d03f9d3eb74ca98f95f4d577b0a868da8fb88f2d?s=96&d=blank&r=g","url":"https:\/\/secure.gravatar.com\/avatar\/ebe3faa71c6c282123235ab4d03f9d3eb74ca98f95f4d577b0a868da8fb88f2d?s=96&d=blank&r=g","contentUrl":"https:\/\/secure.gravatar.com\/avatar\/ebe3faa71c6c282123235ab4d03f9d3eb74ca98f95f4d577b0a868da8fb88f2d?s=96&d=blank&r=g","caption":"Julia Metzger"},"url":"https:\/\/blog.proclima.com\/ch\/author\/metzger\/"}]}},"_links":{"self":[{"href":"https:\/\/blog.proclima.com\/ch\/wp-json\/wp\/v2\/posts\/1684","targetHints":{"allow":["GET"]}}],"collection":[{"href":"https:\/\/blog.proclima.com\/ch\/wp-json\/wp\/v2\/posts"}],"about":[{"href":"https:\/\/blog.proclima.com\/ch\/wp-json\/wp\/v2\/types\/post"}],"author":[{"embeddable":true,"href":"https:\/\/blog.proclima.com\/ch\/wp-json\/wp\/v2\/users\/17"}],"replies":[{"embeddable":true,"href":"https:\/\/blog.proclima.com\/ch\/wp-json\/wp\/v2\/comments?post=1684"}],"version-history":[{"count":13,"href":"https:\/\/blog.proclima.com\/ch\/wp-json\/wp\/v2\/posts\/1684\/revisions"}],"predecessor-version":[{"id":1697,"href":"https:\/\/blog.proclima.com\/ch\/wp-json\/wp\/v2\/posts\/1684\/revisions\/1697"}],"wp:attachment":[{"href":"https:\/\/blog.proclima.com\/ch\/wp-json\/wp\/v2\/media?parent=1684"}],"wp:term":[{"taxonomy":"category","embeddable":true,"href":"https:\/\/blog.proclima.com\/ch\/wp-json\/wp\/v2\/categories?post=1684"},{"taxonomy":"post_tag","embeddable":true,"href":"https:\/\/blog.proclima.com\/ch\/wp-json\/wp\/v2\/tags?post=1684"}],"curies":[{"name":"wp","href":"https:\/\/api.w.org\/{rel}","templated":true}]}}