
{"id":1185,"date":"2014-02-22T13:52:06","date_gmt":"2014-02-22T12:52:06","guid":{"rendered":"http:\/\/blog.proclima.com\/ch\/?p=1185"},"modified":"2014-04-22T13:58:15","modified_gmt":"2014-04-22T11:58:15","slug":"dachholz-2014-viele-fragen-zu-sanierungen-und-sicheren-flachdaechern","status":"publish","type":"post","link":"https:\/\/blog.proclima.com\/ch\/2014\/02\/22\/dachholz-2014-viele-fragen-zu-sanierungen-und-sicheren-flachdaechern\/","title":{"rendered":"Dach+Holz 2014: Viele Fragen zu Sanierungen und sicheren Flachd\u00e4chern"},"content":{"rendered":"<p><a href=\"http:\/\/blog.proclima.com\/de\/files\/2014\/02\/DSC_0948.jpg\"><img loading=\"lazy\" decoding=\"async\" class=\"alignleft\" alt=\"Viele Besucher interessierten sich f\u00fcr die Sanierungsl\u00f6sungen. \" src=\"http:\/\/blog.proclima.com\/de\/files\/2014\/02\/DSC_0948-300x200.jpg\" width=\"300\" height=\"200\" \/><\/a>K\u00f6ln\/Schwetzingen \u2013 Mit dem richtigen Wissen kann eine Flachdachkonstruktion dauerhaft sicher geplant und gebaut werden. Wie dies genau funktioniert, welche Randbedingungen einzuhalten sind und was bei Konstruktion und Ausf\u00fchrung zu beachten ist \u2013 das haben die pro clima Anwendungstechniker auf der Dach+Holz 2014 in K\u00f6ln an einem Modell gezeigt und erkl\u00e4rt: \u201eWer unsicher ist, kann hierzu auch die pro clima Technik-Hotline konsultieren. Unsere Ingenieure untersuchen die Konstruktion und geben diese dann frei\u201c, sagt Architekt Oliver Goldau, der den pro clima Messestand konzipiert und dort in den vergangenen vier Tagen in Halle 7 beraten hat.<\/p>\n<p>Der pro clima Stand war w\u00e4hrend der Messe sehr gut besucht. Die Zimmerer, Dachdecker, Schreiner, Planer, Architekten und Energieberater interessierten sich vor allem f\u00fcr neue Sanierungsl\u00f6sungen. \u201eViele H\u00e4user in Deutschland sind nicht mehr auf einem aktuellen energetischen Stand. Da die Kosten f\u00fcr Heizung und Strom stetig steigen und das Umweltbewusstsein w\u00e4chst, wollen viele Besitzer ihre H\u00e4user sanieren. Die meisten fangen hier beim Dach an\u201c, erkl\u00e4rt Architekt Goldau. Daher fragten die Verarbeiter und Planer vor allem nach, welche Dachsanierungsm\u00f6glichkeiten besonders schnell und sicher sind. \u201eUnser Motto ist: Sanieren, wie ich will. Daher bieten wir verschiedene Systeme an: Die bauphyiskalisch sicherste L\u00f6sung (Sub-and-Top-Verlegung) und Systeme, die optimal einfache Verarbeitung mit sicherer Funktion verbinden (Plano-Verlegung).\u201c <img decoding=\"async\" title=\"Weiterlesen \u2026\" alt=\"\" src=\"http:\/\/blog.proclima.com\/de\/wp-includes\/js\/tinymce\/plugins\/wordpress\/img\/trans.gif\" \/><br \/>\nDie pro clima Dachsanierungsl\u00f6sungen:<\/p>\n<ul>\n<li>DASATOP<br \/>\n<a href=\"https:\/\/de.proclima.com\/produkte\/dichtung-innen\/dasatop\" target=\"_blank\">https:\/\/de.proclima.com\/produkte\/dichtung-innen\/dasatop<\/a><\/li>\n<li>DASAPLANO 0,50<br \/>\n<a href=\"https:\/\/de.proclima.com\/produkte\/dichtung-innen\/dasatop\" target=\"_blank\">https:\/\/de.proclima.com\/produkte\/dichtung-innen\/dasaplano-050-connect<\/a><\/li>\n<li>DASAPLANO 0,01<br \/>\n<a href=\"https:\/\/de.proclima.com\/produkte\/dichtung-innen\/dasaplano-001-connect\" target=\"_blank\">https:\/\/de.proclima.com\/produkte\/dichtung-innen\/dasaplano-001-connect<\/a><\/li>\n<\/ul>\n<p><strong>Was gibt\u2019s Neues bei pro clima? Anwendungstechniker Jens L\u00fcder Herms zeigt und erkl\u00e4rt die Neuheiten 2014:<\/strong><br \/>\n<a href=\"http:\/\/procli.ma\/1tw\" target=\"_blank\">http:\/\/procli.ma\/1tw<\/a><\/p>\n<p><strong>Wie ist der pro clima Messestand konzipiert? Hier ein Video dazu:<\/strong><br \/>\n<a href=\"http:\/\/procli.ma\/1tv\" target=\"_blank\">http:\/\/procli.ma\/1tv<\/a><\/p>\n<p><strong>&#8222;7 goldenen Regeln f\u00fcr ein nachweisfreies Flachdach&#8220; aufgelistet in der Bauphysik-Studie im WISSEN Wiki:<\/strong><br \/>\n<a href=\"http:\/\/www.wissenwiki.de\/Bauphysik_Studie\" target=\"_blank\">http:\/\/www.wissenwiki.de\/Bauphysik_Studie<\/a><\/p>\n<p><strong>Kontakt zur Technik-Hotline:<\/strong><br \/>\n<a href=\"https:\/\/de.proclima.com\/service\/technikhotline\" target=\"_blank\">https:\/\/de.proclima.com\/service\/technikhotline<\/a><\/p>\n<p><em>Weitere Fotos und Texte zur Dach+Holz 2014:<\/em><\/p>\n<ul>\n<li>Dach+Holz 2014: Erster emissionsgepr\u00fcfter Dachaufbau: Wohngesundes System mit Luftdichtung von pro clima\/ Neue Online-Plattform f\u00fcr schadstoffgepr\u00fcfte Bauprodukte<br \/>\n<a href=\"http:\/\/blog.proclima.com\/de\/2014\/02\/dachaufbau-wohngesund\/\" target=\"_blank\">http:\/\/blog.proclima.com\/de\/2014\/02\/dachaufbau-wohngesund\/<\/a><\/li>\n<li>Neues Planungs- und Sanierungshandbuch zur perfekten Dichtung der Geb\u00e4udeh\u00fclle: pro clima WISSEN 2014\/15 ab sofort verf\u00fcgbar<br \/>\n<a href=\"http:\/\/blog.proclima.com\/de\/2014\/02\/wissen-2014-2015\/\" target=\"_blank\">http:\/\/blog.proclima.com\/de\/2014\/02\/wissen-2014-2015\/<\/a><\/li>\n<li>Neue dehnbare und stark haftende Anschluss- und Absperrb\u00e4nder aus Butyl f\u00fcr die Unterfensterbank\/Verarbeitungs-Demonstration auf der Dach+Holz in Halle 7, Stand 7.603<br \/>\n<a href=\"http:\/\/blog.proclima.com\/de\/2014\/02\/dach-holz-extoseal\/\" target=\"_blank\">http:\/\/blog.proclima.com\/de\/2014\/02\/dach-holz-extoseal\/<\/a><\/li>\n<li>Neue Produkte und Beispiele aus der Praxis zur Luft- und Winddichtung: pro clima ber\u00e4t und pr\u00e4sentiert auf der DACH+HOLZ in Halle 7, Stand 7.603 + Vorstellung des neuen Planungs- und Sanierungshandbuches<br \/>\n<a href=\"http:\/\/blog.proclima.com\/de\/2014\/02\/dach-holz-2014-koeln\/\" target=\"_blank\">http:\/\/blog.proclima.com\/de\/2014\/02\/dach-holz-2014-koeln\/<\/a><\/li>\n<\/ul>\n<p><em>pro clima ist die Luft-und Winddichtungsmarke der Firma Moll bau\u00f6kologische Produkte GmbH.\u00a0 MOLL ein Unternehmen aus S\u00fcddeutschland, das sich auf die Dichtung der Geb\u00e4udeh\u00fclle spezialisiert hat. Mit Hauptsitz in Schwetzingen (Baden-W\u00fcrttemberg) entwickelt und produziert die Firma Systeme f\u00fcr W\u00e4rmed\u00e4mmkonstruktionen. Dazu geh\u00f6ren: Luftdichtung innen mit Feuchtemanagement durch feuchtevariable Dampfbremsen, Winddichtung au\u00dfen mit aktivem Feuchtetransport\u00a0 (Unterspann- und Unterdeckbahnen, Wandschalungsbahnen), Anschlusskleber, Klebeb\u00e4nder und Detaill\u00f6sungen mit Manschetten.\u00a0 Unter der Marke pro clima ist die Firma seit 20 Jahren in mehr als 35 L\u00e4ndern weltweit aktiv.<\/em><\/p>\n<p><em><strong>\u00dcber die DACH+HOLZ International<\/strong><\/em><br \/>\n<em>Die DACH+HOLZ International ist f\u00fcr das Dachdecker- und Zimmererhandwerk konzipiert. Die Messe findet alle zwei Jahre statt. Auf der DACH+HOLZ stellen Hersteller und Dienstleister zu Themen wie Holzbau und Ausbau, Dach-, Wand- und Abdichtungs- sowie Klempnertechnik aus.\u00a0 Tr\u00e4ger der DACH+HOLZ sind der Zentralverband des deutschen Dachdeckerhandwerks und Holzbau Deutschland \u2013 Bund Deutscher Zimmermeister im Zentralverband des Deutschen Baugewerbes.<\/em><br \/>\n<em>Mehr zur DACH+HOLZ: <a href=\"http:\/\/procli.ma\/1po\" target=\"_blank\">http:\/\/procli.ma\/1po<\/a><\/em><\/p>\n","protected":false},"excerpt":{"rendered":"<p>K\u00f6ln\/Schwetzingen \u2013 Mit dem richtigen Wissen kann eine Flachdachkonstruktion dauerhaft sicher geplant und gebaut werden. Wie dies genau funktioniert, welche Randbedingungen einzuhalten sind und was <a href=\"https:\/\/blog.proclima.com\/ch\/2014\/02\/22\/dachholz-2014-viele-fragen-zu-sanierungen-und-sicheren-flachdaechern\/\" rel=\"bookmark\">&#8230;<\/a><\/p>\n","protected":false},"author":18,"featured_media":0,"comment_status":"open","ping_status":"open","sticky":false,"template":"","format":"standard","meta":{"footnotes":""},"categories":[1],"tags":[],"class_list":["post-1185","post","type-post","status-publish","format-standard","hentry","category-allgemein"],"yoast_head":"<!-- This site is optimized with the Yoast SEO plugin v27.5 - https:\/\/yoast.com\/product\/yoast-seo-wordpress\/ -->\n<title>Dach+Holz 2014: Viele Fragen zu Sanierungen und sicheren Flachd\u00e4chern  - pro clima Schweiz<\/title>\n<meta name=\"robots\" content=\"index, follow, max-snippet:-1, max-image-preview:large, max-video-preview:-1\" \/>\n<link rel=\"canonical\" href=\"https:\/\/blog.proclima.com\/ch\/2014\/02\/22\/dachholz-2014-viele-fragen-zu-sanierungen-und-sicheren-flachdaechern\/\" \/>\n<meta property=\"og:locale\" content=\"de_DE\" \/>\n<meta property=\"og:type\" content=\"article\" \/>\n<meta property=\"og:title\" content=\"Dach+Holz 2014: Viele Fragen zu Sanierungen und sicheren Flachd\u00e4chern  - pro clima Schweiz\" \/>\n<meta property=\"og:description\" content=\"K\u00f6ln\/Schwetzingen \u2013 Mit dem richtigen Wissen kann eine Flachdachkonstruktion dauerhaft sicher geplant und gebaut werden. Wie dies genau funktioniert, welche Randbedingungen einzuhalten sind und was ...\" \/>\n<meta property=\"og:url\" content=\"https:\/\/blog.proclima.com\/ch\/2014\/02\/22\/dachholz-2014-viele-fragen-zu-sanierungen-und-sicheren-flachdaechern\/\" \/>\n<meta property=\"og:site_name\" content=\"pro clima Schweiz\" \/>\n<meta property=\"article:published_time\" content=\"2014-02-22T12:52:06+00:00\" \/>\n<meta property=\"article:modified_time\" content=\"2014-04-22T11:58:15+00:00\" \/>\n<meta property=\"og:image\" content=\"http:\/\/blog.proclima.com\/de\/files\/2014\/02\/DSC_0948-300x200.jpg\" \/>\n<meta name=\"author\" content=\"Heide Merkel\" \/>\n<meta name=\"twitter:card\" content=\"summary_large_image\" \/>\n<meta name=\"twitter:label1\" content=\"Verfasst von\" \/>\n\t<meta name=\"twitter:data1\" content=\"Heide Merkel\" \/>\n\t<meta name=\"twitter:label2\" content=\"Gesch\u00e4tzte Lesezeit\" \/>\n\t<meta name=\"twitter:data2\" content=\"3\u00a0Minuten\" \/>\n<script type=\"application\/ld+json\" class=\"yoast-schema-graph\">{\"@context\":\"https:\\\/\\\/schema.org\",\"@graph\":[{\"@type\":\"Article\",\"@id\":\"https:\\\/\\\/blog.proclima.com\\\/ch\\\/2014\\\/02\\\/22\\\/dachholz-2014-viele-fragen-zu-sanierungen-und-sicheren-flachdaechern\\\/#article\",\"isPartOf\":{\"@id\":\"https:\\\/\\\/blog.proclima.com\\\/ch\\\/2014\\\/02\\\/22\\\/dachholz-2014-viele-fragen-zu-sanierungen-und-sicheren-flachdaechern\\\/\"},\"author\":{\"name\":\"Heide Merkel\",\"@id\":\"https:\\\/\\\/blog.proclima.com\\\/ch\\\/#\\\/schema\\\/person\\\/b3490e20200d5d45b8d56f555ceffc21\"},\"headline\":\"Dach+Holz 2014: Viele Fragen zu Sanierungen und sicheren Flachd\u00e4chern\",\"datePublished\":\"2014-02-22T12:52:06+00:00\",\"dateModified\":\"2014-04-22T11:58:15+00:00\",\"mainEntityOfPage\":{\"@id\":\"https:\\\/\\\/blog.proclima.com\\\/ch\\\/2014\\\/02\\\/22\\\/dachholz-2014-viele-fragen-zu-sanierungen-und-sicheren-flachdaechern\\\/\"},\"wordCount\":617,\"commentCount\":0,\"publisher\":{\"@id\":\"https:\\\/\\\/blog.proclima.com\\\/ch\\\/#organization\"},\"image\":{\"@id\":\"https:\\\/\\\/blog.proclima.com\\\/ch\\\/2014\\\/02\\\/22\\\/dachholz-2014-viele-fragen-zu-sanierungen-und-sicheren-flachdaechern\\\/#primaryimage\"},\"thumbnailUrl\":\"http:\\\/\\\/blog.proclima.com\\\/de\\\/files\\\/2014\\\/02\\\/DSC_0948-300x200.jpg\",\"inLanguage\":\"de\",\"potentialAction\":[{\"@type\":\"CommentAction\",\"name\":\"Comment\",\"target\":[\"https:\\\/\\\/blog.proclima.com\\\/ch\\\/2014\\\/02\\\/22\\\/dachholz-2014-viele-fragen-zu-sanierungen-und-sicheren-flachdaechern\\\/#respond\"]}]},{\"@type\":\"WebPage\",\"@id\":\"https:\\\/\\\/blog.proclima.com\\\/ch\\\/2014\\\/02\\\/22\\\/dachholz-2014-viele-fragen-zu-sanierungen-und-sicheren-flachdaechern\\\/\",\"url\":\"https:\\\/\\\/blog.proclima.com\\\/ch\\\/2014\\\/02\\\/22\\\/dachholz-2014-viele-fragen-zu-sanierungen-und-sicheren-flachdaechern\\\/\",\"name\":\"Dach+Holz 2014: Viele Fragen zu Sanierungen und sicheren Flachd\u00e4chern - pro clima Schweiz\",\"isPartOf\":{\"@id\":\"https:\\\/\\\/blog.proclima.com\\\/ch\\\/#website\"},\"primaryImageOfPage\":{\"@id\":\"https:\\\/\\\/blog.proclima.com\\\/ch\\\/2014\\\/02\\\/22\\\/dachholz-2014-viele-fragen-zu-sanierungen-und-sicheren-flachdaechern\\\/#primaryimage\"},\"image\":{\"@id\":\"https:\\\/\\\/blog.proclima.com\\\/ch\\\/2014\\\/02\\\/22\\\/dachholz-2014-viele-fragen-zu-sanierungen-und-sicheren-flachdaechern\\\/#primaryimage\"},\"thumbnailUrl\":\"http:\\\/\\\/blog.proclima.com\\\/de\\\/files\\\/2014\\\/02\\\/DSC_0948-300x200.jpg\",\"datePublished\":\"2014-02-22T12:52:06+00:00\",\"dateModified\":\"2014-04-22T11:58:15+00:00\",\"breadcrumb\":{\"@id\":\"https:\\\/\\\/blog.proclima.com\\\/ch\\\/2014\\\/02\\\/22\\\/dachholz-2014-viele-fragen-zu-sanierungen-und-sicheren-flachdaechern\\\/#breadcrumb\"},\"inLanguage\":\"de\",\"potentialAction\":[{\"@type\":\"ReadAction\",\"target\":[\"https:\\\/\\\/blog.proclima.com\\\/ch\\\/2014\\\/02\\\/22\\\/dachholz-2014-viele-fragen-zu-sanierungen-und-sicheren-flachdaechern\\\/\"]}]},{\"@type\":\"ImageObject\",\"inLanguage\":\"de\",\"@id\":\"https:\\\/\\\/blog.proclima.com\\\/ch\\\/2014\\\/02\\\/22\\\/dachholz-2014-viele-fragen-zu-sanierungen-und-sicheren-flachdaechern\\\/#primaryimage\",\"url\":\"http:\\\/\\\/blog.proclima.com\\\/de\\\/files\\\/2014\\\/02\\\/DSC_0948-300x200.jpg\",\"contentUrl\":\"http:\\\/\\\/blog.proclima.com\\\/de\\\/files\\\/2014\\\/02\\\/DSC_0948-300x200.jpg\"},{\"@type\":\"BreadcrumbList\",\"@id\":\"https:\\\/\\\/blog.proclima.com\\\/ch\\\/2014\\\/02\\\/22\\\/dachholz-2014-viele-fragen-zu-sanierungen-und-sicheren-flachdaechern\\\/#breadcrumb\",\"itemListElement\":[{\"@type\":\"ListItem\",\"position\":1,\"name\":\"Startseite\",\"item\":\"https:\\\/\\\/blog.proclima.com\\\/ch\\\/\"},{\"@type\":\"ListItem\",\"position\":2,\"name\":\"Dach+Holz 2014: Viele Fragen zu Sanierungen und sicheren Flachd\u00e4chern\"}]},{\"@type\":\"WebSite\",\"@id\":\"https:\\\/\\\/blog.proclima.com\\\/ch\\\/#website\",\"url\":\"https:\\\/\\\/blog.proclima.com\\\/ch\\\/\",\"name\":\"pro clima Schweiz\",\"description\":\"das Blog\",\"publisher\":{\"@id\":\"https:\\\/\\\/blog.proclima.com\\\/ch\\\/#organization\"},\"potentialAction\":[{\"@type\":\"SearchAction\",\"target\":{\"@type\":\"EntryPoint\",\"urlTemplate\":\"https:\\\/\\\/blog.proclima.com\\\/ch\\\/?s={search_term_string}\"},\"query-input\":{\"@type\":\"PropertyValueSpecification\",\"valueRequired\":true,\"valueName\":\"search_term_string\"}}],\"inLanguage\":\"de\"},{\"@type\":\"Organization\",\"@id\":\"https:\\\/\\\/blog.proclima.com\\\/ch\\\/#organization\",\"name\":\"pro clima Schweiz\",\"url\":\"https:\\\/\\\/blog.proclima.com\\\/ch\\\/\",\"logo\":{\"@type\":\"ImageObject\",\"inLanguage\":\"de\",\"@id\":\"https:\\\/\\\/blog.proclima.com\\\/ch\\\/#\\\/schema\\\/logo\\\/image\\\/\",\"url\":\"https:\\\/\\\/blog.proclima.com\\\/ch\\\/files\\\/2025\\\/12\\\/logo_proclima_quadrat.png\",\"contentUrl\":\"https:\\\/\\\/blog.proclima.com\\\/ch\\\/files\\\/2025\\\/12\\\/logo_proclima_quadrat.png\",\"width\":1200,\"height\":1200,\"caption\":\"pro clima Schweiz\"},\"image\":{\"@id\":\"https:\\\/\\\/blog.proclima.com\\\/ch\\\/#\\\/schema\\\/logo\\\/image\\\/\"}},{\"@type\":\"Person\",\"@id\":\"https:\\\/\\\/blog.proclima.com\\\/ch\\\/#\\\/schema\\\/person\\\/b3490e20200d5d45b8d56f555ceffc21\",\"name\":\"Heide Merkel\",\"image\":{\"@type\":\"ImageObject\",\"inLanguage\":\"de\",\"@id\":\"https:\\\/\\\/secure.gravatar.com\\\/avatar\\\/a4a1c909701780173c0b7a635fb539f21128c8d654b77311c92e724657788582?s=96&d=blank&r=g\",\"url\":\"https:\\\/\\\/secure.gravatar.com\\\/avatar\\\/a4a1c909701780173c0b7a635fb539f21128c8d654b77311c92e724657788582?s=96&d=blank&r=g\",\"contentUrl\":\"https:\\\/\\\/secure.gravatar.com\\\/avatar\\\/a4a1c909701780173c0b7a635fb539f21128c8d654b77311c92e724657788582?s=96&d=blank&r=g\",\"caption\":\"Heide Merkel\"},\"description\":\"Fachjournalistin, Referentin, Steuerung Presse &amp; Digitale Medien bei Moll bau\u00f6kologische Produkte GmbH (pro clima). Als Japanologin und ausgebildete Redakteurin ist Heide eher zuf\u00e4llig in der Baubranche gelandet. Seit 2011 arbeitet sie f\u00fcr pro clima. Ihr Wissen zu effektiver Kommunikation gibt sie in Seminaren, Artikeln und Vortr\u00e4gen weiter. F\u00fcr den pro clima Blog, proclima.tv und das pro clima Bauradio interviewt sie interessante Menschen aus der Baubranche. Auf\u00a0 luftdichtheit-gepr\u00fcft.de bloggt Heide \u00fcber Leckagen, Luftdichtung und Qualit\u00e4ts\u00fcberpr\u00fcfung mit Blower-Door-Tests. Ihre Freizeit verbringt sie u.a. in den Vogesen, wo sie seit mehr als f\u00fcnf Jahren ein altes Bauernhaus saniert. Ihr neuestes Projekt:\u00a0 www.besser-als-marketing.de Hier gibt es Tipps, wie Unternehmen in der Baubranche ihre Sichtbarkeit erh\u00f6hen k\u00f6nnen. Die ersten Videos sind bereits online im Youtube Channel Wer mehr \u00fcber Heide Merkel erfahren m\u00f6chte, findet sie auf den g\u00e4ngigen Social Media Plattformen.\",\"url\":\"https:\\\/\\\/blog.proclima.com\\\/ch\\\/author\\\/gentner\\\/\"}]}<\/script>\n<!-- \/ Yoast SEO plugin. -->","yoast_head_json":{"title":"Dach+Holz 2014: Viele Fragen zu Sanierungen und sicheren Flachd\u00e4chern  - pro clima Schweiz","robots":{"index":"index","follow":"follow","max-snippet":"max-snippet:-1","max-image-preview":"max-image-preview:large","max-video-preview":"max-video-preview:-1"},"canonical":"https:\/\/blog.proclima.com\/ch\/2014\/02\/22\/dachholz-2014-viele-fragen-zu-sanierungen-und-sicheren-flachdaechern\/","og_locale":"de_DE","og_type":"article","og_title":"Dach+Holz 2014: Viele Fragen zu Sanierungen und sicheren Flachd\u00e4chern  - pro clima Schweiz","og_description":"K\u00f6ln\/Schwetzingen \u2013 Mit dem richtigen Wissen kann eine Flachdachkonstruktion dauerhaft sicher geplant und gebaut werden. Wie dies genau funktioniert, welche Randbedingungen einzuhalten sind und was ...","og_url":"https:\/\/blog.proclima.com\/ch\/2014\/02\/22\/dachholz-2014-viele-fragen-zu-sanierungen-und-sicheren-flachdaechern\/","og_site_name":"pro clima Schweiz","article_published_time":"2014-02-22T12:52:06+00:00","article_modified_time":"2014-04-22T11:58:15+00:00","og_image":[{"url":"http:\/\/blog.proclima.com\/de\/files\/2014\/02\/DSC_0948-300x200.jpg","type":"","width":"","height":""}],"author":"Heide Merkel","twitter_card":"summary_large_image","twitter_misc":{"Verfasst von":"Heide Merkel","Gesch\u00e4tzte Lesezeit":"3\u00a0Minuten"},"schema":{"@context":"https:\/\/schema.org","@graph":[{"@type":"Article","@id":"https:\/\/blog.proclima.com\/ch\/2014\/02\/22\/dachholz-2014-viele-fragen-zu-sanierungen-und-sicheren-flachdaechern\/#article","isPartOf":{"@id":"https:\/\/blog.proclima.com\/ch\/2014\/02\/22\/dachholz-2014-viele-fragen-zu-sanierungen-und-sicheren-flachdaechern\/"},"author":{"name":"Heide Merkel","@id":"https:\/\/blog.proclima.com\/ch\/#\/schema\/person\/b3490e20200d5d45b8d56f555ceffc21"},"headline":"Dach+Holz 2014: Viele Fragen zu Sanierungen und sicheren Flachd\u00e4chern","datePublished":"2014-02-22T12:52:06+00:00","dateModified":"2014-04-22T11:58:15+00:00","mainEntityOfPage":{"@id":"https:\/\/blog.proclima.com\/ch\/2014\/02\/22\/dachholz-2014-viele-fragen-zu-sanierungen-und-sicheren-flachdaechern\/"},"wordCount":617,"commentCount":0,"publisher":{"@id":"https:\/\/blog.proclima.com\/ch\/#organization"},"image":{"@id":"https:\/\/blog.proclima.com\/ch\/2014\/02\/22\/dachholz-2014-viele-fragen-zu-sanierungen-und-sicheren-flachdaechern\/#primaryimage"},"thumbnailUrl":"http:\/\/blog.proclima.com\/de\/files\/2014\/02\/DSC_0948-300x200.jpg","inLanguage":"de","potentialAction":[{"@type":"CommentAction","name":"Comment","target":["https:\/\/blog.proclima.com\/ch\/2014\/02\/22\/dachholz-2014-viele-fragen-zu-sanierungen-und-sicheren-flachdaechern\/#respond"]}]},{"@type":"WebPage","@id":"https:\/\/blog.proclima.com\/ch\/2014\/02\/22\/dachholz-2014-viele-fragen-zu-sanierungen-und-sicheren-flachdaechern\/","url":"https:\/\/blog.proclima.com\/ch\/2014\/02\/22\/dachholz-2014-viele-fragen-zu-sanierungen-und-sicheren-flachdaechern\/","name":"Dach+Holz 2014: Viele Fragen zu Sanierungen und sicheren Flachd\u00e4chern - pro clima Schweiz","isPartOf":{"@id":"https:\/\/blog.proclima.com\/ch\/#website"},"primaryImageOfPage":{"@id":"https:\/\/blog.proclima.com\/ch\/2014\/02\/22\/dachholz-2014-viele-fragen-zu-sanierungen-und-sicheren-flachdaechern\/#primaryimage"},"image":{"@id":"https:\/\/blog.proclima.com\/ch\/2014\/02\/22\/dachholz-2014-viele-fragen-zu-sanierungen-und-sicheren-flachdaechern\/#primaryimage"},"thumbnailUrl":"http:\/\/blog.proclima.com\/de\/files\/2014\/02\/DSC_0948-300x200.jpg","datePublished":"2014-02-22T12:52:06+00:00","dateModified":"2014-04-22T11:58:15+00:00","breadcrumb":{"@id":"https:\/\/blog.proclima.com\/ch\/2014\/02\/22\/dachholz-2014-viele-fragen-zu-sanierungen-und-sicheren-flachdaechern\/#breadcrumb"},"inLanguage":"de","potentialAction":[{"@type":"ReadAction","target":["https:\/\/blog.proclima.com\/ch\/2014\/02\/22\/dachholz-2014-viele-fragen-zu-sanierungen-und-sicheren-flachdaechern\/"]}]},{"@type":"ImageObject","inLanguage":"de","@id":"https:\/\/blog.proclima.com\/ch\/2014\/02\/22\/dachholz-2014-viele-fragen-zu-sanierungen-und-sicheren-flachdaechern\/#primaryimage","url":"http:\/\/blog.proclima.com\/de\/files\/2014\/02\/DSC_0948-300x200.jpg","contentUrl":"http:\/\/blog.proclima.com\/de\/files\/2014\/02\/DSC_0948-300x200.jpg"},{"@type":"BreadcrumbList","@id":"https:\/\/blog.proclima.com\/ch\/2014\/02\/22\/dachholz-2014-viele-fragen-zu-sanierungen-und-sicheren-flachdaechern\/#breadcrumb","itemListElement":[{"@type":"ListItem","position":1,"name":"Startseite","item":"https:\/\/blog.proclima.com\/ch\/"},{"@type":"ListItem","position":2,"name":"Dach+Holz 2014: Viele Fragen zu Sanierungen und sicheren Flachd\u00e4chern"}]},{"@type":"WebSite","@id":"https:\/\/blog.proclima.com\/ch\/#website","url":"https:\/\/blog.proclima.com\/ch\/","name":"pro clima Schweiz","description":"das Blog","publisher":{"@id":"https:\/\/blog.proclima.com\/ch\/#organization"},"potentialAction":[{"@type":"SearchAction","target":{"@type":"EntryPoint","urlTemplate":"https:\/\/blog.proclima.com\/ch\/?s={search_term_string}"},"query-input":{"@type":"PropertyValueSpecification","valueRequired":true,"valueName":"search_term_string"}}],"inLanguage":"de"},{"@type":"Organization","@id":"https:\/\/blog.proclima.com\/ch\/#organization","name":"pro clima Schweiz","url":"https:\/\/blog.proclima.com\/ch\/","logo":{"@type":"ImageObject","inLanguage":"de","@id":"https:\/\/blog.proclima.com\/ch\/#\/schema\/logo\/image\/","url":"https:\/\/blog.proclima.com\/ch\/files\/2025\/12\/logo_proclima_quadrat.png","contentUrl":"https:\/\/blog.proclima.com\/ch\/files\/2025\/12\/logo_proclima_quadrat.png","width":1200,"height":1200,"caption":"pro clima Schweiz"},"image":{"@id":"https:\/\/blog.proclima.com\/ch\/#\/schema\/logo\/image\/"}},{"@type":"Person","@id":"https:\/\/blog.proclima.com\/ch\/#\/schema\/person\/b3490e20200d5d45b8d56f555ceffc21","name":"Heide Merkel","image":{"@type":"ImageObject","inLanguage":"de","@id":"https:\/\/secure.gravatar.com\/avatar\/a4a1c909701780173c0b7a635fb539f21128c8d654b77311c92e724657788582?s=96&d=blank&r=g","url":"https:\/\/secure.gravatar.com\/avatar\/a4a1c909701780173c0b7a635fb539f21128c8d654b77311c92e724657788582?s=96&d=blank&r=g","contentUrl":"https:\/\/secure.gravatar.com\/avatar\/a4a1c909701780173c0b7a635fb539f21128c8d654b77311c92e724657788582?s=96&d=blank&r=g","caption":"Heide Merkel"},"description":"Fachjournalistin, Referentin, Steuerung Presse &amp; Digitale Medien bei Moll bau\u00f6kologische Produkte GmbH (pro clima). Als Japanologin und ausgebildete Redakteurin ist Heide eher zuf\u00e4llig in der Baubranche gelandet. Seit 2011 arbeitet sie f\u00fcr pro clima. Ihr Wissen zu effektiver Kommunikation gibt sie in Seminaren, Artikeln und Vortr\u00e4gen weiter. F\u00fcr den pro clima Blog, proclima.tv und das pro clima Bauradio interviewt sie interessante Menschen aus der Baubranche. Auf\u00a0 luftdichtheit-gepr\u00fcft.de bloggt Heide \u00fcber Leckagen, Luftdichtung und Qualit\u00e4ts\u00fcberpr\u00fcfung mit Blower-Door-Tests. Ihre Freizeit verbringt sie u.a. in den Vogesen, wo sie seit mehr als f\u00fcnf Jahren ein altes Bauernhaus saniert. Ihr neuestes Projekt:\u00a0 www.besser-als-marketing.de Hier gibt es Tipps, wie Unternehmen in der Baubranche ihre Sichtbarkeit erh\u00f6hen k\u00f6nnen. Die ersten Videos sind bereits online im Youtube Channel Wer mehr \u00fcber Heide Merkel erfahren m\u00f6chte, findet sie auf den g\u00e4ngigen Social Media Plattformen.","url":"https:\/\/blog.proclima.com\/ch\/author\/gentner\/"}]}},"_links":{"self":[{"href":"https:\/\/blog.proclima.com\/ch\/wp-json\/wp\/v2\/posts\/1185","targetHints":{"allow":["GET"]}}],"collection":[{"href":"https:\/\/blog.proclima.com\/ch\/wp-json\/wp\/v2\/posts"}],"about":[{"href":"https:\/\/blog.proclima.com\/ch\/wp-json\/wp\/v2\/types\/post"}],"author":[{"embeddable":true,"href":"https:\/\/blog.proclima.com\/ch\/wp-json\/wp\/v2\/users\/18"}],"replies":[{"embeddable":true,"href":"https:\/\/blog.proclima.com\/ch\/wp-json\/wp\/v2\/comments?post=1185"}],"version-history":[{"count":2,"href":"https:\/\/blog.proclima.com\/ch\/wp-json\/wp\/v2\/posts\/1185\/revisions"}],"predecessor-version":[{"id":1187,"href":"https:\/\/blog.proclima.com\/ch\/wp-json\/wp\/v2\/posts\/1185\/revisions\/1187"}],"wp:attachment":[{"href":"https:\/\/blog.proclima.com\/ch\/wp-json\/wp\/v2\/media?parent=1185"}],"wp:term":[{"taxonomy":"category","embeddable":true,"href":"https:\/\/blog.proclima.com\/ch\/wp-json\/wp\/v2\/categories?post=1185"},{"taxonomy":"post_tag","embeddable":true,"href":"https:\/\/blog.proclima.com\/ch\/wp-json\/wp\/v2\/tags?post=1185"}],"curies":[{"name":"wp","href":"https:\/\/api.w.org\/{rel}","templated":true}]}}