
{"id":1181,"date":"2014-03-05T13:45:51","date_gmt":"2014-03-05T12:45:51","guid":{"rendered":"http:\/\/blog.proclima.com\/ch\/?p=1181"},"modified":"2014-04-22T13:46:35","modified_gmt":"2014-04-22T11:46:35","slug":"4-internationales-holzbau-forum-am-10-11-04-in-besacon-holzbau-von-heute-fuer-morgen","status":"publish","type":"post","link":"https:\/\/blog.proclima.com\/ch\/2014\/03\/05\/4-internationales-holzbau-forum-am-10-11-04-in-besacon-holzbau-von-heute-fuer-morgen\/","title":{"rendered":"4. Internationales Holzbau-Forum am 10.\/11.04. in Besa\u00e7on: Holzbau von heute f\u00fcr morgen"},"content":{"rendered":"<p><a href=\"http:\/\/www.forum-boisconstruction.com\/pdf\/programme_fbc2014_de.pdf\"><img loading=\"lazy\" decoding=\"async\" class=\"alignleft\" alt=\"screenshot\" src=\"http:\/\/blog.proclima.com\/de\/files\/2014\/03\/screenshot.jpg\" width=\"338\" height=\"239\" \/><\/a>Pr\u00e4chtige Holzbauten, neue Regelwerke und nachhaltige Diskussionen: Beim 4. Internationalen Holzbau-Forum im Besan\u00e7on (Frankreich) werden sich am 10. und 11. April 2014 Wissenschaftler, Hersteller und Praktiker treffen und auf deutsch, franz\u00f6sisch und englisch \u00fcber den aktuellen Stand des Holzbaus diskutieren.<\/p>\n<p>pro clima ist Hauptsponsor und wird mit einem Informationsstand dabei sein<br \/>\nund das neue Planungshandbuch WISSEN 2014\/15 auf deutsch und franz\u00f6sisch \u2013 SAVOIR 2013\/14 \u2013 verteilen.<\/p>\n<p>Weitere Informationen<br \/>\n<a href=\"http:\/\/www.forum-boisconstruction.com\/pdf\/programme_fbc2014_de.pdf\" target=\"_blank\">http:\/\/www.forum-boisconstruction.com\/pdf\/programme_fbc2014_de.pdf<\/a><\/p>\n<p>Das neue WISSEN 2014\/15 kostenfrei bestellen:<br \/>\n<a href=\"https:\/\/de.proclima.com\/service\/wissen\" target=\"_blank\">https:\/\/de.proclima.com\/service\/wissen<\/a><\/p>\n","protected":false},"excerpt":{"rendered":"<p>Pr\u00e4chtige Holzbauten, neue Regelwerke und nachhaltige Diskussionen: Beim 4. Internationalen Holzbau-Forum im Besan\u00e7on (Frankreich) werden sich am 10. und 11. April 2014 Wissenschaftler, Hersteller und <a href=\"https:\/\/blog.proclima.com\/ch\/2014\/03\/05\/4-internationales-holzbau-forum-am-10-11-04-in-besacon-holzbau-von-heute-fuer-morgen\/\" rel=\"bookmark\">&#8230;<\/a><\/p>\n","protected":false},"author":18,"featured_media":0,"comment_status":"open","ping_status":"open","sticky":false,"template":"","format":"standard","meta":{"footnotes":""},"categories":[1],"tags":[],"class_list":["post-1181","post","type-post","status-publish","format-standard","hentry","category-allgemein"],"yoast_head":"<!-- This site is optimized with the Yoast SEO plugin v27.5 - https:\/\/yoast.com\/product\/yoast-seo-wordpress\/ -->\n<title>4. Internationales Holzbau-Forum am 10.\/11.04. in Besa\u00e7on: Holzbau von heute f\u00fcr morgen  - pro clima Schweiz<\/title>\n<meta name=\"robots\" content=\"index, follow, max-snippet:-1, max-image-preview:large, max-video-preview:-1\" \/>\n<link rel=\"canonical\" href=\"https:\/\/blog.proclima.com\/ch\/2014\/03\/05\/4-internationales-holzbau-forum-am-10-11-04-in-besacon-holzbau-von-heute-fuer-morgen\/\" \/>\n<meta property=\"og:locale\" content=\"de_DE\" \/>\n<meta property=\"og:type\" content=\"article\" \/>\n<meta property=\"og:title\" content=\"4. Internationales Holzbau-Forum am 10.\/11.04. in Besa\u00e7on: Holzbau von heute f\u00fcr morgen  - pro clima Schweiz\" \/>\n<meta property=\"og:description\" content=\"Pr\u00e4chtige Holzbauten, neue Regelwerke und nachhaltige Diskussionen: Beim 4. Internationalen Holzbau-Forum im Besan\u00e7on (Frankreich) werden sich am 10. und 11. April 2014 Wissenschaftler, Hersteller und ...\" \/>\n<meta property=\"og:url\" content=\"https:\/\/blog.proclima.com\/ch\/2014\/03\/05\/4-internationales-holzbau-forum-am-10-11-04-in-besacon-holzbau-von-heute-fuer-morgen\/\" \/>\n<meta property=\"og:site_name\" content=\"pro clima Schweiz\" \/>\n<meta property=\"article:published_time\" content=\"2014-03-05T12:45:51+00:00\" \/>\n<meta property=\"article:modified_time\" content=\"2014-04-22T11:46:35+00:00\" \/>\n<meta property=\"og:image\" content=\"http:\/\/blog.proclima.com\/de\/files\/2014\/03\/screenshot.jpg\" \/>\n<meta name=\"author\" content=\"Heide Merkel\" \/>\n<meta name=\"twitter:card\" content=\"summary_large_image\" \/>\n<meta name=\"twitter:label1\" content=\"Verfasst von\" \/>\n\t<meta name=\"twitter:data1\" content=\"Heide Merkel\" \/>\n<script type=\"application\/ld+json\" class=\"yoast-schema-graph\">{\"@context\":\"https:\\\/\\\/schema.org\",\"@graph\":[{\"@type\":\"Article\",\"@id\":\"https:\\\/\\\/blog.proclima.com\\\/ch\\\/2014\\\/03\\\/05\\\/4-internationales-holzbau-forum-am-10-11-04-in-besacon-holzbau-von-heute-fuer-morgen\\\/#article\",\"isPartOf\":{\"@id\":\"https:\\\/\\\/blog.proclima.com\\\/ch\\\/2014\\\/03\\\/05\\\/4-internationales-holzbau-forum-am-10-11-04-in-besacon-holzbau-von-heute-fuer-morgen\\\/\"},\"author\":{\"name\":\"Heide Merkel\",\"@id\":\"https:\\\/\\\/blog.proclima.com\\\/ch\\\/#\\\/schema\\\/person\\\/b3490e20200d5d45b8d56f555ceffc21\"},\"headline\":\"4. Internationales Holzbau-Forum am 10.\\\/11.04. in Besa\u00e7on: Holzbau von heute f\u00fcr morgen\",\"datePublished\":\"2014-03-05T12:45:51+00:00\",\"dateModified\":\"2014-04-22T11:46:35+00:00\",\"mainEntityOfPage\":{\"@id\":\"https:\\\/\\\/blog.proclima.com\\\/ch\\\/2014\\\/03\\\/05\\\/4-internationales-holzbau-forum-am-10-11-04-in-besacon-holzbau-von-heute-fuer-morgen\\\/\"},\"wordCount\":96,\"commentCount\":0,\"publisher\":{\"@id\":\"https:\\\/\\\/blog.proclima.com\\\/ch\\\/#organization\"},\"image\":{\"@id\":\"https:\\\/\\\/blog.proclima.com\\\/ch\\\/2014\\\/03\\\/05\\\/4-internationales-holzbau-forum-am-10-11-04-in-besacon-holzbau-von-heute-fuer-morgen\\\/#primaryimage\"},\"thumbnailUrl\":\"http:\\\/\\\/blog.proclima.com\\\/de\\\/files\\\/2014\\\/03\\\/screenshot.jpg\",\"inLanguage\":\"de\",\"potentialAction\":[{\"@type\":\"CommentAction\",\"name\":\"Comment\",\"target\":[\"https:\\\/\\\/blog.proclima.com\\\/ch\\\/2014\\\/03\\\/05\\\/4-internationales-holzbau-forum-am-10-11-04-in-besacon-holzbau-von-heute-fuer-morgen\\\/#respond\"]}]},{\"@type\":\"WebPage\",\"@id\":\"https:\\\/\\\/blog.proclima.com\\\/ch\\\/2014\\\/03\\\/05\\\/4-internationales-holzbau-forum-am-10-11-04-in-besacon-holzbau-von-heute-fuer-morgen\\\/\",\"url\":\"https:\\\/\\\/blog.proclima.com\\\/ch\\\/2014\\\/03\\\/05\\\/4-internationales-holzbau-forum-am-10-11-04-in-besacon-holzbau-von-heute-fuer-morgen\\\/\",\"name\":\"4. Internationales Holzbau-Forum am 10.\\\/11.04. in Besa\u00e7on: Holzbau von heute f\u00fcr morgen - pro clima Schweiz\",\"isPartOf\":{\"@id\":\"https:\\\/\\\/blog.proclima.com\\\/ch\\\/#website\"},\"primaryImageOfPage\":{\"@id\":\"https:\\\/\\\/blog.proclima.com\\\/ch\\\/2014\\\/03\\\/05\\\/4-internationales-holzbau-forum-am-10-11-04-in-besacon-holzbau-von-heute-fuer-morgen\\\/#primaryimage\"},\"image\":{\"@id\":\"https:\\\/\\\/blog.proclima.com\\\/ch\\\/2014\\\/03\\\/05\\\/4-internationales-holzbau-forum-am-10-11-04-in-besacon-holzbau-von-heute-fuer-morgen\\\/#primaryimage\"},\"thumbnailUrl\":\"http:\\\/\\\/blog.proclima.com\\\/de\\\/files\\\/2014\\\/03\\\/screenshot.jpg\",\"datePublished\":\"2014-03-05T12:45:51+00:00\",\"dateModified\":\"2014-04-22T11:46:35+00:00\",\"breadcrumb\":{\"@id\":\"https:\\\/\\\/blog.proclima.com\\\/ch\\\/2014\\\/03\\\/05\\\/4-internationales-holzbau-forum-am-10-11-04-in-besacon-holzbau-von-heute-fuer-morgen\\\/#breadcrumb\"},\"inLanguage\":\"de\",\"potentialAction\":[{\"@type\":\"ReadAction\",\"target\":[\"https:\\\/\\\/blog.proclima.com\\\/ch\\\/2014\\\/03\\\/05\\\/4-internationales-holzbau-forum-am-10-11-04-in-besacon-holzbau-von-heute-fuer-morgen\\\/\"]}]},{\"@type\":\"ImageObject\",\"inLanguage\":\"de\",\"@id\":\"https:\\\/\\\/blog.proclima.com\\\/ch\\\/2014\\\/03\\\/05\\\/4-internationales-holzbau-forum-am-10-11-04-in-besacon-holzbau-von-heute-fuer-morgen\\\/#primaryimage\",\"url\":\"http:\\\/\\\/blog.proclima.com\\\/de\\\/files\\\/2014\\\/03\\\/screenshot.jpg\",\"contentUrl\":\"http:\\\/\\\/blog.proclima.com\\\/de\\\/files\\\/2014\\\/03\\\/screenshot.jpg\"},{\"@type\":\"BreadcrumbList\",\"@id\":\"https:\\\/\\\/blog.proclima.com\\\/ch\\\/2014\\\/03\\\/05\\\/4-internationales-holzbau-forum-am-10-11-04-in-besacon-holzbau-von-heute-fuer-morgen\\\/#breadcrumb\",\"itemListElement\":[{\"@type\":\"ListItem\",\"position\":1,\"name\":\"Startseite\",\"item\":\"https:\\\/\\\/blog.proclima.com\\\/ch\\\/\"},{\"@type\":\"ListItem\",\"position\":2,\"name\":\"4. Internationales Holzbau-Forum am 10.\\\/11.04. in Besa\u00e7on: Holzbau von heute f\u00fcr morgen\"}]},{\"@type\":\"WebSite\",\"@id\":\"https:\\\/\\\/blog.proclima.com\\\/ch\\\/#website\",\"url\":\"https:\\\/\\\/blog.proclima.com\\\/ch\\\/\",\"name\":\"pro clima Schweiz\",\"description\":\"das Blog\",\"publisher\":{\"@id\":\"https:\\\/\\\/blog.proclima.com\\\/ch\\\/#organization\"},\"potentialAction\":[{\"@type\":\"SearchAction\",\"target\":{\"@type\":\"EntryPoint\",\"urlTemplate\":\"https:\\\/\\\/blog.proclima.com\\\/ch\\\/?s={search_term_string}\"},\"query-input\":{\"@type\":\"PropertyValueSpecification\",\"valueRequired\":true,\"valueName\":\"search_term_string\"}}],\"inLanguage\":\"de\"},{\"@type\":\"Organization\",\"@id\":\"https:\\\/\\\/blog.proclima.com\\\/ch\\\/#organization\",\"name\":\"pro clima Schweiz\",\"url\":\"https:\\\/\\\/blog.proclima.com\\\/ch\\\/\",\"logo\":{\"@type\":\"ImageObject\",\"inLanguage\":\"de\",\"@id\":\"https:\\\/\\\/blog.proclima.com\\\/ch\\\/#\\\/schema\\\/logo\\\/image\\\/\",\"url\":\"https:\\\/\\\/blog.proclima.com\\\/ch\\\/files\\\/2025\\\/12\\\/logo_proclima_quadrat.png\",\"contentUrl\":\"https:\\\/\\\/blog.proclima.com\\\/ch\\\/files\\\/2025\\\/12\\\/logo_proclima_quadrat.png\",\"width\":1200,\"height\":1200,\"caption\":\"pro clima Schweiz\"},\"image\":{\"@id\":\"https:\\\/\\\/blog.proclima.com\\\/ch\\\/#\\\/schema\\\/logo\\\/image\\\/\"}},{\"@type\":\"Person\",\"@id\":\"https:\\\/\\\/blog.proclima.com\\\/ch\\\/#\\\/schema\\\/person\\\/b3490e20200d5d45b8d56f555ceffc21\",\"name\":\"Heide Merkel\",\"image\":{\"@type\":\"ImageObject\",\"inLanguage\":\"de\",\"@id\":\"https:\\\/\\\/secure.gravatar.com\\\/avatar\\\/a4a1c909701780173c0b7a635fb539f21128c8d654b77311c92e724657788582?s=96&d=blank&r=g\",\"url\":\"https:\\\/\\\/secure.gravatar.com\\\/avatar\\\/a4a1c909701780173c0b7a635fb539f21128c8d654b77311c92e724657788582?s=96&d=blank&r=g\",\"contentUrl\":\"https:\\\/\\\/secure.gravatar.com\\\/avatar\\\/a4a1c909701780173c0b7a635fb539f21128c8d654b77311c92e724657788582?s=96&d=blank&r=g\",\"caption\":\"Heide Merkel\"},\"description\":\"Fachjournalistin, Referentin, Steuerung Presse &amp; Digitale Medien bei Moll bau\u00f6kologische Produkte GmbH (pro clima). Als Japanologin und ausgebildete Redakteurin ist Heide eher zuf\u00e4llig in der Baubranche gelandet. Seit 2011 arbeitet sie f\u00fcr pro clima. Ihr Wissen zu effektiver Kommunikation gibt sie in Seminaren, Artikeln und Vortr\u00e4gen weiter. F\u00fcr den pro clima Blog, proclima.tv und das pro clima Bauradio interviewt sie interessante Menschen aus der Baubranche. Auf\u00a0 luftdichtheit-gepr\u00fcft.de bloggt Heide \u00fcber Leckagen, Luftdichtung und Qualit\u00e4ts\u00fcberpr\u00fcfung mit Blower-Door-Tests. Ihre Freizeit verbringt sie u.a. in den Vogesen, wo sie seit mehr als f\u00fcnf Jahren ein altes Bauernhaus saniert. Ihr neuestes Projekt:\u00a0 www.besser-als-marketing.de Hier gibt es Tipps, wie Unternehmen in der Baubranche ihre Sichtbarkeit erh\u00f6hen k\u00f6nnen. Die ersten Videos sind bereits online im Youtube Channel Wer mehr \u00fcber Heide Merkel erfahren m\u00f6chte, findet sie auf den g\u00e4ngigen Social Media Plattformen.\",\"url\":\"https:\\\/\\\/blog.proclima.com\\\/ch\\\/author\\\/gentner\\\/\"}]}<\/script>\n<!-- \/ Yoast SEO plugin. -->","yoast_head_json":{"title":"4. Internationales Holzbau-Forum am 10.\/11.04. in Besa\u00e7on: Holzbau von heute f\u00fcr morgen  - pro clima Schweiz","robots":{"index":"index","follow":"follow","max-snippet":"max-snippet:-1","max-image-preview":"max-image-preview:large","max-video-preview":"max-video-preview:-1"},"canonical":"https:\/\/blog.proclima.com\/ch\/2014\/03\/05\/4-internationales-holzbau-forum-am-10-11-04-in-besacon-holzbau-von-heute-fuer-morgen\/","og_locale":"de_DE","og_type":"article","og_title":"4. Internationales Holzbau-Forum am 10.\/11.04. in Besa\u00e7on: Holzbau von heute f\u00fcr morgen  - pro clima Schweiz","og_description":"Pr\u00e4chtige Holzbauten, neue Regelwerke und nachhaltige Diskussionen: Beim 4. Internationalen Holzbau-Forum im Besan\u00e7on (Frankreich) werden sich am 10. und 11. April 2014 Wissenschaftler, Hersteller und ...","og_url":"https:\/\/blog.proclima.com\/ch\/2014\/03\/05\/4-internationales-holzbau-forum-am-10-11-04-in-besacon-holzbau-von-heute-fuer-morgen\/","og_site_name":"pro clima Schweiz","article_published_time":"2014-03-05T12:45:51+00:00","article_modified_time":"2014-04-22T11:46:35+00:00","og_image":[{"url":"http:\/\/blog.proclima.com\/de\/files\/2014\/03\/screenshot.jpg","type":"","width":"","height":""}],"author":"Heide Merkel","twitter_card":"summary_large_image","twitter_misc":{"Verfasst von":"Heide Merkel"},"schema":{"@context":"https:\/\/schema.org","@graph":[{"@type":"Article","@id":"https:\/\/blog.proclima.com\/ch\/2014\/03\/05\/4-internationales-holzbau-forum-am-10-11-04-in-besacon-holzbau-von-heute-fuer-morgen\/#article","isPartOf":{"@id":"https:\/\/blog.proclima.com\/ch\/2014\/03\/05\/4-internationales-holzbau-forum-am-10-11-04-in-besacon-holzbau-von-heute-fuer-morgen\/"},"author":{"name":"Heide Merkel","@id":"https:\/\/blog.proclima.com\/ch\/#\/schema\/person\/b3490e20200d5d45b8d56f555ceffc21"},"headline":"4. Internationales Holzbau-Forum am 10.\/11.04. in Besa\u00e7on: Holzbau von heute f\u00fcr morgen","datePublished":"2014-03-05T12:45:51+00:00","dateModified":"2014-04-22T11:46:35+00:00","mainEntityOfPage":{"@id":"https:\/\/blog.proclima.com\/ch\/2014\/03\/05\/4-internationales-holzbau-forum-am-10-11-04-in-besacon-holzbau-von-heute-fuer-morgen\/"},"wordCount":96,"commentCount":0,"publisher":{"@id":"https:\/\/blog.proclima.com\/ch\/#organization"},"image":{"@id":"https:\/\/blog.proclima.com\/ch\/2014\/03\/05\/4-internationales-holzbau-forum-am-10-11-04-in-besacon-holzbau-von-heute-fuer-morgen\/#primaryimage"},"thumbnailUrl":"http:\/\/blog.proclima.com\/de\/files\/2014\/03\/screenshot.jpg","inLanguage":"de","potentialAction":[{"@type":"CommentAction","name":"Comment","target":["https:\/\/blog.proclima.com\/ch\/2014\/03\/05\/4-internationales-holzbau-forum-am-10-11-04-in-besacon-holzbau-von-heute-fuer-morgen\/#respond"]}]},{"@type":"WebPage","@id":"https:\/\/blog.proclima.com\/ch\/2014\/03\/05\/4-internationales-holzbau-forum-am-10-11-04-in-besacon-holzbau-von-heute-fuer-morgen\/","url":"https:\/\/blog.proclima.com\/ch\/2014\/03\/05\/4-internationales-holzbau-forum-am-10-11-04-in-besacon-holzbau-von-heute-fuer-morgen\/","name":"4. Internationales Holzbau-Forum am 10.\/11.04. in Besa\u00e7on: Holzbau von heute f\u00fcr morgen - pro clima Schweiz","isPartOf":{"@id":"https:\/\/blog.proclima.com\/ch\/#website"},"primaryImageOfPage":{"@id":"https:\/\/blog.proclima.com\/ch\/2014\/03\/05\/4-internationales-holzbau-forum-am-10-11-04-in-besacon-holzbau-von-heute-fuer-morgen\/#primaryimage"},"image":{"@id":"https:\/\/blog.proclima.com\/ch\/2014\/03\/05\/4-internationales-holzbau-forum-am-10-11-04-in-besacon-holzbau-von-heute-fuer-morgen\/#primaryimage"},"thumbnailUrl":"http:\/\/blog.proclima.com\/de\/files\/2014\/03\/screenshot.jpg","datePublished":"2014-03-05T12:45:51+00:00","dateModified":"2014-04-22T11:46:35+00:00","breadcrumb":{"@id":"https:\/\/blog.proclima.com\/ch\/2014\/03\/05\/4-internationales-holzbau-forum-am-10-11-04-in-besacon-holzbau-von-heute-fuer-morgen\/#breadcrumb"},"inLanguage":"de","potentialAction":[{"@type":"ReadAction","target":["https:\/\/blog.proclima.com\/ch\/2014\/03\/05\/4-internationales-holzbau-forum-am-10-11-04-in-besacon-holzbau-von-heute-fuer-morgen\/"]}]},{"@type":"ImageObject","inLanguage":"de","@id":"https:\/\/blog.proclima.com\/ch\/2014\/03\/05\/4-internationales-holzbau-forum-am-10-11-04-in-besacon-holzbau-von-heute-fuer-morgen\/#primaryimage","url":"http:\/\/blog.proclima.com\/de\/files\/2014\/03\/screenshot.jpg","contentUrl":"http:\/\/blog.proclima.com\/de\/files\/2014\/03\/screenshot.jpg"},{"@type":"BreadcrumbList","@id":"https:\/\/blog.proclima.com\/ch\/2014\/03\/05\/4-internationales-holzbau-forum-am-10-11-04-in-besacon-holzbau-von-heute-fuer-morgen\/#breadcrumb","itemListElement":[{"@type":"ListItem","position":1,"name":"Startseite","item":"https:\/\/blog.proclima.com\/ch\/"},{"@type":"ListItem","position":2,"name":"4. Internationales Holzbau-Forum am 10.\/11.04. in Besa\u00e7on: Holzbau von heute f\u00fcr morgen"}]},{"@type":"WebSite","@id":"https:\/\/blog.proclima.com\/ch\/#website","url":"https:\/\/blog.proclima.com\/ch\/","name":"pro clima Schweiz","description":"das Blog","publisher":{"@id":"https:\/\/blog.proclima.com\/ch\/#organization"},"potentialAction":[{"@type":"SearchAction","target":{"@type":"EntryPoint","urlTemplate":"https:\/\/blog.proclima.com\/ch\/?s={search_term_string}"},"query-input":{"@type":"PropertyValueSpecification","valueRequired":true,"valueName":"search_term_string"}}],"inLanguage":"de"},{"@type":"Organization","@id":"https:\/\/blog.proclima.com\/ch\/#organization","name":"pro clima Schweiz","url":"https:\/\/blog.proclima.com\/ch\/","logo":{"@type":"ImageObject","inLanguage":"de","@id":"https:\/\/blog.proclima.com\/ch\/#\/schema\/logo\/image\/","url":"https:\/\/blog.proclima.com\/ch\/files\/2025\/12\/logo_proclima_quadrat.png","contentUrl":"https:\/\/blog.proclima.com\/ch\/files\/2025\/12\/logo_proclima_quadrat.png","width":1200,"height":1200,"caption":"pro clima Schweiz"},"image":{"@id":"https:\/\/blog.proclima.com\/ch\/#\/schema\/logo\/image\/"}},{"@type":"Person","@id":"https:\/\/blog.proclima.com\/ch\/#\/schema\/person\/b3490e20200d5d45b8d56f555ceffc21","name":"Heide Merkel","image":{"@type":"ImageObject","inLanguage":"de","@id":"https:\/\/secure.gravatar.com\/avatar\/a4a1c909701780173c0b7a635fb539f21128c8d654b77311c92e724657788582?s=96&d=blank&r=g","url":"https:\/\/secure.gravatar.com\/avatar\/a4a1c909701780173c0b7a635fb539f21128c8d654b77311c92e724657788582?s=96&d=blank&r=g","contentUrl":"https:\/\/secure.gravatar.com\/avatar\/a4a1c909701780173c0b7a635fb539f21128c8d654b77311c92e724657788582?s=96&d=blank&r=g","caption":"Heide Merkel"},"description":"Fachjournalistin, Referentin, Steuerung Presse &amp; Digitale Medien bei Moll bau\u00f6kologische Produkte GmbH (pro clima). Als Japanologin und ausgebildete Redakteurin ist Heide eher zuf\u00e4llig in der Baubranche gelandet. Seit 2011 arbeitet sie f\u00fcr pro clima. Ihr Wissen zu effektiver Kommunikation gibt sie in Seminaren, Artikeln und Vortr\u00e4gen weiter. F\u00fcr den pro clima Blog, proclima.tv und das pro clima Bauradio interviewt sie interessante Menschen aus der Baubranche. Auf\u00a0 luftdichtheit-gepr\u00fcft.de bloggt Heide \u00fcber Leckagen, Luftdichtung und Qualit\u00e4ts\u00fcberpr\u00fcfung mit Blower-Door-Tests. Ihre Freizeit verbringt sie u.a. in den Vogesen, wo sie seit mehr als f\u00fcnf Jahren ein altes Bauernhaus saniert. Ihr neuestes Projekt:\u00a0 www.besser-als-marketing.de Hier gibt es Tipps, wie Unternehmen in der Baubranche ihre Sichtbarkeit erh\u00f6hen k\u00f6nnen. Die ersten Videos sind bereits online im Youtube Channel Wer mehr \u00fcber Heide Merkel erfahren m\u00f6chte, findet sie auf den g\u00e4ngigen Social Media Plattformen.","url":"https:\/\/blog.proclima.com\/ch\/author\/gentner\/"}]}},"_links":{"self":[{"href":"https:\/\/blog.proclima.com\/ch\/wp-json\/wp\/v2\/posts\/1181","targetHints":{"allow":["GET"]}}],"collection":[{"href":"https:\/\/blog.proclima.com\/ch\/wp-json\/wp\/v2\/posts"}],"about":[{"href":"https:\/\/blog.proclima.com\/ch\/wp-json\/wp\/v2\/types\/post"}],"author":[{"embeddable":true,"href":"https:\/\/blog.proclima.com\/ch\/wp-json\/wp\/v2\/users\/18"}],"replies":[{"embeddable":true,"href":"https:\/\/blog.proclima.com\/ch\/wp-json\/wp\/v2\/comments?post=1181"}],"version-history":[{"count":1,"href":"https:\/\/blog.proclima.com\/ch\/wp-json\/wp\/v2\/posts\/1181\/revisions"}],"predecessor-version":[{"id":1182,"href":"https:\/\/blog.proclima.com\/ch\/wp-json\/wp\/v2\/posts\/1181\/revisions\/1182"}],"wp:attachment":[{"href":"https:\/\/blog.proclima.com\/ch\/wp-json\/wp\/v2\/media?parent=1181"}],"wp:term":[{"taxonomy":"category","embeddable":true,"href":"https:\/\/blog.proclima.com\/ch\/wp-json\/wp\/v2\/categories?post=1181"},{"taxonomy":"post_tag","embeddable":true,"href":"https:\/\/blog.proclima.com\/ch\/wp-json\/wp\/v2\/tags?post=1181"}],"curies":[{"name":"wp","href":"https:\/\/api.w.org\/{rel}","templated":true}]}}