
{"id":1176,"date":"2014-04-21T13:43:47","date_gmt":"2014-04-21T11:43:47","guid":{"rendered":"http:\/\/blog.proclima.com\/ch\/?p=1176"},"modified":"2014-04-22T13:44:55","modified_gmt":"2014-04-22T11:44:55","slug":"recht-baumaengel-und-werkvertrag-wie-kann-sich-ein-handwerker-schuetzen","status":"publish","type":"post","link":"https:\/\/blog.proclima.com\/ch\/2014\/04\/21\/recht-baumaengel-und-werkvertrag-wie-kann-sich-ein-handwerker-schuetzen\/","title":{"rendered":"Recht: Baum\u00e4ngel und Werkvertrag &#8211; wie kann sich ein Handwerker sch\u00fctzen?"},"content":{"rendered":"<p><em><a href=\"http:\/\/blog.proclima.com\/de\/files\/2014\/04\/screenshot.jpg\"><img loading=\"lazy\" decoding=\"async\" class=\"alignleft\" alt=\"screenshot\" src=\"http:\/\/blog.proclima.com\/de\/files\/2014\/04\/screenshot-300x204.jpg\" width=\"300\" height=\"204\" \/><\/a><\/em><em>Fachanwalt f\u00fcr Bau- und Architektenrecht\u00a0 Andreas Weglage hat der Schnittstelle-Baustelle Redaktion ein Interview gegegen. Das Thema ist Baum\u00e4ngel und Werkvertrag.Wegkage erkl\u00e4rt, was ein Werkvertrag enthalten sollte, warum Handwerker ihre Arbeitsschritte dokumentieren sollten und wer einen Baumangel nachweisen muss.<br \/>\n<\/em><\/p>\n<p><em>Das komplette Interview hier:<br \/>\n<a href=\"http:\/\/blog.schnittstelle-baustelle.de\/2014\/baumaengel-und-werkvertrag\/\" target=\"_blank\">http:\/\/blog.schnittstelle-baustelle.de\/2014\/baumaengel-und-werkvertrag\/<\/a><br \/>\n<\/em><\/p>\n","protected":false},"excerpt":{"rendered":"<p>Fachanwalt f\u00fcr Bau- und Architektenrecht\u00a0 Andreas Weglage hat der Schnittstelle-Baustelle Redaktion ein Interview gegegen. Das Thema ist Baum\u00e4ngel und Werkvertrag.Wegkage erkl\u00e4rt, was ein Werkvertrag enthalten <a href=\"https:\/\/blog.proclima.com\/ch\/2014\/04\/21\/recht-baumaengel-und-werkvertrag-wie-kann-sich-ein-handwerker-schuetzen\/\" rel=\"bookmark\">&#8230;<\/a><\/p>\n","protected":false},"author":18,"featured_media":0,"comment_status":"open","ping_status":"open","sticky":false,"template":"","format":"standard","meta":{"footnotes":""},"categories":[1],"tags":[],"class_list":["post-1176","post","type-post","status-publish","format-standard","hentry","category-allgemein"],"yoast_head":"<!-- This site is optimized with the Yoast SEO plugin v27.5 - https:\/\/yoast.com\/product\/yoast-seo-wordpress\/ -->\n<title>Recht: Baum\u00e4ngel und Werkvertrag - wie kann sich ein Handwerker sch\u00fctzen?  - pro clima Schweiz<\/title>\n<meta name=\"robots\" content=\"index, follow, max-snippet:-1, max-image-preview:large, max-video-preview:-1\" \/>\n<link rel=\"canonical\" href=\"https:\/\/blog.proclima.com\/ch\/2014\/04\/21\/recht-baumaengel-und-werkvertrag-wie-kann-sich-ein-handwerker-schuetzen\/\" \/>\n<meta property=\"og:locale\" content=\"de_DE\" \/>\n<meta property=\"og:type\" content=\"article\" \/>\n<meta property=\"og:title\" content=\"Recht: Baum\u00e4ngel und Werkvertrag - wie kann sich ein Handwerker sch\u00fctzen?  - pro clima Schweiz\" \/>\n<meta property=\"og:description\" content=\"Fachanwalt f\u00fcr Bau- und Architektenrecht\u00a0 Andreas Weglage hat der Schnittstelle-Baustelle Redaktion ein Interview gegegen. Das Thema ist Baum\u00e4ngel und Werkvertrag.Wegkage erkl\u00e4rt, was ein Werkvertrag enthalten ...\" \/>\n<meta property=\"og:url\" content=\"https:\/\/blog.proclima.com\/ch\/2014\/04\/21\/recht-baumaengel-und-werkvertrag-wie-kann-sich-ein-handwerker-schuetzen\/\" \/>\n<meta property=\"og:site_name\" content=\"pro clima Schweiz\" \/>\n<meta property=\"article:published_time\" content=\"2014-04-21T11:43:47+00:00\" \/>\n<meta property=\"article:modified_time\" content=\"2014-04-22T11:44:55+00:00\" \/>\n<meta property=\"og:image\" content=\"http:\/\/blog.proclima.com\/de\/files\/2014\/04\/screenshot-300x204.jpg\" \/>\n<meta name=\"author\" content=\"Heide Merkel\" \/>\n<meta name=\"twitter:card\" content=\"summary_large_image\" \/>\n<meta name=\"twitter:label1\" content=\"Verfasst von\" \/>\n\t<meta name=\"twitter:data1\" content=\"Heide Merkel\" \/>\n<script type=\"application\/ld+json\" class=\"yoast-schema-graph\">{\"@context\":\"https:\\\/\\\/schema.org\",\"@graph\":[{\"@type\":\"Article\",\"@id\":\"https:\\\/\\\/blog.proclima.com\\\/ch\\\/2014\\\/04\\\/21\\\/recht-baumaengel-und-werkvertrag-wie-kann-sich-ein-handwerker-schuetzen\\\/#article\",\"isPartOf\":{\"@id\":\"https:\\\/\\\/blog.proclima.com\\\/ch\\\/2014\\\/04\\\/21\\\/recht-baumaengel-und-werkvertrag-wie-kann-sich-ein-handwerker-schuetzen\\\/\"},\"author\":{\"name\":\"Heide Merkel\",\"@id\":\"https:\\\/\\\/blog.proclima.com\\\/ch\\\/#\\\/schema\\\/person\\\/b3490e20200d5d45b8d56f555ceffc21\"},\"headline\":\"Recht: Baum\u00e4ngel und Werkvertrag &#8211; wie kann sich ein Handwerker sch\u00fctzen?\",\"datePublished\":\"2014-04-21T11:43:47+00:00\",\"dateModified\":\"2014-04-22T11:44:55+00:00\",\"mainEntityOfPage\":{\"@id\":\"https:\\\/\\\/blog.proclima.com\\\/ch\\\/2014\\\/04\\\/21\\\/recht-baumaengel-und-werkvertrag-wie-kann-sich-ein-handwerker-schuetzen\\\/\"},\"wordCount\":64,\"commentCount\":0,\"publisher\":{\"@id\":\"https:\\\/\\\/blog.proclima.com\\\/ch\\\/#organization\"},\"image\":{\"@id\":\"https:\\\/\\\/blog.proclima.com\\\/ch\\\/2014\\\/04\\\/21\\\/recht-baumaengel-und-werkvertrag-wie-kann-sich-ein-handwerker-schuetzen\\\/#primaryimage\"},\"thumbnailUrl\":\"http:\\\/\\\/blog.proclima.com\\\/de\\\/files\\\/2014\\\/04\\\/screenshot-300x204.jpg\",\"inLanguage\":\"de\",\"potentialAction\":[{\"@type\":\"CommentAction\",\"name\":\"Comment\",\"target\":[\"https:\\\/\\\/blog.proclima.com\\\/ch\\\/2014\\\/04\\\/21\\\/recht-baumaengel-und-werkvertrag-wie-kann-sich-ein-handwerker-schuetzen\\\/#respond\"]}]},{\"@type\":\"WebPage\",\"@id\":\"https:\\\/\\\/blog.proclima.com\\\/ch\\\/2014\\\/04\\\/21\\\/recht-baumaengel-und-werkvertrag-wie-kann-sich-ein-handwerker-schuetzen\\\/\",\"url\":\"https:\\\/\\\/blog.proclima.com\\\/ch\\\/2014\\\/04\\\/21\\\/recht-baumaengel-und-werkvertrag-wie-kann-sich-ein-handwerker-schuetzen\\\/\",\"name\":\"Recht: Baum\u00e4ngel und Werkvertrag - wie kann sich ein Handwerker sch\u00fctzen? - pro clima Schweiz\",\"isPartOf\":{\"@id\":\"https:\\\/\\\/blog.proclima.com\\\/ch\\\/#website\"},\"primaryImageOfPage\":{\"@id\":\"https:\\\/\\\/blog.proclima.com\\\/ch\\\/2014\\\/04\\\/21\\\/recht-baumaengel-und-werkvertrag-wie-kann-sich-ein-handwerker-schuetzen\\\/#primaryimage\"},\"image\":{\"@id\":\"https:\\\/\\\/blog.proclima.com\\\/ch\\\/2014\\\/04\\\/21\\\/recht-baumaengel-und-werkvertrag-wie-kann-sich-ein-handwerker-schuetzen\\\/#primaryimage\"},\"thumbnailUrl\":\"http:\\\/\\\/blog.proclima.com\\\/de\\\/files\\\/2014\\\/04\\\/screenshot-300x204.jpg\",\"datePublished\":\"2014-04-21T11:43:47+00:00\",\"dateModified\":\"2014-04-22T11:44:55+00:00\",\"breadcrumb\":{\"@id\":\"https:\\\/\\\/blog.proclima.com\\\/ch\\\/2014\\\/04\\\/21\\\/recht-baumaengel-und-werkvertrag-wie-kann-sich-ein-handwerker-schuetzen\\\/#breadcrumb\"},\"inLanguage\":\"de\",\"potentialAction\":[{\"@type\":\"ReadAction\",\"target\":[\"https:\\\/\\\/blog.proclima.com\\\/ch\\\/2014\\\/04\\\/21\\\/recht-baumaengel-und-werkvertrag-wie-kann-sich-ein-handwerker-schuetzen\\\/\"]}]},{\"@type\":\"ImageObject\",\"inLanguage\":\"de\",\"@id\":\"https:\\\/\\\/blog.proclima.com\\\/ch\\\/2014\\\/04\\\/21\\\/recht-baumaengel-und-werkvertrag-wie-kann-sich-ein-handwerker-schuetzen\\\/#primaryimage\",\"url\":\"http:\\\/\\\/blog.proclima.com\\\/de\\\/files\\\/2014\\\/04\\\/screenshot-300x204.jpg\",\"contentUrl\":\"http:\\\/\\\/blog.proclima.com\\\/de\\\/files\\\/2014\\\/04\\\/screenshot-300x204.jpg\"},{\"@type\":\"BreadcrumbList\",\"@id\":\"https:\\\/\\\/blog.proclima.com\\\/ch\\\/2014\\\/04\\\/21\\\/recht-baumaengel-und-werkvertrag-wie-kann-sich-ein-handwerker-schuetzen\\\/#breadcrumb\",\"itemListElement\":[{\"@type\":\"ListItem\",\"position\":1,\"name\":\"Startseite\",\"item\":\"https:\\\/\\\/blog.proclima.com\\\/ch\\\/\"},{\"@type\":\"ListItem\",\"position\":2,\"name\":\"Recht: Baum\u00e4ngel und Werkvertrag &#8211; wie kann sich ein Handwerker sch\u00fctzen?\"}]},{\"@type\":\"WebSite\",\"@id\":\"https:\\\/\\\/blog.proclima.com\\\/ch\\\/#website\",\"url\":\"https:\\\/\\\/blog.proclima.com\\\/ch\\\/\",\"name\":\"pro clima Schweiz\",\"description\":\"das Blog\",\"publisher\":{\"@id\":\"https:\\\/\\\/blog.proclima.com\\\/ch\\\/#organization\"},\"potentialAction\":[{\"@type\":\"SearchAction\",\"target\":{\"@type\":\"EntryPoint\",\"urlTemplate\":\"https:\\\/\\\/blog.proclima.com\\\/ch\\\/?s={search_term_string}\"},\"query-input\":{\"@type\":\"PropertyValueSpecification\",\"valueRequired\":true,\"valueName\":\"search_term_string\"}}],\"inLanguage\":\"de\"},{\"@type\":\"Organization\",\"@id\":\"https:\\\/\\\/blog.proclima.com\\\/ch\\\/#organization\",\"name\":\"pro clima Schweiz\",\"url\":\"https:\\\/\\\/blog.proclima.com\\\/ch\\\/\",\"logo\":{\"@type\":\"ImageObject\",\"inLanguage\":\"de\",\"@id\":\"https:\\\/\\\/blog.proclima.com\\\/ch\\\/#\\\/schema\\\/logo\\\/image\\\/\",\"url\":\"https:\\\/\\\/blog.proclima.com\\\/ch\\\/files\\\/2025\\\/12\\\/logo_proclima_quadrat.png\",\"contentUrl\":\"https:\\\/\\\/blog.proclima.com\\\/ch\\\/files\\\/2025\\\/12\\\/logo_proclima_quadrat.png\",\"width\":1200,\"height\":1200,\"caption\":\"pro clima Schweiz\"},\"image\":{\"@id\":\"https:\\\/\\\/blog.proclima.com\\\/ch\\\/#\\\/schema\\\/logo\\\/image\\\/\"}},{\"@type\":\"Person\",\"@id\":\"https:\\\/\\\/blog.proclima.com\\\/ch\\\/#\\\/schema\\\/person\\\/b3490e20200d5d45b8d56f555ceffc21\",\"name\":\"Heide Merkel\",\"image\":{\"@type\":\"ImageObject\",\"inLanguage\":\"de\",\"@id\":\"https:\\\/\\\/secure.gravatar.com\\\/avatar\\\/a4a1c909701780173c0b7a635fb539f21128c8d654b77311c92e724657788582?s=96&d=blank&r=g\",\"url\":\"https:\\\/\\\/secure.gravatar.com\\\/avatar\\\/a4a1c909701780173c0b7a635fb539f21128c8d654b77311c92e724657788582?s=96&d=blank&r=g\",\"contentUrl\":\"https:\\\/\\\/secure.gravatar.com\\\/avatar\\\/a4a1c909701780173c0b7a635fb539f21128c8d654b77311c92e724657788582?s=96&d=blank&r=g\",\"caption\":\"Heide Merkel\"},\"description\":\"Fachjournalistin, Referentin, Steuerung Presse &amp; Digitale Medien bei Moll bau\u00f6kologische Produkte GmbH (pro clima). Als Japanologin und ausgebildete Redakteurin ist Heide eher zuf\u00e4llig in der Baubranche gelandet. Seit 2011 arbeitet sie f\u00fcr pro clima. Ihr Wissen zu effektiver Kommunikation gibt sie in Seminaren, Artikeln und Vortr\u00e4gen weiter. F\u00fcr den pro clima Blog, proclima.tv und das pro clima Bauradio interviewt sie interessante Menschen aus der Baubranche. Auf\u00a0 luftdichtheit-gepr\u00fcft.de bloggt Heide \u00fcber Leckagen, Luftdichtung und Qualit\u00e4ts\u00fcberpr\u00fcfung mit Blower-Door-Tests. Ihre Freizeit verbringt sie u.a. in den Vogesen, wo sie seit mehr als f\u00fcnf Jahren ein altes Bauernhaus saniert. Ihr neuestes Projekt:\u00a0 www.besser-als-marketing.de Hier gibt es Tipps, wie Unternehmen in der Baubranche ihre Sichtbarkeit erh\u00f6hen k\u00f6nnen. Die ersten Videos sind bereits online im Youtube Channel Wer mehr \u00fcber Heide Merkel erfahren m\u00f6chte, findet sie auf den g\u00e4ngigen Social Media Plattformen.\",\"url\":\"https:\\\/\\\/blog.proclima.com\\\/ch\\\/author\\\/gentner\\\/\"}]}<\/script>\n<!-- \/ Yoast SEO plugin. -->","yoast_head_json":{"title":"Recht: Baum\u00e4ngel und Werkvertrag - wie kann sich ein Handwerker sch\u00fctzen?  - pro clima Schweiz","robots":{"index":"index","follow":"follow","max-snippet":"max-snippet:-1","max-image-preview":"max-image-preview:large","max-video-preview":"max-video-preview:-1"},"canonical":"https:\/\/blog.proclima.com\/ch\/2014\/04\/21\/recht-baumaengel-und-werkvertrag-wie-kann-sich-ein-handwerker-schuetzen\/","og_locale":"de_DE","og_type":"article","og_title":"Recht: Baum\u00e4ngel und Werkvertrag - wie kann sich ein Handwerker sch\u00fctzen?  - pro clima Schweiz","og_description":"Fachanwalt f\u00fcr Bau- und Architektenrecht\u00a0 Andreas Weglage hat der Schnittstelle-Baustelle Redaktion ein Interview gegegen. Das Thema ist Baum\u00e4ngel und Werkvertrag.Wegkage erkl\u00e4rt, was ein Werkvertrag enthalten ...","og_url":"https:\/\/blog.proclima.com\/ch\/2014\/04\/21\/recht-baumaengel-und-werkvertrag-wie-kann-sich-ein-handwerker-schuetzen\/","og_site_name":"pro clima Schweiz","article_published_time":"2014-04-21T11:43:47+00:00","article_modified_time":"2014-04-22T11:44:55+00:00","og_image":[{"url":"http:\/\/blog.proclima.com\/de\/files\/2014\/04\/screenshot-300x204.jpg","type":"","width":"","height":""}],"author":"Heide Merkel","twitter_card":"summary_large_image","twitter_misc":{"Verfasst von":"Heide Merkel"},"schema":{"@context":"https:\/\/schema.org","@graph":[{"@type":"Article","@id":"https:\/\/blog.proclima.com\/ch\/2014\/04\/21\/recht-baumaengel-und-werkvertrag-wie-kann-sich-ein-handwerker-schuetzen\/#article","isPartOf":{"@id":"https:\/\/blog.proclima.com\/ch\/2014\/04\/21\/recht-baumaengel-und-werkvertrag-wie-kann-sich-ein-handwerker-schuetzen\/"},"author":{"name":"Heide Merkel","@id":"https:\/\/blog.proclima.com\/ch\/#\/schema\/person\/b3490e20200d5d45b8d56f555ceffc21"},"headline":"Recht: Baum\u00e4ngel und Werkvertrag &#8211; wie kann sich ein Handwerker sch\u00fctzen?","datePublished":"2014-04-21T11:43:47+00:00","dateModified":"2014-04-22T11:44:55+00:00","mainEntityOfPage":{"@id":"https:\/\/blog.proclima.com\/ch\/2014\/04\/21\/recht-baumaengel-und-werkvertrag-wie-kann-sich-ein-handwerker-schuetzen\/"},"wordCount":64,"commentCount":0,"publisher":{"@id":"https:\/\/blog.proclima.com\/ch\/#organization"},"image":{"@id":"https:\/\/blog.proclima.com\/ch\/2014\/04\/21\/recht-baumaengel-und-werkvertrag-wie-kann-sich-ein-handwerker-schuetzen\/#primaryimage"},"thumbnailUrl":"http:\/\/blog.proclima.com\/de\/files\/2014\/04\/screenshot-300x204.jpg","inLanguage":"de","potentialAction":[{"@type":"CommentAction","name":"Comment","target":["https:\/\/blog.proclima.com\/ch\/2014\/04\/21\/recht-baumaengel-und-werkvertrag-wie-kann-sich-ein-handwerker-schuetzen\/#respond"]}]},{"@type":"WebPage","@id":"https:\/\/blog.proclima.com\/ch\/2014\/04\/21\/recht-baumaengel-und-werkvertrag-wie-kann-sich-ein-handwerker-schuetzen\/","url":"https:\/\/blog.proclima.com\/ch\/2014\/04\/21\/recht-baumaengel-und-werkvertrag-wie-kann-sich-ein-handwerker-schuetzen\/","name":"Recht: Baum\u00e4ngel und Werkvertrag - wie kann sich ein Handwerker sch\u00fctzen? - pro clima Schweiz","isPartOf":{"@id":"https:\/\/blog.proclima.com\/ch\/#website"},"primaryImageOfPage":{"@id":"https:\/\/blog.proclima.com\/ch\/2014\/04\/21\/recht-baumaengel-und-werkvertrag-wie-kann-sich-ein-handwerker-schuetzen\/#primaryimage"},"image":{"@id":"https:\/\/blog.proclima.com\/ch\/2014\/04\/21\/recht-baumaengel-und-werkvertrag-wie-kann-sich-ein-handwerker-schuetzen\/#primaryimage"},"thumbnailUrl":"http:\/\/blog.proclima.com\/de\/files\/2014\/04\/screenshot-300x204.jpg","datePublished":"2014-04-21T11:43:47+00:00","dateModified":"2014-04-22T11:44:55+00:00","breadcrumb":{"@id":"https:\/\/blog.proclima.com\/ch\/2014\/04\/21\/recht-baumaengel-und-werkvertrag-wie-kann-sich-ein-handwerker-schuetzen\/#breadcrumb"},"inLanguage":"de","potentialAction":[{"@type":"ReadAction","target":["https:\/\/blog.proclima.com\/ch\/2014\/04\/21\/recht-baumaengel-und-werkvertrag-wie-kann-sich-ein-handwerker-schuetzen\/"]}]},{"@type":"ImageObject","inLanguage":"de","@id":"https:\/\/blog.proclima.com\/ch\/2014\/04\/21\/recht-baumaengel-und-werkvertrag-wie-kann-sich-ein-handwerker-schuetzen\/#primaryimage","url":"http:\/\/blog.proclima.com\/de\/files\/2014\/04\/screenshot-300x204.jpg","contentUrl":"http:\/\/blog.proclima.com\/de\/files\/2014\/04\/screenshot-300x204.jpg"},{"@type":"BreadcrumbList","@id":"https:\/\/blog.proclima.com\/ch\/2014\/04\/21\/recht-baumaengel-und-werkvertrag-wie-kann-sich-ein-handwerker-schuetzen\/#breadcrumb","itemListElement":[{"@type":"ListItem","position":1,"name":"Startseite","item":"https:\/\/blog.proclima.com\/ch\/"},{"@type":"ListItem","position":2,"name":"Recht: Baum\u00e4ngel und Werkvertrag &#8211; wie kann sich ein Handwerker sch\u00fctzen?"}]},{"@type":"WebSite","@id":"https:\/\/blog.proclima.com\/ch\/#website","url":"https:\/\/blog.proclima.com\/ch\/","name":"pro clima Schweiz","description":"das Blog","publisher":{"@id":"https:\/\/blog.proclima.com\/ch\/#organization"},"potentialAction":[{"@type":"SearchAction","target":{"@type":"EntryPoint","urlTemplate":"https:\/\/blog.proclima.com\/ch\/?s={search_term_string}"},"query-input":{"@type":"PropertyValueSpecification","valueRequired":true,"valueName":"search_term_string"}}],"inLanguage":"de"},{"@type":"Organization","@id":"https:\/\/blog.proclima.com\/ch\/#organization","name":"pro clima Schweiz","url":"https:\/\/blog.proclima.com\/ch\/","logo":{"@type":"ImageObject","inLanguage":"de","@id":"https:\/\/blog.proclima.com\/ch\/#\/schema\/logo\/image\/","url":"https:\/\/blog.proclima.com\/ch\/files\/2025\/12\/logo_proclima_quadrat.png","contentUrl":"https:\/\/blog.proclima.com\/ch\/files\/2025\/12\/logo_proclima_quadrat.png","width":1200,"height":1200,"caption":"pro clima Schweiz"},"image":{"@id":"https:\/\/blog.proclima.com\/ch\/#\/schema\/logo\/image\/"}},{"@type":"Person","@id":"https:\/\/blog.proclima.com\/ch\/#\/schema\/person\/b3490e20200d5d45b8d56f555ceffc21","name":"Heide Merkel","image":{"@type":"ImageObject","inLanguage":"de","@id":"https:\/\/secure.gravatar.com\/avatar\/a4a1c909701780173c0b7a635fb539f21128c8d654b77311c92e724657788582?s=96&d=blank&r=g","url":"https:\/\/secure.gravatar.com\/avatar\/a4a1c909701780173c0b7a635fb539f21128c8d654b77311c92e724657788582?s=96&d=blank&r=g","contentUrl":"https:\/\/secure.gravatar.com\/avatar\/a4a1c909701780173c0b7a635fb539f21128c8d654b77311c92e724657788582?s=96&d=blank&r=g","caption":"Heide Merkel"},"description":"Fachjournalistin, Referentin, Steuerung Presse &amp; Digitale Medien bei Moll bau\u00f6kologische Produkte GmbH (pro clima). Als Japanologin und ausgebildete Redakteurin ist Heide eher zuf\u00e4llig in der Baubranche gelandet. Seit 2011 arbeitet sie f\u00fcr pro clima. Ihr Wissen zu effektiver Kommunikation gibt sie in Seminaren, Artikeln und Vortr\u00e4gen weiter. F\u00fcr den pro clima Blog, proclima.tv und das pro clima Bauradio interviewt sie interessante Menschen aus der Baubranche. Auf\u00a0 luftdichtheit-gepr\u00fcft.de bloggt Heide \u00fcber Leckagen, Luftdichtung und Qualit\u00e4ts\u00fcberpr\u00fcfung mit Blower-Door-Tests. Ihre Freizeit verbringt sie u.a. in den Vogesen, wo sie seit mehr als f\u00fcnf Jahren ein altes Bauernhaus saniert. Ihr neuestes Projekt:\u00a0 www.besser-als-marketing.de Hier gibt es Tipps, wie Unternehmen in der Baubranche ihre Sichtbarkeit erh\u00f6hen k\u00f6nnen. Die ersten Videos sind bereits online im Youtube Channel Wer mehr \u00fcber Heide Merkel erfahren m\u00f6chte, findet sie auf den g\u00e4ngigen Social Media Plattformen.","url":"https:\/\/blog.proclima.com\/ch\/author\/gentner\/"}]}},"_links":{"self":[{"href":"https:\/\/blog.proclima.com\/ch\/wp-json\/wp\/v2\/posts\/1176","targetHints":{"allow":["GET"]}}],"collection":[{"href":"https:\/\/blog.proclima.com\/ch\/wp-json\/wp\/v2\/posts"}],"about":[{"href":"https:\/\/blog.proclima.com\/ch\/wp-json\/wp\/v2\/types\/post"}],"author":[{"embeddable":true,"href":"https:\/\/blog.proclima.com\/ch\/wp-json\/wp\/v2\/users\/18"}],"replies":[{"embeddable":true,"href":"https:\/\/blog.proclima.com\/ch\/wp-json\/wp\/v2\/comments?post=1176"}],"version-history":[{"count":1,"href":"https:\/\/blog.proclima.com\/ch\/wp-json\/wp\/v2\/posts\/1176\/revisions"}],"predecessor-version":[{"id":1177,"href":"https:\/\/blog.proclima.com\/ch\/wp-json\/wp\/v2\/posts\/1176\/revisions\/1177"}],"wp:attachment":[{"href":"https:\/\/blog.proclima.com\/ch\/wp-json\/wp\/v2\/media?parent=1176"}],"wp:term":[{"taxonomy":"category","embeddable":true,"href":"https:\/\/blog.proclima.com\/ch\/wp-json\/wp\/v2\/categories?post=1176"},{"taxonomy":"post_tag","embeddable":true,"href":"https:\/\/blog.proclima.com\/ch\/wp-json\/wp\/v2\/tags?post=1176"}],"curies":[{"name":"wp","href":"https:\/\/api.w.org\/{rel}","templated":true}]}}