
{"id":1102,"date":"2014-03-19T16:51:04","date_gmt":"2014-03-19T15:51:04","guid":{"rendered":"http:\/\/blog.proclima.com\/ch\/?p=1102"},"modified":"2014-03-26T20:13:23","modified_gmt":"2014-03-26T19:13:23","slug":"dachsanierung-aussen-2","status":"publish","type":"post","link":"https:\/\/blog.proclima.com\/ch\/2014\/03\/19\/dachsanierung-aussen-2\/","title":{"rendered":"(Serie): Dachsanierung von Aussen: Konzepte zur Verlegung der Luftdichtung \u2013 Teil 2"},"content":{"rendered":"<figure id=\"attachment_1107\" aria-describedby=\"caption-attachment-1107\" style=\"width: 300px\" class=\"wp-caption alignleft\"><a href=\"http:\/\/blog.proclima.com\/ch\/files\/2014\/03\/Abb3_wannenfo\u00a6\u00earmig.jpg\"><img loading=\"lazy\" decoding=\"async\" data-size=\"1299x709\" class=\"size-medium wp-image-1107\" alt=\"Skizze f\u00fcr die wannenf\u00f6rmige Verlegung einer Dampfbremse\" src=\"http:\/\/blog.proclima.com\/ch\/files\/2014\/03\/Abb3_wannenfo\u00a6\u00earmig-300x163.jpg\" width=\"300\" height=\"163\" srcset=\"https:\/\/blog.proclima.com\/ch\/files\/2014\/03\/Abb3_wannenfo\u00a6\u00earmig-300x163.jpg 300w, https:\/\/blog.proclima.com\/ch\/files\/2014\/03\/Abb3_wannenfo\u00a6\u00earmig-1024x558.jpg 1024w, https:\/\/blog.proclima.com\/ch\/files\/2014\/03\/Abb3_wannenfo\u00a6\u00earmig.jpg 1299w\" sizes=\"auto, (max-width: 300px) 100vw, 300px\" \/><\/a><figcaption id=\"caption-attachment-1107\" class=\"wp-caption-text\">Skizze f\u00fcr die wannenf\u00f6rmige Verlegung einer Dampfbremse.<\/figcaption><\/figure>\n<p><strong>Verschiedene Konzepte zur Verlegung der Luftdichtung \u2013<\/strong><br \/>\n<strong> Von handwerklich anspruchsvoll bei gr\u00f6sster Sicherheit, bis einfach aber ungewohnt<\/strong><br \/>\n<strong>1. Aufwendig &#8211; Die wannenf\u00f6rmige Verlegung der Dampfbremse<\/strong><br \/>\nAls sicherste Lage f\u00fcr eine Dampfbremse wird die warme innengewandte Seite der Konstruktion angesehen. Ein Klassiker unter den Sanierungs-Konzepten ist deswegen die wannenf\u00f6rmige Verlegung einer Dampfbremse, zwischen den Sparren. Die Dampfbremse (optimal: eine feuchtevariable Aufdach-Dampfbremse) wird U-f\u00f6rmig z.\u00a0B. auf eine d\u00fcnne vorhandene D\u00e4mmung gelegt und seitlich luftdicht an die Sparren angeschlossen. Dies bietet maximale Sicherheit bez\u00fcglich der Bauphysik, bedingt aber auch aufwendige Bauteilanschl\u00fcsse an die Sparren. Diese Konstruktion war fr\u00fcher st\u00e4rker verbreitet. N\u00fctzlich ist Sie heute noch z. B. bei aussen diffusionsdichten Konstruktionen, wie der Flachdachsanierung.<\/p>\n<p><strong>2. Sicher- Die Berg- und Tal-Verlegung einer Sanierungs-Dampfbremse.<\/strong><\/p>\n<figure id=\"attachment_1108\" aria-describedby=\"caption-attachment-1108\" style=\"width: 300px\" class=\"wp-caption alignright\"><a href=\"http:\/\/blog.proclima.com\/ch\/files\/2014\/03\/Abb4_sub-and-top1.jpg\"><img loading=\"lazy\" decoding=\"async\" data-size=\"1417x731\" class=\"size-medium wp-image-1108\" alt=\"Skizze f\u00fcr die Sub-and-Top Verlegung einer Dampfbremse\" src=\"http:\/\/blog.proclima.com\/ch\/files\/2014\/03\/Abb4_sub-and-top1-300x154.jpg\" width=\"300\" height=\"154\" srcset=\"https:\/\/blog.proclima.com\/ch\/files\/2014\/03\/Abb4_sub-and-top1-300x154.jpg 300w, https:\/\/blog.proclima.com\/ch\/files\/2014\/03\/Abb4_sub-and-top1-1024x528.jpg 1024w, https:\/\/blog.proclima.com\/ch\/files\/2014\/03\/Abb4_sub-and-top1.jpg 1417w\" sizes=\"auto, (max-width: 300px) 100vw, 300px\" \/><\/a><figcaption id=\"caption-attachment-1108\" class=\"wp-caption-text\">Skizze f\u00fcr die Sub-and-Top Verlegung einer Dampfbremse<\/figcaption><\/figure>\n<p>Die Luftdichtungsebene wird hier schlaufenf\u00f6rmig (Sub-and-Top) auf der Innenbekleidung (oder einer d\u00fcnnen D\u00e4mmschicht) und \u00fcber die Sparren gef\u00fchrt. Die besten Ergebnisse werden mit speziellen feuchtevariablen Sanierungs-Dampfbremsen erzielt. Sie unterscheiden sich von normalen feuchtevariablen Dampfbremsen, durch die F\u00e4higkeit ihren sd-Wert zwischen einer diffusionsoffenen Unterdachbahn (0,05 m) und einer leichten Dampfbremse (2,0 m) schwanken lassen zu k\u00f6nnen. Damit werden sie ihrer Einbausituation auf beste Weise gerecht und sch\u00fctzen W\u00e4rmed\u00e4mmung und Sparren allseitig vor zu hoher Feuchte.<br \/>\nSolche Sanierungs-Dampfbremsen funktionieren sogar ohne weitere \u00dcberd\u00e4mmung. Sie vertragen sich mit faserf\u00f6rmigen, diffusionsoffenen D\u00e4mmstoffen. Eine weitere Luftdichtungsbahn oberhalb der Sparren ist nicht erforderlich. Um die D\u00e4mmst\u00e4rke zu erh\u00f6hen, sind Aufdopplungen oberhalb der Sparren ebenso m\u00f6glich, wie die fl\u00e4chige Verlegung einer Zusatzd\u00e4mmung z.\u00a0B. aus Holzweichfaserplatten beliebiger St\u00e4rke oder aus mineralvlieskaschierten PUR\/PIR-Platten ab mind. 50 mm St\u00e4rke (bitte die\u00a0 Herstellerhinweise beachten).<br \/>\nDie Berg- und Tal-Verlegung wird als eine sehr sichere L\u00f6sung angesehen. Ihre Anwendung ist besonders dort effizient, wo der Dachstuhl gleichm\u00e4ssig aufgebaut ist und nicht zu viele Wechsel, Schifter (Walmdach) oder Dachaufbauten enth\u00e4lt.<!--more--><\/p>\n<figure id=\"attachment_1109\" aria-describedby=\"caption-attachment-1109\" style=\"width: 300px\" class=\"wp-caption alignright\"><a href=\"http:\/\/blog.proclima.com\/ch\/files\/2014\/03\/Abb5_fla\u00a6\u00eachigeVerlegung.jpg\"><img loading=\"lazy\" decoding=\"async\" data-size=\"710x540\" class=\"size-medium wp-image-1109\" alt=\"Skizze f\u00fcr die fl\u00e4chige Verlegung einer Dampfbremse \u00fcber den Sparren\" src=\"http:\/\/blog.proclima.com\/ch\/files\/2014\/03\/Abb5_fla\u00a6\u00eachigeVerlegung-300x228.jpg\" width=\"300\" height=\"228\" srcset=\"https:\/\/blog.proclima.com\/ch\/files\/2014\/03\/Abb5_fla\u00a6\u00eachigeVerlegung-300x228.jpg 300w, https:\/\/blog.proclima.com\/ch\/files\/2014\/03\/Abb5_fla\u00a6\u00eachigeVerlegung.jpg 710w\" sizes=\"auto, (max-width: 300px) 100vw, 300px\" \/><\/a><figcaption id=\"caption-attachment-1109\" class=\"wp-caption-text\">Skizze f\u00fcr die fl\u00e4chige Verlegung einer Dampfbremse \u00fcber den Sparren<\/figcaption><\/figure>\n<p><strong>3. Innovativ- Die fl\u00e4chige Verlegung einer Luftdichtungsbahn \u00fcber den alten Sparren<br \/>\n<\/strong><br \/>\nHier wird die luftdichte Ebene auf die Oberkante der Sparren verlagert. Statt einer feuchtevariablen Dampfbremse, kommt nun, je nach Gesamtaufbau, eine leichte Dampfbremse mit sd-Wert von 0,5 m oder sogar eine ganz diffusionsoffene Luftdichtungsbahn mit einem sd-Wert von 0,01 m zum Einsatz. Die Luftdichtung liegt\u00a0 meist in der Mitte, zwischen zwei D\u00e4mmebenen. Eine raumseitige Luftdichtheit ist nicht zwingend erforderlich. Dies mag f\u00fcr alteingesessene Praktiker ungewohnt klingen und der fr\u00fcher erlernten Bauphysik widersprechen. Das Verfahren geh\u00f6rt aber definitiv zum Stand der Technik und wird in verschiedenen Varianten seit\u00a0 Jahren erfolgreich angewendet. Dynamische Feuchtesimulationen z.\u00a0B. mit WUFI zeigen das solche Konstruktionen langfristig sicher sind. Der Zeitaufwand f\u00fcr die fl\u00e4chige Verlegung der Luftdichtung \u00fcber den Sparren ist, im Gegensatz zur schlaufenf\u00f6rmigen Verlegung zwischen den Sparren, deutlich geringer. Eine Voraussetzung f\u00fcr diese Konstruktion ist, dass der Aufbau nach Aussen diffusionsoffen und mit faserf\u00f6rmigen D\u00e4mmstoffen, wie Mineralfaser, Zellulose, Holzfaser bzw. anderen Naturfasern ausgef\u00fchrt wird. Bei der Wahl des D\u00e4mmstoffs, seiner Schichtdicken, der Luftdichtungsbahn und des Unterdachs sind Informationen zu beachten, welche die Hersteller der D\u00e4mm- und Luftdichtungssysteme f\u00fcr Sie bereit halten.<\/p>\n<p>pro clima bietet unter <a href=\"http:\/\/procli.ma\/26\" target=\"_blank\">http:\/\/procli.ma\/26\u00a0<\/a> eine ausf\u00fchrliche Sanierungsstudie mit genauen Angaben zu den angesprochenen Varianten an.<\/p>\n<p><strong>Die komplette Artikel-Serie:<\/strong><\/p>\n<ul>\n<li><strong>Dachsanierung von Aussen: Bestandsaufnahme und Ziele- Einf\u00fchrung<\/strong><br \/>\n<a href=\"http:\/\/blog.proclima.com\/ch\/2014\/03\/15\/dachsanierung-aussen-0\/\" target=\"_blank\">http:\/\/blog.proclima.com\/ch\/2014\/03\/15\/dachsanierung-aussen-0\/<\/a><\/li>\n<li><strong>Dachsanierung von Aussen: Bestandsaufnahme und Ziele \u2013 Teil 1<\/strong><br \/>\n<a href=\"http:\/\/blog.proclima.com\/ch\/2014\/03\/17\/dachsanierung-aussen-1\/\" target=\"_blank\">http:\/\/blog.proclima.com\/ch\/2014\/03\/17\/dachsanierung-aussen-1\/<\/a><\/li>\n<li><strong>(Serie): Dachsanierung von Aussen: Konzepte zur Verlegung der Luftdichtung \u2013 Teil 2<br \/>\n<\/strong><a href=\"http:\/\/blog.proclima.com\/ch\/2014\/03\/19\/dachsanierung-aussen-2\/\" target=\"_blank\">http:\/\/blog.proclima.com\/ch\/2014\/03\/19\/dachsanierung-aussen-2\/<br \/>\n<\/a><strong>(Serie): Dachsanierung von Aussen: Anschlussdetails \u2013 Teil 3<br \/>\n<\/strong><a href=\"http:\/\/blog.proclima.com\/ch\/2014\/03\/20\/dachsanierung-aussen-3\/\" target=\"_blank\">http:\/\/blog.proclima.com\/ch\/2014\/03\/20\/dachsanierung-aussen-3\/<\/a><\/li>\n<li><strong>Dachsanierung von Aussen: Fazit und \u00dcbersicht der Abbildungen \u2013 Teil 4<br \/>\n<\/strong><a href=\"http:\/\/blog.proclima.com\/ch\/2014\/03\/21\/dachsanierung-aussen-4\/\" target=\"_blank\">http:\/\/blog.proclima.com\/ch\/2014\/03\/21\/dachsanierung-aussen-4\/<\/a><strong><strong><br \/>\n<\/strong><\/strong><\/li>\n<\/ul>\n","protected":false},"excerpt":{"rendered":"<p>Verschiedene Konzepte zur Verlegung der Luftdichtung \u2013 Von handwerklich anspruchsvoll bei gr\u00f6sster Sicherheit, bis einfach aber ungewohnt 1. Aufwendig &#8211; Die wannenf\u00f6rmige Verlegung der Dampfbremse <a href=\"https:\/\/blog.proclima.com\/ch\/2014\/03\/19\/dachsanierung-aussen-2\/\" rel=\"bookmark\">&#8230;<\/a><\/p>\n","protected":false},"author":18,"featured_media":0,"comment_status":"open","ping_status":"open","sticky":false,"template":"","format":"standard","meta":{"footnotes":""},"categories":[1],"tags":[213,285,117],"class_list":["post-1102","post","type-post","status-publish","format-standard","hentry","category-allgemein","tag-dachsanierung","tag-dachsanierung-von-aussen","tag-verlegung"],"yoast_head":"<!-- This site is optimized with the Yoast SEO plugin v27.5 - https:\/\/yoast.com\/product\/yoast-seo-wordpress\/ -->\n<title>(Serie): Dachsanierung von Aussen: Konzepte zur Verlegung der Luftdichtung \u2013 Teil 2  - pro clima Schweiz<\/title>\n<meta name=\"robots\" content=\"index, follow, max-snippet:-1, max-image-preview:large, max-video-preview:-1\" \/>\n<link rel=\"canonical\" href=\"https:\/\/blog.proclima.com\/ch\/2014\/03\/19\/dachsanierung-aussen-2\/\" \/>\n<meta property=\"og:locale\" content=\"de_DE\" \/>\n<meta property=\"og:type\" content=\"article\" \/>\n<meta property=\"og:title\" content=\"(Serie): Dachsanierung von Aussen: Konzepte zur Verlegung der Luftdichtung \u2013 Teil 2  - pro clima Schweiz\" \/>\n<meta property=\"og:description\" content=\"Verschiedene Konzepte zur Verlegung der Luftdichtung \u2013 Von handwerklich anspruchsvoll bei gr\u00f6sster Sicherheit, bis einfach aber ungewohnt 1. Aufwendig &#8211; Die wannenf\u00f6rmige Verlegung der Dampfbremse ...\" \/>\n<meta property=\"og:url\" content=\"https:\/\/blog.proclima.com\/ch\/2014\/03\/19\/dachsanierung-aussen-2\/\" \/>\n<meta property=\"og:site_name\" content=\"pro clima Schweiz\" \/>\n<meta property=\"article:published_time\" content=\"2014-03-19T15:51:04+00:00\" \/>\n<meta property=\"article:modified_time\" content=\"2014-03-26T19:13:23+00:00\" \/>\n<meta property=\"og:image\" content=\"http:\/\/blog.proclima.com\/ch\/files\/2014\/03\/Abb4_sub-and-top1-300x154.jpg\" \/>\n<meta name=\"author\" content=\"Heide Merkel\" \/>\n<meta name=\"twitter:card\" content=\"summary_large_image\" \/>\n<meta name=\"twitter:label1\" content=\"Verfasst von\" \/>\n\t<meta name=\"twitter:data1\" content=\"Heide Merkel\" \/>\n\t<meta name=\"twitter:label2\" content=\"Gesch\u00e4tzte Lesezeit\" \/>\n\t<meta name=\"twitter:data2\" content=\"3\u00a0Minuten\" \/>\n<script type=\"application\/ld+json\" class=\"yoast-schema-graph\">{\"@context\":\"https:\\\/\\\/schema.org\",\"@graph\":[{\"@type\":\"Article\",\"@id\":\"https:\\\/\\\/blog.proclima.com\\\/ch\\\/2014\\\/03\\\/19\\\/dachsanierung-aussen-2\\\/#article\",\"isPartOf\":{\"@id\":\"https:\\\/\\\/blog.proclima.com\\\/ch\\\/2014\\\/03\\\/19\\\/dachsanierung-aussen-2\\\/\"},\"author\":{\"name\":\"Heide Merkel\",\"@id\":\"https:\\\/\\\/blog.proclima.com\\\/ch\\\/#\\\/schema\\\/person\\\/b3490e20200d5d45b8d56f555ceffc21\"},\"headline\":\"(Serie): Dachsanierung von Aussen: Konzepte zur Verlegung der Luftdichtung \u2013 Teil 2\",\"datePublished\":\"2014-03-19T15:51:04+00:00\",\"dateModified\":\"2014-03-26T19:13:23+00:00\",\"mainEntityOfPage\":{\"@id\":\"https:\\\/\\\/blog.proclima.com\\\/ch\\\/2014\\\/03\\\/19\\\/dachsanierung-aussen-2\\\/\"},\"wordCount\":669,\"commentCount\":14,\"publisher\":{\"@id\":\"https:\\\/\\\/blog.proclima.com\\\/ch\\\/#organization\"},\"image\":{\"@id\":\"https:\\\/\\\/blog.proclima.com\\\/ch\\\/2014\\\/03\\\/19\\\/dachsanierung-aussen-2\\\/#primaryimage\"},\"thumbnailUrl\":\"http:\\\/\\\/blog.proclima.com\\\/ch\\\/files\\\/2014\\\/03\\\/Abb4_sub-and-top1-300x154.jpg\",\"keywords\":[\"Dachsanierung\",\"Dachsanierung von aussen\",\"Verlegung\"],\"inLanguage\":\"de\",\"potentialAction\":[{\"@type\":\"CommentAction\",\"name\":\"Comment\",\"target\":[\"https:\\\/\\\/blog.proclima.com\\\/ch\\\/2014\\\/03\\\/19\\\/dachsanierung-aussen-2\\\/#respond\"]}]},{\"@type\":\"WebPage\",\"@id\":\"https:\\\/\\\/blog.proclima.com\\\/ch\\\/2014\\\/03\\\/19\\\/dachsanierung-aussen-2\\\/\",\"url\":\"https:\\\/\\\/blog.proclima.com\\\/ch\\\/2014\\\/03\\\/19\\\/dachsanierung-aussen-2\\\/\",\"name\":\"(Serie): Dachsanierung von Aussen: Konzepte zur Verlegung der Luftdichtung \u2013 Teil 2 - pro clima Schweiz\",\"isPartOf\":{\"@id\":\"https:\\\/\\\/blog.proclima.com\\\/ch\\\/#website\"},\"primaryImageOfPage\":{\"@id\":\"https:\\\/\\\/blog.proclima.com\\\/ch\\\/2014\\\/03\\\/19\\\/dachsanierung-aussen-2\\\/#primaryimage\"},\"image\":{\"@id\":\"https:\\\/\\\/blog.proclima.com\\\/ch\\\/2014\\\/03\\\/19\\\/dachsanierung-aussen-2\\\/#primaryimage\"},\"thumbnailUrl\":\"http:\\\/\\\/blog.proclima.com\\\/ch\\\/files\\\/2014\\\/03\\\/Abb4_sub-and-top1-300x154.jpg\",\"datePublished\":\"2014-03-19T15:51:04+00:00\",\"dateModified\":\"2014-03-26T19:13:23+00:00\",\"breadcrumb\":{\"@id\":\"https:\\\/\\\/blog.proclima.com\\\/ch\\\/2014\\\/03\\\/19\\\/dachsanierung-aussen-2\\\/#breadcrumb\"},\"inLanguage\":\"de\",\"potentialAction\":[{\"@type\":\"ReadAction\",\"target\":[\"https:\\\/\\\/blog.proclima.com\\\/ch\\\/2014\\\/03\\\/19\\\/dachsanierung-aussen-2\\\/\"]}]},{\"@type\":\"ImageObject\",\"inLanguage\":\"de\",\"@id\":\"https:\\\/\\\/blog.proclima.com\\\/ch\\\/2014\\\/03\\\/19\\\/dachsanierung-aussen-2\\\/#primaryimage\",\"url\":\"http:\\\/\\\/blog.proclima.com\\\/ch\\\/files\\\/2014\\\/03\\\/Abb4_sub-and-top1-300x154.jpg\",\"contentUrl\":\"http:\\\/\\\/blog.proclima.com\\\/ch\\\/files\\\/2014\\\/03\\\/Abb4_sub-and-top1-300x154.jpg\"},{\"@type\":\"BreadcrumbList\",\"@id\":\"https:\\\/\\\/blog.proclima.com\\\/ch\\\/2014\\\/03\\\/19\\\/dachsanierung-aussen-2\\\/#breadcrumb\",\"itemListElement\":[{\"@type\":\"ListItem\",\"position\":1,\"name\":\"Startseite\",\"item\":\"https:\\\/\\\/blog.proclima.com\\\/ch\\\/\"},{\"@type\":\"ListItem\",\"position\":2,\"name\":\"(Serie): Dachsanierung von Aussen: Konzepte zur Verlegung der Luftdichtung \u2013 Teil 2\"}]},{\"@type\":\"WebSite\",\"@id\":\"https:\\\/\\\/blog.proclima.com\\\/ch\\\/#website\",\"url\":\"https:\\\/\\\/blog.proclima.com\\\/ch\\\/\",\"name\":\"pro clima Schweiz\",\"description\":\"das Blog\",\"publisher\":{\"@id\":\"https:\\\/\\\/blog.proclima.com\\\/ch\\\/#organization\"},\"potentialAction\":[{\"@type\":\"SearchAction\",\"target\":{\"@type\":\"EntryPoint\",\"urlTemplate\":\"https:\\\/\\\/blog.proclima.com\\\/ch\\\/?s={search_term_string}\"},\"query-input\":{\"@type\":\"PropertyValueSpecification\",\"valueRequired\":true,\"valueName\":\"search_term_string\"}}],\"inLanguage\":\"de\"},{\"@type\":\"Organization\",\"@id\":\"https:\\\/\\\/blog.proclima.com\\\/ch\\\/#organization\",\"name\":\"pro clima Schweiz\",\"url\":\"https:\\\/\\\/blog.proclima.com\\\/ch\\\/\",\"logo\":{\"@type\":\"ImageObject\",\"inLanguage\":\"de\",\"@id\":\"https:\\\/\\\/blog.proclima.com\\\/ch\\\/#\\\/schema\\\/logo\\\/image\\\/\",\"url\":\"https:\\\/\\\/blog.proclima.com\\\/ch\\\/files\\\/2025\\\/12\\\/logo_proclima_quadrat.png\",\"contentUrl\":\"https:\\\/\\\/blog.proclima.com\\\/ch\\\/files\\\/2025\\\/12\\\/logo_proclima_quadrat.png\",\"width\":1200,\"height\":1200,\"caption\":\"pro clima Schweiz\"},\"image\":{\"@id\":\"https:\\\/\\\/blog.proclima.com\\\/ch\\\/#\\\/schema\\\/logo\\\/image\\\/\"}},{\"@type\":\"Person\",\"@id\":\"https:\\\/\\\/blog.proclima.com\\\/ch\\\/#\\\/schema\\\/person\\\/b3490e20200d5d45b8d56f555ceffc21\",\"name\":\"Heide Merkel\",\"image\":{\"@type\":\"ImageObject\",\"inLanguage\":\"de\",\"@id\":\"https:\\\/\\\/secure.gravatar.com\\\/avatar\\\/a4a1c909701780173c0b7a635fb539f21128c8d654b77311c92e724657788582?s=96&d=blank&r=g\",\"url\":\"https:\\\/\\\/secure.gravatar.com\\\/avatar\\\/a4a1c909701780173c0b7a635fb539f21128c8d654b77311c92e724657788582?s=96&d=blank&r=g\",\"contentUrl\":\"https:\\\/\\\/secure.gravatar.com\\\/avatar\\\/a4a1c909701780173c0b7a635fb539f21128c8d654b77311c92e724657788582?s=96&d=blank&r=g\",\"caption\":\"Heide Merkel\"},\"description\":\"Fachjournalistin, Referentin, Steuerung Presse &amp; Digitale Medien bei Moll bau\u00f6kologische Produkte GmbH (pro clima). Als Japanologin und ausgebildete Redakteurin ist Heide eher zuf\u00e4llig in der Baubranche gelandet. Seit 2011 arbeitet sie f\u00fcr pro clima. Ihr Wissen zu effektiver Kommunikation gibt sie in Seminaren, Artikeln und Vortr\u00e4gen weiter. F\u00fcr den pro clima Blog, proclima.tv und das pro clima Bauradio interviewt sie interessante Menschen aus der Baubranche. Auf\u00a0 luftdichtheit-gepr\u00fcft.de bloggt Heide \u00fcber Leckagen, Luftdichtung und Qualit\u00e4ts\u00fcberpr\u00fcfung mit Blower-Door-Tests. Ihre Freizeit verbringt sie u.a. in den Vogesen, wo sie seit mehr als f\u00fcnf Jahren ein altes Bauernhaus saniert. Ihr neuestes Projekt:\u00a0 www.besser-als-marketing.de Hier gibt es Tipps, wie Unternehmen in der Baubranche ihre Sichtbarkeit erh\u00f6hen k\u00f6nnen. Die ersten Videos sind bereits online im Youtube Channel Wer mehr \u00fcber Heide Merkel erfahren m\u00f6chte, findet sie auf den g\u00e4ngigen Social Media Plattformen.\",\"url\":\"https:\\\/\\\/blog.proclima.com\\\/ch\\\/author\\\/gentner\\\/\"}]}<\/script>\n<!-- \/ Yoast SEO plugin. -->","yoast_head_json":{"title":"(Serie): Dachsanierung von Aussen: Konzepte zur Verlegung der Luftdichtung \u2013 Teil 2  - pro clima Schweiz","robots":{"index":"index","follow":"follow","max-snippet":"max-snippet:-1","max-image-preview":"max-image-preview:large","max-video-preview":"max-video-preview:-1"},"canonical":"https:\/\/blog.proclima.com\/ch\/2014\/03\/19\/dachsanierung-aussen-2\/","og_locale":"de_DE","og_type":"article","og_title":"(Serie): Dachsanierung von Aussen: Konzepte zur Verlegung der Luftdichtung \u2013 Teil 2  - pro clima Schweiz","og_description":"Verschiedene Konzepte zur Verlegung der Luftdichtung \u2013 Von handwerklich anspruchsvoll bei gr\u00f6sster Sicherheit, bis einfach aber ungewohnt 1. Aufwendig &#8211; Die wannenf\u00f6rmige Verlegung der Dampfbremse ...","og_url":"https:\/\/blog.proclima.com\/ch\/2014\/03\/19\/dachsanierung-aussen-2\/","og_site_name":"pro clima Schweiz","article_published_time":"2014-03-19T15:51:04+00:00","article_modified_time":"2014-03-26T19:13:23+00:00","og_image":[{"url":"http:\/\/blog.proclima.com\/ch\/files\/2014\/03\/Abb4_sub-and-top1-300x154.jpg","type":"","width":"","height":""}],"author":"Heide Merkel","twitter_card":"summary_large_image","twitter_misc":{"Verfasst von":"Heide Merkel","Gesch\u00e4tzte Lesezeit":"3\u00a0Minuten"},"schema":{"@context":"https:\/\/schema.org","@graph":[{"@type":"Article","@id":"https:\/\/blog.proclima.com\/ch\/2014\/03\/19\/dachsanierung-aussen-2\/#article","isPartOf":{"@id":"https:\/\/blog.proclima.com\/ch\/2014\/03\/19\/dachsanierung-aussen-2\/"},"author":{"name":"Heide Merkel","@id":"https:\/\/blog.proclima.com\/ch\/#\/schema\/person\/b3490e20200d5d45b8d56f555ceffc21"},"headline":"(Serie): Dachsanierung von Aussen: Konzepte zur Verlegung der Luftdichtung \u2013 Teil 2","datePublished":"2014-03-19T15:51:04+00:00","dateModified":"2014-03-26T19:13:23+00:00","mainEntityOfPage":{"@id":"https:\/\/blog.proclima.com\/ch\/2014\/03\/19\/dachsanierung-aussen-2\/"},"wordCount":669,"commentCount":14,"publisher":{"@id":"https:\/\/blog.proclima.com\/ch\/#organization"},"image":{"@id":"https:\/\/blog.proclima.com\/ch\/2014\/03\/19\/dachsanierung-aussen-2\/#primaryimage"},"thumbnailUrl":"http:\/\/blog.proclima.com\/ch\/files\/2014\/03\/Abb4_sub-and-top1-300x154.jpg","keywords":["Dachsanierung","Dachsanierung von aussen","Verlegung"],"inLanguage":"de","potentialAction":[{"@type":"CommentAction","name":"Comment","target":["https:\/\/blog.proclima.com\/ch\/2014\/03\/19\/dachsanierung-aussen-2\/#respond"]}]},{"@type":"WebPage","@id":"https:\/\/blog.proclima.com\/ch\/2014\/03\/19\/dachsanierung-aussen-2\/","url":"https:\/\/blog.proclima.com\/ch\/2014\/03\/19\/dachsanierung-aussen-2\/","name":"(Serie): Dachsanierung von Aussen: Konzepte zur Verlegung der Luftdichtung \u2013 Teil 2 - pro clima Schweiz","isPartOf":{"@id":"https:\/\/blog.proclima.com\/ch\/#website"},"primaryImageOfPage":{"@id":"https:\/\/blog.proclima.com\/ch\/2014\/03\/19\/dachsanierung-aussen-2\/#primaryimage"},"image":{"@id":"https:\/\/blog.proclima.com\/ch\/2014\/03\/19\/dachsanierung-aussen-2\/#primaryimage"},"thumbnailUrl":"http:\/\/blog.proclima.com\/ch\/files\/2014\/03\/Abb4_sub-and-top1-300x154.jpg","datePublished":"2014-03-19T15:51:04+00:00","dateModified":"2014-03-26T19:13:23+00:00","breadcrumb":{"@id":"https:\/\/blog.proclima.com\/ch\/2014\/03\/19\/dachsanierung-aussen-2\/#breadcrumb"},"inLanguage":"de","potentialAction":[{"@type":"ReadAction","target":["https:\/\/blog.proclima.com\/ch\/2014\/03\/19\/dachsanierung-aussen-2\/"]}]},{"@type":"ImageObject","inLanguage":"de","@id":"https:\/\/blog.proclima.com\/ch\/2014\/03\/19\/dachsanierung-aussen-2\/#primaryimage","url":"http:\/\/blog.proclima.com\/ch\/files\/2014\/03\/Abb4_sub-and-top1-300x154.jpg","contentUrl":"http:\/\/blog.proclima.com\/ch\/files\/2014\/03\/Abb4_sub-and-top1-300x154.jpg"},{"@type":"BreadcrumbList","@id":"https:\/\/blog.proclima.com\/ch\/2014\/03\/19\/dachsanierung-aussen-2\/#breadcrumb","itemListElement":[{"@type":"ListItem","position":1,"name":"Startseite","item":"https:\/\/blog.proclima.com\/ch\/"},{"@type":"ListItem","position":2,"name":"(Serie): Dachsanierung von Aussen: Konzepte zur Verlegung der Luftdichtung \u2013 Teil 2"}]},{"@type":"WebSite","@id":"https:\/\/blog.proclima.com\/ch\/#website","url":"https:\/\/blog.proclima.com\/ch\/","name":"pro clima Schweiz","description":"das Blog","publisher":{"@id":"https:\/\/blog.proclima.com\/ch\/#organization"},"potentialAction":[{"@type":"SearchAction","target":{"@type":"EntryPoint","urlTemplate":"https:\/\/blog.proclima.com\/ch\/?s={search_term_string}"},"query-input":{"@type":"PropertyValueSpecification","valueRequired":true,"valueName":"search_term_string"}}],"inLanguage":"de"},{"@type":"Organization","@id":"https:\/\/blog.proclima.com\/ch\/#organization","name":"pro clima Schweiz","url":"https:\/\/blog.proclima.com\/ch\/","logo":{"@type":"ImageObject","inLanguage":"de","@id":"https:\/\/blog.proclima.com\/ch\/#\/schema\/logo\/image\/","url":"https:\/\/blog.proclima.com\/ch\/files\/2025\/12\/logo_proclima_quadrat.png","contentUrl":"https:\/\/blog.proclima.com\/ch\/files\/2025\/12\/logo_proclima_quadrat.png","width":1200,"height":1200,"caption":"pro clima Schweiz"},"image":{"@id":"https:\/\/blog.proclima.com\/ch\/#\/schema\/logo\/image\/"}},{"@type":"Person","@id":"https:\/\/blog.proclima.com\/ch\/#\/schema\/person\/b3490e20200d5d45b8d56f555ceffc21","name":"Heide Merkel","image":{"@type":"ImageObject","inLanguage":"de","@id":"https:\/\/secure.gravatar.com\/avatar\/a4a1c909701780173c0b7a635fb539f21128c8d654b77311c92e724657788582?s=96&d=blank&r=g","url":"https:\/\/secure.gravatar.com\/avatar\/a4a1c909701780173c0b7a635fb539f21128c8d654b77311c92e724657788582?s=96&d=blank&r=g","contentUrl":"https:\/\/secure.gravatar.com\/avatar\/a4a1c909701780173c0b7a635fb539f21128c8d654b77311c92e724657788582?s=96&d=blank&r=g","caption":"Heide Merkel"},"description":"Fachjournalistin, Referentin, Steuerung Presse &amp; Digitale Medien bei Moll bau\u00f6kologische Produkte GmbH (pro clima). Als Japanologin und ausgebildete Redakteurin ist Heide eher zuf\u00e4llig in der Baubranche gelandet. Seit 2011 arbeitet sie f\u00fcr pro clima. Ihr Wissen zu effektiver Kommunikation gibt sie in Seminaren, Artikeln und Vortr\u00e4gen weiter. F\u00fcr den pro clima Blog, proclima.tv und das pro clima Bauradio interviewt sie interessante Menschen aus der Baubranche. Auf\u00a0 luftdichtheit-gepr\u00fcft.de bloggt Heide \u00fcber Leckagen, Luftdichtung und Qualit\u00e4ts\u00fcberpr\u00fcfung mit Blower-Door-Tests. Ihre Freizeit verbringt sie u.a. in den Vogesen, wo sie seit mehr als f\u00fcnf Jahren ein altes Bauernhaus saniert. Ihr neuestes Projekt:\u00a0 www.besser-als-marketing.de Hier gibt es Tipps, wie Unternehmen in der Baubranche ihre Sichtbarkeit erh\u00f6hen k\u00f6nnen. Die ersten Videos sind bereits online im Youtube Channel Wer mehr \u00fcber Heide Merkel erfahren m\u00f6chte, findet sie auf den g\u00e4ngigen Social Media Plattformen.","url":"https:\/\/blog.proclima.com\/ch\/author\/gentner\/"}]}},"_links":{"self":[{"href":"https:\/\/blog.proclima.com\/ch\/wp-json\/wp\/v2\/posts\/1102","targetHints":{"allow":["GET"]}}],"collection":[{"href":"https:\/\/blog.proclima.com\/ch\/wp-json\/wp\/v2\/posts"}],"about":[{"href":"https:\/\/blog.proclima.com\/ch\/wp-json\/wp\/v2\/types\/post"}],"author":[{"embeddable":true,"href":"https:\/\/blog.proclima.com\/ch\/wp-json\/wp\/v2\/users\/18"}],"replies":[{"embeddable":true,"href":"https:\/\/blog.proclima.com\/ch\/wp-json\/wp\/v2\/comments?post=1102"}],"version-history":[{"count":15,"href":"https:\/\/blog.proclima.com\/ch\/wp-json\/wp\/v2\/posts\/1102\/revisions"}],"predecessor-version":[{"id":1166,"href":"https:\/\/blog.proclima.com\/ch\/wp-json\/wp\/v2\/posts\/1102\/revisions\/1166"}],"wp:attachment":[{"href":"https:\/\/blog.proclima.com\/ch\/wp-json\/wp\/v2\/media?parent=1102"}],"wp:term":[{"taxonomy":"category","embeddable":true,"href":"https:\/\/blog.proclima.com\/ch\/wp-json\/wp\/v2\/categories?post=1102"},{"taxonomy":"post_tag","embeddable":true,"href":"https:\/\/blog.proclima.com\/ch\/wp-json\/wp\/v2\/tags?post=1102"}],"curies":[{"name":"wp","href":"https:\/\/api.w.org\/{rel}","templated":true}]}}