
{"id":1022,"date":"2014-01-15T12:23:03","date_gmt":"2014-01-15T11:23:03","guid":{"rendered":"http:\/\/blog.proclima.com\/ch\/?p=1022"},"modified":"2014-01-15T12:23:03","modified_gmt":"2014-01-15T11:23:03","slug":"oekowohnbox-3","status":"publish","type":"post","link":"https:\/\/blog.proclima.com\/ch\/2014\/01\/15\/oekowohnbox-3\/","title":{"rendered":"\u00d6kowohnbox: Nominierung f\u00fcr Nachhaltigkeitspreis"},"content":{"rendered":"<p><a href=\"http:\/\/blog.proclima.com\/ch\/files\/2014\/01\/2_oeowohnbox.jpg\"><img loading=\"lazy\" decoding=\"async\" data-size=\"1024x575\" class=\"alignleft size-medium wp-image-1023\" alt=\"2_oeowohnbox\" src=\"http:\/\/blog.proclima.com\/ch\/files\/2014\/01\/2_oeowohnbox-300x168.jpg\" width=\"300\" height=\"168\" srcset=\"https:\/\/blog.proclima.com\/ch\/files\/2014\/01\/2_oeowohnbox-300x168.jpg 300w, https:\/\/blog.proclima.com\/ch\/files\/2014\/01\/2_oeowohnbox.jpg 1024w\" sizes=\"auto, (max-width: 300px) 100vw, 300px\" \/><\/a>Die von uns gesponserte<a href=\"http:\/\/blog.proclima.com\/de\/2013\/05\/oekowohnbox-ch-2\/\" target=\"_blank\"> \u00d6kowohnbox<\/a> wurde f\u00fcr den Nachhaltigkeitspreis nominiert:<\/p>\n<p>Dazu eine Info von Tanja Schindler der Initiatorin der \u00d6kowohnbox:<\/p>\n<p>&#8222;Liebe Sponsoren und Unterst\u00fctzer des Projektes \u00d6kowohnbox<br \/>\nMit viel Freude, darf ich Ihnen mitteilen,dass das Projekt \u00d6kowohnbox<br \/>\nf\u00fcr den diesjahrigen Nachhaltigkeitspreis nominiert wurden.<br \/>\nDie zwei Projekte, die am meissten Punkte beim Internetvoting sammeln,<br \/>\nkommen vor die Jury, die dann den Gewinner bestimmen.<\/p>\n<p>Klicken Sie also auf folgenden Link und unterst\u00fctzen Sie das Projekt:<br \/>\n<a href=\"http:\/\/www.eco-gala.ch\/prix-eco-swisscanto\/generation-zukunft\/\" target=\"_blank\">http:\/\/www.eco-gala.ch\/prix-eco-swisscanto\/generation-zukunft\/<\/a><br \/>\nIch freue mich wenn alle mithelfen soviel Punkte wie m\u00f6glich zu<br \/>\nsammeln. Schicken Sie doch das Mail an Freunde und Verwandte weiter.<br \/>\nJe mehr, je besser!<br \/>\n<!--more--><br \/>\nVielen Dank f\u00fcr die Unterst\u00fctzung!<\/p>\n<p>Herzliche Gr\u00fcsse<br \/>\nTanja Schindler<\/p>\n<p>Projektleitung<\/p>\n","protected":false},"excerpt":{"rendered":"<p>Die von uns gesponserte \u00d6kowohnbox wurde f\u00fcr den Nachhaltigkeitspreis nominiert: Dazu eine Info von Tanja Schindler der Initiatorin der \u00d6kowohnbox: &#8222;Liebe Sponsoren und Unterst\u00fctzer des <a href=\"https:\/\/blog.proclima.com\/ch\/2014\/01\/15\/oekowohnbox-3\/\" rel=\"bookmark\">&#8230;<\/a><\/p>\n","protected":false},"author":18,"featured_media":0,"comment_status":"open","ping_status":"open","sticky":false,"template":"","format":"standard","meta":{"footnotes":""},"categories":[1],"tags":[241],"class_list":["post-1022","post","type-post","status-publish","format-standard","hentry","category-allgemein","tag-okowohnbox"],"yoast_head":"<!-- This site is optimized with the Yoast SEO plugin v27.5 - https:\/\/yoast.com\/product\/yoast-seo-wordpress\/ -->\n<title>\u00d6kowohnbox: Nominierung f\u00fcr Nachhaltigkeitspreis - pro clima Schweiz<\/title>\n<meta name=\"robots\" content=\"index, follow, max-snippet:-1, max-image-preview:large, max-video-preview:-1\" \/>\n<link rel=\"canonical\" href=\"https:\/\/blog.proclima.com\/ch\/2014\/01\/15\/oekowohnbox-3\/\" \/>\n<meta property=\"og:locale\" content=\"de_DE\" \/>\n<meta property=\"og:type\" content=\"article\" \/>\n<meta property=\"og:title\" content=\"\u00d6kowohnbox: Nominierung f\u00fcr Nachhaltigkeitspreis - pro clima Schweiz\" \/>\n<meta property=\"og:description\" content=\"Die von uns gesponserte \u00d6kowohnbox wurde f\u00fcr den Nachhaltigkeitspreis nominiert: Dazu eine Info von Tanja Schindler der Initiatorin der \u00d6kowohnbox: &#8222;Liebe Sponsoren und Unterst\u00fctzer des ...\" \/>\n<meta property=\"og:url\" content=\"https:\/\/blog.proclima.com\/ch\/2014\/01\/15\/oekowohnbox-3\/\" \/>\n<meta property=\"og:site_name\" content=\"pro clima Schweiz\" \/>\n<meta property=\"article:published_time\" content=\"2014-01-15T11:23:03+00:00\" \/>\n<meta property=\"og:image\" content=\"http:\/\/blog.proclima.com\/ch\/files\/2014\/01\/2_oeowohnbox-300x168.jpg\" \/>\n<meta name=\"author\" content=\"Heide Merkel\" \/>\n<meta name=\"twitter:card\" content=\"summary_large_image\" \/>\n<meta name=\"twitter:label1\" content=\"Verfasst von\" \/>\n\t<meta name=\"twitter:data1\" content=\"Heide Merkel\" \/>\n\t<meta name=\"twitter:label2\" content=\"Gesch\u00e4tzte Lesezeit\" \/>\n\t<meta name=\"twitter:data2\" content=\"1\u00a0Minute\" \/>\n<script type=\"application\/ld+json\" class=\"yoast-schema-graph\">{\"@context\":\"https:\\\/\\\/schema.org\",\"@graph\":[{\"@type\":\"Article\",\"@id\":\"https:\\\/\\\/blog.proclima.com\\\/ch\\\/2014\\\/01\\\/15\\\/oekowohnbox-3\\\/#article\",\"isPartOf\":{\"@id\":\"https:\\\/\\\/blog.proclima.com\\\/ch\\\/2014\\\/01\\\/15\\\/oekowohnbox-3\\\/\"},\"author\":{\"name\":\"Heide Merkel\",\"@id\":\"https:\\\/\\\/blog.proclima.com\\\/ch\\\/#\\\/schema\\\/person\\\/b3490e20200d5d45b8d56f555ceffc21\"},\"headline\":\"\u00d6kowohnbox: Nominierung f\u00fcr Nachhaltigkeitspreis\",\"datePublished\":\"2014-01-15T11:23:03+00:00\",\"mainEntityOfPage\":{\"@id\":\"https:\\\/\\\/blog.proclima.com\\\/ch\\\/2014\\\/01\\\/15\\\/oekowohnbox-3\\\/\"},\"wordCount\":129,\"commentCount\":0,\"publisher\":{\"@id\":\"https:\\\/\\\/blog.proclima.com\\\/ch\\\/#organization\"},\"image\":{\"@id\":\"https:\\\/\\\/blog.proclima.com\\\/ch\\\/2014\\\/01\\\/15\\\/oekowohnbox-3\\\/#primaryimage\"},\"thumbnailUrl\":\"http:\\\/\\\/blog.proclima.com\\\/ch\\\/files\\\/2014\\\/01\\\/2_oeowohnbox-300x168.jpg\",\"keywords\":[\"\u00d6kowohnbox\"],\"inLanguage\":\"de\",\"potentialAction\":[{\"@type\":\"CommentAction\",\"name\":\"Comment\",\"target\":[\"https:\\\/\\\/blog.proclima.com\\\/ch\\\/2014\\\/01\\\/15\\\/oekowohnbox-3\\\/#respond\"]}]},{\"@type\":\"WebPage\",\"@id\":\"https:\\\/\\\/blog.proclima.com\\\/ch\\\/2014\\\/01\\\/15\\\/oekowohnbox-3\\\/\",\"url\":\"https:\\\/\\\/blog.proclima.com\\\/ch\\\/2014\\\/01\\\/15\\\/oekowohnbox-3\\\/\",\"name\":\"\u00d6kowohnbox: Nominierung f\u00fcr Nachhaltigkeitspreis - pro clima Schweiz\",\"isPartOf\":{\"@id\":\"https:\\\/\\\/blog.proclima.com\\\/ch\\\/#website\"},\"primaryImageOfPage\":{\"@id\":\"https:\\\/\\\/blog.proclima.com\\\/ch\\\/2014\\\/01\\\/15\\\/oekowohnbox-3\\\/#primaryimage\"},\"image\":{\"@id\":\"https:\\\/\\\/blog.proclima.com\\\/ch\\\/2014\\\/01\\\/15\\\/oekowohnbox-3\\\/#primaryimage\"},\"thumbnailUrl\":\"http:\\\/\\\/blog.proclima.com\\\/ch\\\/files\\\/2014\\\/01\\\/2_oeowohnbox-300x168.jpg\",\"datePublished\":\"2014-01-15T11:23:03+00:00\",\"breadcrumb\":{\"@id\":\"https:\\\/\\\/blog.proclima.com\\\/ch\\\/2014\\\/01\\\/15\\\/oekowohnbox-3\\\/#breadcrumb\"},\"inLanguage\":\"de\",\"potentialAction\":[{\"@type\":\"ReadAction\",\"target\":[\"https:\\\/\\\/blog.proclima.com\\\/ch\\\/2014\\\/01\\\/15\\\/oekowohnbox-3\\\/\"]}]},{\"@type\":\"ImageObject\",\"inLanguage\":\"de\",\"@id\":\"https:\\\/\\\/blog.proclima.com\\\/ch\\\/2014\\\/01\\\/15\\\/oekowohnbox-3\\\/#primaryimage\",\"url\":\"http:\\\/\\\/blog.proclima.com\\\/ch\\\/files\\\/2014\\\/01\\\/2_oeowohnbox-300x168.jpg\",\"contentUrl\":\"http:\\\/\\\/blog.proclima.com\\\/ch\\\/files\\\/2014\\\/01\\\/2_oeowohnbox-300x168.jpg\"},{\"@type\":\"BreadcrumbList\",\"@id\":\"https:\\\/\\\/blog.proclima.com\\\/ch\\\/2014\\\/01\\\/15\\\/oekowohnbox-3\\\/#breadcrumb\",\"itemListElement\":[{\"@type\":\"ListItem\",\"position\":1,\"name\":\"Startseite\",\"item\":\"https:\\\/\\\/blog.proclima.com\\\/ch\\\/\"},{\"@type\":\"ListItem\",\"position\":2,\"name\":\"\u00d6kowohnbox: Nominierung f\u00fcr Nachhaltigkeitspreis\"}]},{\"@type\":\"WebSite\",\"@id\":\"https:\\\/\\\/blog.proclima.com\\\/ch\\\/#website\",\"url\":\"https:\\\/\\\/blog.proclima.com\\\/ch\\\/\",\"name\":\"pro clima Schweiz\",\"description\":\"das Blog\",\"publisher\":{\"@id\":\"https:\\\/\\\/blog.proclima.com\\\/ch\\\/#organization\"},\"potentialAction\":[{\"@type\":\"SearchAction\",\"target\":{\"@type\":\"EntryPoint\",\"urlTemplate\":\"https:\\\/\\\/blog.proclima.com\\\/ch\\\/?s={search_term_string}\"},\"query-input\":{\"@type\":\"PropertyValueSpecification\",\"valueRequired\":true,\"valueName\":\"search_term_string\"}}],\"inLanguage\":\"de\"},{\"@type\":\"Organization\",\"@id\":\"https:\\\/\\\/blog.proclima.com\\\/ch\\\/#organization\",\"name\":\"pro clima Schweiz\",\"url\":\"https:\\\/\\\/blog.proclima.com\\\/ch\\\/\",\"logo\":{\"@type\":\"ImageObject\",\"inLanguage\":\"de\",\"@id\":\"https:\\\/\\\/blog.proclima.com\\\/ch\\\/#\\\/schema\\\/logo\\\/image\\\/\",\"url\":\"https:\\\/\\\/blog.proclima.com\\\/ch\\\/files\\\/2025\\\/12\\\/logo_proclima_quadrat.png\",\"contentUrl\":\"https:\\\/\\\/blog.proclima.com\\\/ch\\\/files\\\/2025\\\/12\\\/logo_proclima_quadrat.png\",\"width\":1200,\"height\":1200,\"caption\":\"pro clima Schweiz\"},\"image\":{\"@id\":\"https:\\\/\\\/blog.proclima.com\\\/ch\\\/#\\\/schema\\\/logo\\\/image\\\/\"}},{\"@type\":\"Person\",\"@id\":\"https:\\\/\\\/blog.proclima.com\\\/ch\\\/#\\\/schema\\\/person\\\/b3490e20200d5d45b8d56f555ceffc21\",\"name\":\"Heide Merkel\",\"image\":{\"@type\":\"ImageObject\",\"inLanguage\":\"de\",\"@id\":\"https:\\\/\\\/secure.gravatar.com\\\/avatar\\\/a4a1c909701780173c0b7a635fb539f21128c8d654b77311c92e724657788582?s=96&d=blank&r=g\",\"url\":\"https:\\\/\\\/secure.gravatar.com\\\/avatar\\\/a4a1c909701780173c0b7a635fb539f21128c8d654b77311c92e724657788582?s=96&d=blank&r=g\",\"contentUrl\":\"https:\\\/\\\/secure.gravatar.com\\\/avatar\\\/a4a1c909701780173c0b7a635fb539f21128c8d654b77311c92e724657788582?s=96&d=blank&r=g\",\"caption\":\"Heide Merkel\"},\"description\":\"Fachjournalistin, Referentin, Steuerung Presse &amp; Digitale Medien bei Moll bau\u00f6kologische Produkte GmbH (pro clima). Als Japanologin und ausgebildete Redakteurin ist Heide eher zuf\u00e4llig in der Baubranche gelandet. Seit 2011 arbeitet sie f\u00fcr pro clima. Ihr Wissen zu effektiver Kommunikation gibt sie in Seminaren, Artikeln und Vortr\u00e4gen weiter. F\u00fcr den pro clima Blog, proclima.tv und das pro clima Bauradio interviewt sie interessante Menschen aus der Baubranche. Auf\u00a0 luftdichtheit-gepr\u00fcft.de bloggt Heide \u00fcber Leckagen, Luftdichtung und Qualit\u00e4ts\u00fcberpr\u00fcfung mit Blower-Door-Tests. Ihre Freizeit verbringt sie u.a. in den Vogesen, wo sie seit mehr als f\u00fcnf Jahren ein altes Bauernhaus saniert. Ihr neuestes Projekt:\u00a0 www.besser-als-marketing.de Hier gibt es Tipps, wie Unternehmen in der Baubranche ihre Sichtbarkeit erh\u00f6hen k\u00f6nnen. Die ersten Videos sind bereits online im Youtube Channel Wer mehr \u00fcber Heide Merkel erfahren m\u00f6chte, findet sie auf den g\u00e4ngigen Social Media Plattformen.\",\"url\":\"https:\\\/\\\/blog.proclima.com\\\/ch\\\/author\\\/gentner\\\/\"}]}<\/script>\n<!-- \/ Yoast SEO plugin. -->","yoast_head_json":{"title":"\u00d6kowohnbox: Nominierung f\u00fcr Nachhaltigkeitspreis - pro clima Schweiz","robots":{"index":"index","follow":"follow","max-snippet":"max-snippet:-1","max-image-preview":"max-image-preview:large","max-video-preview":"max-video-preview:-1"},"canonical":"https:\/\/blog.proclima.com\/ch\/2014\/01\/15\/oekowohnbox-3\/","og_locale":"de_DE","og_type":"article","og_title":"\u00d6kowohnbox: Nominierung f\u00fcr Nachhaltigkeitspreis - pro clima Schweiz","og_description":"Die von uns gesponserte \u00d6kowohnbox wurde f\u00fcr den Nachhaltigkeitspreis nominiert: Dazu eine Info von Tanja Schindler der Initiatorin der \u00d6kowohnbox: &#8222;Liebe Sponsoren und Unterst\u00fctzer des ...","og_url":"https:\/\/blog.proclima.com\/ch\/2014\/01\/15\/oekowohnbox-3\/","og_site_name":"pro clima Schweiz","article_published_time":"2014-01-15T11:23:03+00:00","og_image":[{"url":"http:\/\/blog.proclima.com\/ch\/files\/2014\/01\/2_oeowohnbox-300x168.jpg","type":"","width":"","height":""}],"author":"Heide Merkel","twitter_card":"summary_large_image","twitter_misc":{"Verfasst von":"Heide Merkel","Gesch\u00e4tzte Lesezeit":"1\u00a0Minute"},"schema":{"@context":"https:\/\/schema.org","@graph":[{"@type":"Article","@id":"https:\/\/blog.proclima.com\/ch\/2014\/01\/15\/oekowohnbox-3\/#article","isPartOf":{"@id":"https:\/\/blog.proclima.com\/ch\/2014\/01\/15\/oekowohnbox-3\/"},"author":{"name":"Heide Merkel","@id":"https:\/\/blog.proclima.com\/ch\/#\/schema\/person\/b3490e20200d5d45b8d56f555ceffc21"},"headline":"\u00d6kowohnbox: Nominierung f\u00fcr Nachhaltigkeitspreis","datePublished":"2014-01-15T11:23:03+00:00","mainEntityOfPage":{"@id":"https:\/\/blog.proclima.com\/ch\/2014\/01\/15\/oekowohnbox-3\/"},"wordCount":129,"commentCount":0,"publisher":{"@id":"https:\/\/blog.proclima.com\/ch\/#organization"},"image":{"@id":"https:\/\/blog.proclima.com\/ch\/2014\/01\/15\/oekowohnbox-3\/#primaryimage"},"thumbnailUrl":"http:\/\/blog.proclima.com\/ch\/files\/2014\/01\/2_oeowohnbox-300x168.jpg","keywords":["\u00d6kowohnbox"],"inLanguage":"de","potentialAction":[{"@type":"CommentAction","name":"Comment","target":["https:\/\/blog.proclima.com\/ch\/2014\/01\/15\/oekowohnbox-3\/#respond"]}]},{"@type":"WebPage","@id":"https:\/\/blog.proclima.com\/ch\/2014\/01\/15\/oekowohnbox-3\/","url":"https:\/\/blog.proclima.com\/ch\/2014\/01\/15\/oekowohnbox-3\/","name":"\u00d6kowohnbox: Nominierung f\u00fcr Nachhaltigkeitspreis - pro clima Schweiz","isPartOf":{"@id":"https:\/\/blog.proclima.com\/ch\/#website"},"primaryImageOfPage":{"@id":"https:\/\/blog.proclima.com\/ch\/2014\/01\/15\/oekowohnbox-3\/#primaryimage"},"image":{"@id":"https:\/\/blog.proclima.com\/ch\/2014\/01\/15\/oekowohnbox-3\/#primaryimage"},"thumbnailUrl":"http:\/\/blog.proclima.com\/ch\/files\/2014\/01\/2_oeowohnbox-300x168.jpg","datePublished":"2014-01-15T11:23:03+00:00","breadcrumb":{"@id":"https:\/\/blog.proclima.com\/ch\/2014\/01\/15\/oekowohnbox-3\/#breadcrumb"},"inLanguage":"de","potentialAction":[{"@type":"ReadAction","target":["https:\/\/blog.proclima.com\/ch\/2014\/01\/15\/oekowohnbox-3\/"]}]},{"@type":"ImageObject","inLanguage":"de","@id":"https:\/\/blog.proclima.com\/ch\/2014\/01\/15\/oekowohnbox-3\/#primaryimage","url":"http:\/\/blog.proclima.com\/ch\/files\/2014\/01\/2_oeowohnbox-300x168.jpg","contentUrl":"http:\/\/blog.proclima.com\/ch\/files\/2014\/01\/2_oeowohnbox-300x168.jpg"},{"@type":"BreadcrumbList","@id":"https:\/\/blog.proclima.com\/ch\/2014\/01\/15\/oekowohnbox-3\/#breadcrumb","itemListElement":[{"@type":"ListItem","position":1,"name":"Startseite","item":"https:\/\/blog.proclima.com\/ch\/"},{"@type":"ListItem","position":2,"name":"\u00d6kowohnbox: Nominierung f\u00fcr Nachhaltigkeitspreis"}]},{"@type":"WebSite","@id":"https:\/\/blog.proclima.com\/ch\/#website","url":"https:\/\/blog.proclima.com\/ch\/","name":"pro clima Schweiz","description":"das Blog","publisher":{"@id":"https:\/\/blog.proclima.com\/ch\/#organization"},"potentialAction":[{"@type":"SearchAction","target":{"@type":"EntryPoint","urlTemplate":"https:\/\/blog.proclima.com\/ch\/?s={search_term_string}"},"query-input":{"@type":"PropertyValueSpecification","valueRequired":true,"valueName":"search_term_string"}}],"inLanguage":"de"},{"@type":"Organization","@id":"https:\/\/blog.proclima.com\/ch\/#organization","name":"pro clima Schweiz","url":"https:\/\/blog.proclima.com\/ch\/","logo":{"@type":"ImageObject","inLanguage":"de","@id":"https:\/\/blog.proclima.com\/ch\/#\/schema\/logo\/image\/","url":"https:\/\/blog.proclima.com\/ch\/files\/2025\/12\/logo_proclima_quadrat.png","contentUrl":"https:\/\/blog.proclima.com\/ch\/files\/2025\/12\/logo_proclima_quadrat.png","width":1200,"height":1200,"caption":"pro clima Schweiz"},"image":{"@id":"https:\/\/blog.proclima.com\/ch\/#\/schema\/logo\/image\/"}},{"@type":"Person","@id":"https:\/\/blog.proclima.com\/ch\/#\/schema\/person\/b3490e20200d5d45b8d56f555ceffc21","name":"Heide Merkel","image":{"@type":"ImageObject","inLanguage":"de","@id":"https:\/\/secure.gravatar.com\/avatar\/a4a1c909701780173c0b7a635fb539f21128c8d654b77311c92e724657788582?s=96&d=blank&r=g","url":"https:\/\/secure.gravatar.com\/avatar\/a4a1c909701780173c0b7a635fb539f21128c8d654b77311c92e724657788582?s=96&d=blank&r=g","contentUrl":"https:\/\/secure.gravatar.com\/avatar\/a4a1c909701780173c0b7a635fb539f21128c8d654b77311c92e724657788582?s=96&d=blank&r=g","caption":"Heide Merkel"},"description":"Fachjournalistin, Referentin, Steuerung Presse &amp; Digitale Medien bei Moll bau\u00f6kologische Produkte GmbH (pro clima). Als Japanologin und ausgebildete Redakteurin ist Heide eher zuf\u00e4llig in der Baubranche gelandet. Seit 2011 arbeitet sie f\u00fcr pro clima. Ihr Wissen zu effektiver Kommunikation gibt sie in Seminaren, Artikeln und Vortr\u00e4gen weiter. F\u00fcr den pro clima Blog, proclima.tv und das pro clima Bauradio interviewt sie interessante Menschen aus der Baubranche. Auf\u00a0 luftdichtheit-gepr\u00fcft.de bloggt Heide \u00fcber Leckagen, Luftdichtung und Qualit\u00e4ts\u00fcberpr\u00fcfung mit Blower-Door-Tests. Ihre Freizeit verbringt sie u.a. in den Vogesen, wo sie seit mehr als f\u00fcnf Jahren ein altes Bauernhaus saniert. Ihr neuestes Projekt:\u00a0 www.besser-als-marketing.de Hier gibt es Tipps, wie Unternehmen in der Baubranche ihre Sichtbarkeit erh\u00f6hen k\u00f6nnen. Die ersten Videos sind bereits online im Youtube Channel Wer mehr \u00fcber Heide Merkel erfahren m\u00f6chte, findet sie auf den g\u00e4ngigen Social Media Plattformen.","url":"https:\/\/blog.proclima.com\/ch\/author\/gentner\/"}]}},"_links":{"self":[{"href":"https:\/\/blog.proclima.com\/ch\/wp-json\/wp\/v2\/posts\/1022","targetHints":{"allow":["GET"]}}],"collection":[{"href":"https:\/\/blog.proclima.com\/ch\/wp-json\/wp\/v2\/posts"}],"about":[{"href":"https:\/\/blog.proclima.com\/ch\/wp-json\/wp\/v2\/types\/post"}],"author":[{"embeddable":true,"href":"https:\/\/blog.proclima.com\/ch\/wp-json\/wp\/v2\/users\/18"}],"replies":[{"embeddable":true,"href":"https:\/\/blog.proclima.com\/ch\/wp-json\/wp\/v2\/comments?post=1022"}],"version-history":[{"count":1,"href":"https:\/\/blog.proclima.com\/ch\/wp-json\/wp\/v2\/posts\/1022\/revisions"}],"predecessor-version":[{"id":1024,"href":"https:\/\/blog.proclima.com\/ch\/wp-json\/wp\/v2\/posts\/1022\/revisions\/1024"}],"wp:attachment":[{"href":"https:\/\/blog.proclima.com\/ch\/wp-json\/wp\/v2\/media?parent=1022"}],"wp:term":[{"taxonomy":"category","embeddable":true,"href":"https:\/\/blog.proclima.com\/ch\/wp-json\/wp\/v2\/categories?post=1022"},{"taxonomy":"post_tag","embeddable":true,"href":"https:\/\/blog.proclima.com\/ch\/wp-json\/wp\/v2\/tags?post=1022"}],"curies":[{"name":"wp","href":"https:\/\/api.w.org\/{rel}","templated":true}]}}